{"id":261106,"date":"2025-08-01T19:26:12","date_gmt":"2025-08-01T16:26:12","guid":{"rendered":"https:\/\/vof-news.eu\/atomkraft-befurworter-wollen-beim-ard-sommerinterview-gegen-grunen-chef-protestieren\/"},"modified":"2025-08-01T19:26:39","modified_gmt":"2025-08-01T16:26:39","slug":"atomkraft-befurworter-wollen-beim-ard-sommerinterview-gegen-grunen-chef-protestieren","status":"publish","type":"post","link":"https:\/\/vof-news.eu\/de\/atomkraft-befurworter-wollen-beim-ard-sommerinterview-gegen-grunen-chef-protestieren\/","title":{"rendered":"Atomkraft-Bef\u00fcrworter wollen beim ARD-Sommerinterview gegen Gr\u00fcnen-Chef protestieren"},"content":{"rendered":"<p>Das \u201eSommerinterview\u201c der ARD mit der Vorsitzenden der gr\u00f6\u00dften Oppositionspartei im Deutschen Bundestag, Alice Weidel, hatte am 20. Juli f\u00fcr Schlagzeilen gesorgt \u2013 nicht unbedingt wegen des Inhalts, sondern wegen der \u00e4u\u00dferen Umst\u00e4nde. Eine Gruppe politischer Aktivisten namens \u201eZentrum f\u00fcr Politische Sch\u00f6nheit\u201c hatte einen Lautsprecher-Bus vor der Terrasse des Marie-Elisabeth-L\u00fcders-Hauses am Bundestag geparkt. Sie st\u00f6rten die TV-Aufzeichnung mit lautstark \u00fcbertragenen Schm\u00e4hliedern, Trillerpfeifen und Sprechch\u00f6ren. So laut war der Ger\u00e4uschpegel, dass Weidel ihren Interviewer mehrfach kaum verstehen konnte und nachfragen musste. Gesendet wurde das Interview trotzdem. <\/p>\n<p>Diese Aktion findet am Sonntagnachmittag wom\u00f6glich Nachahmer, wenn sich der Bundesvorsitzende von B\u00fcndnis90\/Die Gr\u00fcnen, Felix Banaszak, in diesem Interview-Format den Fragen von Matthias Dei\u00df stellt, dem stellvertretenden Studioleiter und Chefredakteur Fernsehen im ARD-Hauptstadtstudio. Jedenfalls wurden am Ort der Aufzeichnung an der Paul-L\u00f6be-Allee gleich zwei Demonstrationen angemeldet, best\u00e4tigt die Berliner Polizei gegen\u00fcber WELT.<\/p>\n<p>Das St\u00f6rpotenzial der einen Gruppe d\u00fcrfte begrenzt sein: So hat der Pro-Atomkraft-Verein \u201e<a class=\"is-link c-block-items__link c-link--rich-text-renderer\" data-internal-tracking='{\"action\":\"click\",\"label\":\"link\",\"name\":\"Inline Element\",\"data\":{\"source\":\"\",\"target\":\"https:\/\/www.welt.de\/politik\/deutschland\/article244766586\/Markus-Soeder-Letztes-Wort-bei-Kernenergie-noch-nicht-gesprochen.html\",\"trackingName\":\"\",\"trackingLabel\":\"\"}}' data-internal-tracking-enabled=\"true\" href=\"https:\/\/www.welt.de\/politik\/deutschland\/article244766586\/Markus-Soeder-Letztes-Wort-bei-Kernenergie-noch-nicht-gesprochen.html\">Nuklearia<\/a>\u201c nur sechs Personen angemeldet: \u201eWir protestieren f\u00fcr die Wiedereinf\u00fchrung der Kernkraft in Deutschland aus Gr\u00fcnden des Umweltschutzes und der sicheren, g\u00fcnstigen Energieversorgung\u201c, hei\u00dft es im Demo-Aufruf. Ein Sprecher des Vereins versicherte auf Nachfrage von WELT, dass keine akustische St\u00f6rung mit Lautsprechern oder Megaphonen geplant sei. Allerdings habe man das Ziel, die Demo-Transparente \u201eim Blickwinkel der Fernsehkameras\u201c zu platzieren.<\/p>\n<p>Mit welchen Mitteln die andere Protestgruppe arbeiten will, ist unklar. Laut Berliner Polizei wurde ein offenbar satirischer Grund f\u00fcr die Demonstration genannt: \u201eMehr Demogeld f\u00fcr Antifa-Demonstrant*innen.\u201c Gefordert wird die \u201ezus\u00e4tzliche \u00dcbernahme aller Auslagen (Anreisekosten, Verpflegung, Verdienstausfall, Kinderbetreuung, Kundgebungsmittel)\u201c sowie eine \u201ej\u00e4hrliche Anpassung in H\u00f6he der Steigerung der Lebenshaltungskosten.\u201c<\/p>\n<p>Die im Meldeformular suggerierte Existenz eines \u201eDemogeldes\u201c, mit dem linke Demonstranten angeblich entlohnt w\u00fcrden f\u00fcr ihren Protest, wird in sozialen Medien immer wieder verbreitet und satirisch zitiert, es handelt sich aber um eine Verschw\u00f6rungstheorie ohne jede reale Grundlage.<\/p>\n<p>Doch nach Angaben des Bundesinnenministeriums wurden f\u00fcr diese Demonstration \u201ebis zu 100 Personen\u201c angemeldet. Die Versammlung wurde nach Informationen von WELT am Freitagnachmittag auch genehmigt. Zu den amtlichen Stellen, die \u00fcber ein Demo-Verbot zu befinden haben, geh\u00f6ren neben dem Bundesinnenministerium auch das Land Berlin und das Pr\u00e4sidium des Bundestags.   <\/p>\n<p>Die Beh\u00f6rden d\u00fcrften durch den Pr\u00e4zedenzfall des Weidel-Interviews allerdings  unter einem gewissen Genehmigungsdruck gestanden haben. Nachdem die Polizei gegen die St\u00f6rer des AfD-Interviews erst relativ sp\u00e4t, nach rund 30 Minuten vorgegangen ist, w\u00fcrde sie sich dem Vorwurf der Ungleichbehandlung aussetzen, wenn sie St\u00f6raktionen gegen den Gr\u00fcnen-Chef von vornherein verbieten oder sofort kompromisslos unterbinden w\u00fcrden. <\/p>\n<p>Obwohl die Demonstrationen in dem fr\u00fcher als \u201eBannmeile\u201c bekannten,  \u201ebefriedeten Bereich\u201c am Bundestag stattfinden, gilt dort nicht automatisch ein generelles Demonstrationsverbot. \u201eIm Hinblick auf den hohen Rang der Versammlungsfreiheit haben B\u00fcrgerinnen und B\u00fcrger nach \u00a7 3 des Gesetzes \u00fcber befriedete Bezirke f\u00fcr Verfassungsorgane des Bundes einen Anspruch auf die Zulassung einer Versammlung\u201c, teilte das Bundesinnenministerium mit. <\/p>\n<p>Voraussetzung daf\u00fcr sei allerdings, dass \u201eeine Beeintr\u00e4chtigung der T\u00e4tigkeit der gesch\u00fctzten Verfassungsorgane und eine Behinderung des freien Zugangs zu ihren in dem befriedeten Bezirk gelegenen Geb\u00e4uden nicht zu besorgen ist\u201c.<\/p>\n<p>Da gerade Parlamentsferien sind, droht eine St\u00f6rung des Bundestags durch die Versammlungen in der Tat nicht. Sorgen machen muss sich freilich die ARD \u00fcber ihr prominentes TV-Format \u201eSommerinterview\u201c, das traditionsgem\u00e4\u00df von der hochgelegenen Terrasse des Marie-Elisabeth-L\u00fcders-Hauses mit ihrem malerischen Blick auf Spree und Reichstagsgeb\u00e4ude gesendet wird.<\/p>\n<p>Sollten sich in der Folge des Weidel-Interviews hier jetzt regelm\u00e4\u00dfig die unterschiedlichsten Aktivisten und Protestgruppen zu einem Schaulaufen einfinden, droht das TV-Format in seiner bisherigen Form Schaden zu nehmen. Auch an diesem Sonntag beim Banaszak-Interview kann niemand ausschlie\u00dfen, dass es nicht doch noch zu spontanen Sprechch\u00f6ren oder \u00e4hnlichem kommt. <\/p>\n<p>Darauf, wie die ARD mit der Herausforderung umgeht, darf man gespannt sein. \u201eWir haben uns mit dem Sommerinterview vom 20.7. intensiv besch\u00e4ftigt und unsere Schl\u00fcsse gezogen\u201c, erkl\u00e4rte eine Sprecherin des Hauptstadtstudios auf Nachfrage. \u201eSo haben wir unser Sicherheitskonzept \u00fcberpr\u00fcft, stehen im engen Austausch mit den zust\u00e4ndigen Sicherheitsbeh\u00f6rden und haben technische sowie redaktionelle Vorkehrungen getroffen, um ein st\u00f6rungsfreies Sommerinterview f\u00fchren zu k\u00f6nnen.\u201c Man bitte um Verst\u00e4ndnis, \u201edass wir aus Sicherheitsgr\u00fcnden nicht weiter ins Detail gehen.\u201c <\/p>\n<p>Eine Ver\u00e4nderung gegen\u00fcber dem verungl\u00fcckten Interview mit Weidel wird es aber auf jeden Fall geben: Zwar wurde auch das Gespr\u00e4ch mit der AfD-Chefin am Sonntagnachmittag aufgezeichnet und erst am Abend um 18 Uhr im Hauptprogramm der ARD ausgestrahlt. Das Weidel-Interview wurde aber <a class=\"is-link c-block-items__link c-link--rich-text-renderer\" data-internal-tracking='{\"action\":\"click\",\"label\":\"link\",\"name\":\"Inline Element\",\"data\":{\"source\":\"\",\"target\":\"https:\/\/www.daserste.de\/information\/nachrichten-wetter\/bericht-aus-berlin\/sendung\/bericht-aus-berlin-sommerinterview-478.html\",\"trackingName\":\"\",\"trackingLabel\":\"\"}}' data-internal-tracking-enabled=\"true\" href=\"https:\/\/www.daserste.de\/information\/nachrichten-wetter\/bericht-aus-berlin\/sendung\/bericht-aus-berlin-sommerinterview-478.html\">laut ARD<\/a> auch als \u201eWatchparty \u201atagesschau together\u2018 live im Internet auf Twitch, Instagram, YouTube, TikTok, und auf Tagesschau24 \u00fcbertragen. So wurden die Internetnutzer Zeugen der St\u00f6raktion. <\/p>\n<p>Das soll am Sonntag beim Interview mit Banaszak nicht m\u00f6glich sein. Zwar <a class=\"is-link c-block-items__link c-link--rich-text-renderer\" data-internal-tracking='{\"action\":\"click\",\"label\":\"link\",\"name\":\"Inline Element\",\"data\":{\"source\":\"\",\"target\":\"https:\/\/www.daserste.de\/information\/nachrichten-wetter\/bericht-aus-berlin\/sendung\/bericht-aus-berlin-sommerinterview-488.html\",\"trackingName\":\"\",\"trackingLabel\":\"\"}}' data-internal-tracking-enabled=\"true\" href=\"https:\/\/www.daserste.de\/information\/nachrichten-wetter\/bericht-aus-berlin\/sendung\/bericht-aus-berlin-sommerinterview-488.html\">plant die ARD <\/a>auch diesmal wieder eine solche \u201eWatchparty\u201c, allerdings soll das Interview nicht live gestreamt werden. Stattdessen findet der Stream des aufgezeichneten Gespr\u00e4chs im Internet zeitgleich mit der Ausstrahlung im Hauptprogramm \u201eDas Erste\u201c statt: am Sonntag, 3. August, um 18.00 Uhr.<\/p>\n<p><a class=\"is-link c-block-items__link c-link--rich-text-renderer\" data-internal-tracking='{\"action\":\"click\",\"label\":\"link\",\"name\":\"Inline Element\",\"data\":{\"source\":\"\",\"target\":\"https:\/\/www.welt.de\/autor\/daniel-wetzel\/\",\"trackingName\":\"\",\"trackingLabel\":\"\"}}' data-internal-tracking-enabled=\"true\" href=\"https:\/\/www.welt.de\/autor\/daniel-wetzel\/\"><b><em>Daniel Wetzel<\/em><\/b><\/a><b><em> ist Wirtschaftsredakteur in Berlin. Er berichtet \u00fcber Energiewirtschaft und Klimapolitik. Er wurde 2007 vom Verein Deutscher Ingenieure (VDI) mit dem Robert-Mayer-Preis ausgezeichnet und vom Energiewirtschaftlichen Institut an der Universit\u00e4t K\u00f6ln 2009 mit dem Theodor-Wessels-Preis.<\/em><\/b><\/p>\n","protected":false},"excerpt":{"rendered":"<p>Das \u201eSommerinterview\u201c der ARD mit der Vorsitzenden der gr\u00f6\u00dften Oppositionspartei im Deutschen Bundestag, Alice Weidel, hatte am 20. Juli f\u00fcr Schlagzeilen gesorgt \u2013 nicht unbedingt wegen des Inhalts, sondern wegen der \u00e4u\u00dferen Umst\u00e4nde. Eine Gruppe politischer Aktivisten namens \u201eZentrum f\u00fcr Politische Sch\u00f6nheit\u201c hatte einen Lautsprecher-Bus vor der Terrasse des Marie-Elisabeth-L\u00fcders-Hauses am Bundestag geparkt. Sie st\u00f6rten<\/p>\n","protected":false},"author":1,"featured_media":261107,"comment_status":"open","ping_status":"open","sticky":false,"template":"","format":"standard","meta":{"footnotes":""},"categories":[59],"tags":[],"class_list":["post-261106","post","type-post","status-publish","format-standard","has-post-thumbnail","hentry","category-business-de"],"acf":[],"yoast_head":"<!-- This site is optimized with the Yoast SEO plugin v22.9 - https:\/\/yoast.com\/wordpress\/plugins\/seo\/ -->\n<title>Atomkraft-Bef\u00fcrworter wollen beim ARD-Sommerinterview gegen Gr\u00fcnen-Chef protestieren - vof-news.eu<\/title>\n<meta name=\"description\" content=\"Das \u201eSommerinterview\u201c der ARD mit der Vorsitzenden der gr\u00f6\u00dften Oppositionspartei im Deutschen Bundestag, Alice Weidel, hatte am 20. Juli f\u00fcr Schlagzeilen gesorgt \u2013 nicht unbedingt wegen des Inhalts, sondern wegen der \u00e4u\u00dferen Umst\u00e4nde. Eine Gruppe politischer Aktivisten namens \u201eZentrum f\u00fcr Politische Sch\u00f6nheit\u201c hatte einen Lautsprecher-Bus vor der Terrasse des Marie-Elisabeth-L\u00fcders-Hauses am Bundestag geparkt. Sie st\u00f6rten die TV-Aufzeichnung mit lautstark \u00fcbertragenen Schm\u00e4hliedern, Trillerpfeifen und Sprechch\u00f6ren. So laut war der Ger\u00e4uschpegel, dass Weidel ihren Interviewer mehrfach kaum verstehen konnte und nachfragen musste. Gesendet wurde das Interview trotzdem. Diese Aktion findet am Sonntagnachmittag wom\u00f6glich Nachahmer, wenn sich der Bundesvorsitzende von B\u00fcndnis90\/Die Gr\u00fcnen, Felix Banaszak, in diesem Interview-Format den Fragen von Matthias Dei\u00df stellt, dem stellvertretenden Studioleiter und Chefredakteur Fernsehen im ARD-Hauptstadtstudio. Jedenfalls wurden am Ort der Aufzeichnung an der Paul-L\u00f6be-Allee gleich zwei Demonstrationen angemeldet, best\u00e4tigt die Berliner Polizei gegen\u00fcber WELT.Das St\u00f6rpotenzial der einen Gruppe d\u00fcrfte begrenzt sein: So hat der Pro-Atomkraft-Verein \u201eNuklearia\u201c nur sechs Personen angemeldet: \u201eWir protestieren f\u00fcr die Wiedereinf\u00fchrung der Kernkraft in Deutschland aus Gr\u00fcnden des Umweltschutzes und der sicheren, g\u00fcnstigen Energieversorgung\u201c, hei\u00dft es im Demo-Aufruf. Ein Sprecher des Vereins versicherte auf Nachfrage von WELT, dass keine akustische St\u00f6rung mit Lautsprechern oder Megaphonen geplant sei. Allerdings habe man das Ziel, die Demo-Transparente \u201eim Blickwinkel der Fernsehkameras\u201c zu platzieren.Mit welchen Mitteln die andere Protestgruppe arbeiten will, ist unklar. Laut Berliner Polizei wurde ein offenbar satirischer Grund f\u00fcr die Demonstration genannt: \u201eMehr Demogeld f\u00fcr Antifa-Demonstrant*innen.\u201c Gefordert wird die \u201ezus\u00e4tzliche \u00dcbernahme aller Auslagen (Anreisekosten, Verpflegung, Verdienstausfall, Kinderbetreuung, Kundgebungsmittel)\u201c sowie eine \u201ej\u00e4hrliche Anpassung in H\u00f6he der Steigerung der Lebenshaltungskosten.\u201cDie im Meldeformular suggerierte Existenz eines \u201eDemogeldes\u201c, mit dem linke Demonstranten angeblich entlohnt w\u00fcrden f\u00fcr ihren Protest, wird in sozialen Medien immer wieder verbreitet und satirisch zitiert, es handelt sich aber um eine Verschw\u00f6rungstheorie ohne jede reale Grundlage.Doch nach Angaben des Bundesinnenministeriums wurden f\u00fcr diese Demonstration \u201ebis zu 100 Personen\u201c angemeldet. Die Versammlung wurde nach Informationen von WELT am Freitagnachmittag auch genehmigt. Zu den amtlichen Stellen, die \u00fcber ein Demo-Verbot zu befinden haben, geh\u00f6ren neben dem Bundesinnenministerium auch das Land Berlin und das Pr\u00e4sidium des Bundestags.  Die Beh\u00f6rden d\u00fcrften durch den Pr\u00e4zedenzfall des Weidel-Interviews allerdings unter einem gewissen Genehmigungsdruck gestanden haben. Nachdem die Polizei gegen die St\u00f6rer des AfD-Interviews erst relativ sp\u00e4t, nach rund 30 Minuten vorgegangen ist, w\u00fcrde sie sich dem Vorwurf der Ungleichbehandlung aussetzen, wenn sie St\u00f6raktionen gegen den Gr\u00fcnen-Chef von vornherein verbieten oder sofort kompromisslos unterbinden w\u00fcrden. Obwohl die Demonstrationen in dem fr\u00fcher als \u201eBannmeile\u201c bekannten, \u201ebefriedeten Bereich\u201c am Bundestag stattfinden, gilt dort nicht automatisch ein generelles Demonstrationsverbot. \u201eIm Hinblick auf den hohen Rang der Versammlungsfreiheit haben B\u00fcrgerinnen und B\u00fcrger nach \u00a7 3 des Gesetzes \u00fcber befriedete Bezirke f\u00fcr Verfassungsorgane des Bundes einen Anspruch auf die Zulassung einer Versammlung\u201c, teilte das Bundesinnenministerium mit. Voraussetzung daf\u00fcr sei allerdings, dass \u201eeine Beeintr\u00e4chtigung der T\u00e4tigkeit der gesch\u00fctzten Verfassungsorgane und eine Behinderung des freien Zugangs zu ihren in dem befriedeten Bezirk gelegenen Geb\u00e4uden nicht zu besorgen ist\u201c.Da gerade Parlamentsferien sind, droht eine St\u00f6rung des Bundestags durch die Versammlungen in der Tat nicht. Sorgen machen muss sich freilich die ARD \u00fcber ihr prominentes TV-Format \u201eSommerinterview\u201c, das traditionsgem\u00e4\u00df von der hochgelegenen Terrasse des Marie-Elisabeth-L\u00fcders-Hauses mit ihrem malerischen Blick auf Spree und Reichstagsgeb\u00e4ude gesendet wird.Sollten sich in der Folge des Weidel-Interviews hier jetzt regelm\u00e4\u00dfig die unterschiedlichsten Aktivisten und Protestgruppen zu einem Schaulaufen einfinden, droht das TV-Format in seiner bisherigen Form Schaden zu nehmen. Auch an diesem Sonntag beim Banaszak-Interview kann niemand ausschlie\u00dfen, dass es nicht doch noch zu spontanen Sprechch\u00f6ren oder \u00e4hnlichem kommt. Darauf, wie die ARD mit der Herausforderung umgeht, darf man gespannt sein. \u201eWir haben uns mit dem Sommerinterview vom 20.7. intensiv besch\u00e4ftigt und unsere Schl\u00fcsse gezogen\u201c, erkl\u00e4rte eine Sprecherin des Hauptstadtstudios auf Nachfrage. \u201eSo haben wir unser Sicherheitskonzept \u00fcberpr\u00fcft, stehen im engen Austausch mit den zust\u00e4ndigen Sicherheitsbeh\u00f6rden und haben technische sowie redaktionelle Vorkehrungen getroffen, um ein st\u00f6rungsfreies Sommerinterview f\u00fchren zu k\u00f6nnen.\u201c Man bitte um Verst\u00e4ndnis, \u201edass wir aus Sicherheitsgr\u00fcnden nicht weiter ins Detail gehen.\u201c Eine Ver\u00e4nderung gegen\u00fcber dem verungl\u00fcckten Interview mit Weidel wird es aber auf jeden Fall geben: Zwar wurde auch das Gespr\u00e4ch mit der AfD-Chefin am Sonntagnachmittag aufgezeichnet und erst am Abend um 18 Uhr im Hauptprogramm der ARD ausgestrahlt. Das Weidel-Interview wurde aber laut ARD auch als \u201eWatchparty \u201atagesschau together\u2018 live im Internet auf Twitch, Instagram, YouTube, TikTok, und auf Tagesschau24 \u00fcbertragen. So wurden die Internetnutzer Zeugen der St\u00f6raktion. Das soll am Sonntag beim Interview mit Banaszak nicht m\u00f6glich sein. Zwar plant die ARD auch diesmal wieder eine solche \u201eWatchparty\u201c, allerdings soll das Interview nicht live gestreamt werden. Stattdessen findet der Stream des aufgezeichneten Gespr\u00e4chs im Internet zeitgleich mit der Ausstrahlung im Hauptprogramm \u201eDas Erste\u201c statt: am Sonntag, 3. August, um 18.00 Uhr.Daniel Wetzel ist Wirtschaftsredakteur in Berlin. Er berichtet \u00fcber Energiewirtschaft und Klimapolitik. Er wurde 2007 vom Verein Deutscher Ingenieure (VDI) mit dem Robert-Mayer-Preis ausgezeichnet und vom Energiewirtschaftlichen Institut an der Universit\u00e4t K\u00f6ln 2009 mit dem Theodor-Wessels-Preis.\" \/>\n<meta name=\"robots\" content=\"noindex, follow, max-snippet:-1, max-image-preview:large, max-video-preview:-1\" \/>\n<meta property=\"og:locale\" content=\"de_DE\" \/>\n<meta property=\"og:type\" content=\"article\" \/>\n<meta property=\"og:title\" content=\"Atomkraft-Bef\u00fcrworter wollen beim ARD-Sommerinterview gegen Gr\u00fcnen-Chef protestieren - vof-news.eu\" \/>\n<meta property=\"og:description\" content=\"Das \u201eSommerinterview\u201c der ARD mit der Vorsitzenden der gr\u00f6\u00dften Oppositionspartei im Deutschen Bundestag, Alice Weidel, hatte am 20. Juli f\u00fcr Schlagzeilen gesorgt \u2013 nicht unbedingt wegen des Inhalts, sondern wegen der \u00e4u\u00dferen Umst\u00e4nde. Eine Gruppe politischer Aktivisten namens \u201eZentrum f\u00fcr Politische Sch\u00f6nheit\u201c hatte einen Lautsprecher-Bus vor der Terrasse des Marie-Elisabeth-L\u00fcders-Hauses am Bundestag geparkt. Sie st\u00f6rten die TV-Aufzeichnung mit lautstark \u00fcbertragenen Schm\u00e4hliedern, Trillerpfeifen und Sprechch\u00f6ren. So laut war der Ger\u00e4uschpegel, dass Weidel ihren Interviewer mehrfach kaum verstehen konnte und nachfragen musste. Gesendet wurde das Interview trotzdem. Diese Aktion findet am Sonntagnachmittag wom\u00f6glich Nachahmer, wenn sich der Bundesvorsitzende von B\u00fcndnis90\/Die Gr\u00fcnen, Felix Banaszak, in diesem Interview-Format den Fragen von Matthias Dei\u00df stellt, dem stellvertretenden Studioleiter und Chefredakteur Fernsehen im ARD-Hauptstadtstudio. Jedenfalls wurden am Ort der Aufzeichnung an der Paul-L\u00f6be-Allee gleich zwei Demonstrationen angemeldet, best\u00e4tigt die Berliner Polizei gegen\u00fcber WELT.Das St\u00f6rpotenzial der einen Gruppe d\u00fcrfte begrenzt sein: So hat der Pro-Atomkraft-Verein \u201eNuklearia\u201c nur sechs Personen angemeldet: \u201eWir protestieren f\u00fcr die Wiedereinf\u00fchrung der Kernkraft in Deutschland aus Gr\u00fcnden des Umweltschutzes und der sicheren, g\u00fcnstigen Energieversorgung\u201c, hei\u00dft es im Demo-Aufruf. Ein Sprecher des Vereins versicherte auf Nachfrage von WELT, dass keine akustische St\u00f6rung mit Lautsprechern oder Megaphonen geplant sei. Allerdings habe man das Ziel, die Demo-Transparente \u201eim Blickwinkel der Fernsehkameras\u201c zu platzieren.Mit welchen Mitteln die andere Protestgruppe arbeiten will, ist unklar. Laut Berliner Polizei wurde ein offenbar satirischer Grund f\u00fcr die Demonstration genannt: \u201eMehr Demogeld f\u00fcr Antifa-Demonstrant*innen.\u201c Gefordert wird die \u201ezus\u00e4tzliche \u00dcbernahme aller Auslagen (Anreisekosten, Verpflegung, Verdienstausfall, Kinderbetreuung, Kundgebungsmittel)\u201c sowie eine \u201ej\u00e4hrliche Anpassung in H\u00f6he der Steigerung der Lebenshaltungskosten.\u201cDie im Meldeformular suggerierte Existenz eines \u201eDemogeldes\u201c, mit dem linke Demonstranten angeblich entlohnt w\u00fcrden f\u00fcr ihren Protest, wird in sozialen Medien immer wieder verbreitet und satirisch zitiert, es handelt sich aber um eine Verschw\u00f6rungstheorie ohne jede reale Grundlage.Doch nach Angaben des Bundesinnenministeriums wurden f\u00fcr diese Demonstration \u201ebis zu 100 Personen\u201c angemeldet. Die Versammlung wurde nach Informationen von WELT am Freitagnachmittag auch genehmigt. Zu den amtlichen Stellen, die \u00fcber ein Demo-Verbot zu befinden haben, geh\u00f6ren neben dem Bundesinnenministerium auch das Land Berlin und das Pr\u00e4sidium des Bundestags.  Die Beh\u00f6rden d\u00fcrften durch den Pr\u00e4zedenzfall des Weidel-Interviews allerdings unter einem gewissen Genehmigungsdruck gestanden haben. Nachdem die Polizei gegen die St\u00f6rer des AfD-Interviews erst relativ sp\u00e4t, nach rund 30 Minuten vorgegangen ist, w\u00fcrde sie sich dem Vorwurf der Ungleichbehandlung aussetzen, wenn sie St\u00f6raktionen gegen den Gr\u00fcnen-Chef von vornherein verbieten oder sofort kompromisslos unterbinden w\u00fcrden. Obwohl die Demonstrationen in dem fr\u00fcher als \u201eBannmeile\u201c bekannten, \u201ebefriedeten Bereich\u201c am Bundestag stattfinden, gilt dort nicht automatisch ein generelles Demonstrationsverbot. \u201eIm Hinblick auf den hohen Rang der Versammlungsfreiheit haben B\u00fcrgerinnen und B\u00fcrger nach \u00a7 3 des Gesetzes \u00fcber befriedete Bezirke f\u00fcr Verfassungsorgane des Bundes einen Anspruch auf die Zulassung einer Versammlung\u201c, teilte das Bundesinnenministerium mit. Voraussetzung daf\u00fcr sei allerdings, dass \u201eeine Beeintr\u00e4chtigung der T\u00e4tigkeit der gesch\u00fctzten Verfassungsorgane und eine Behinderung des freien Zugangs zu ihren in dem befriedeten Bezirk gelegenen Geb\u00e4uden nicht zu besorgen ist\u201c.Da gerade Parlamentsferien sind, droht eine St\u00f6rung des Bundestags durch die Versammlungen in der Tat nicht. Sorgen machen muss sich freilich die ARD \u00fcber ihr prominentes TV-Format \u201eSommerinterview\u201c, das traditionsgem\u00e4\u00df von der hochgelegenen Terrasse des Marie-Elisabeth-L\u00fcders-Hauses mit ihrem malerischen Blick auf Spree und Reichstagsgeb\u00e4ude gesendet wird.Sollten sich in der Folge des Weidel-Interviews hier jetzt regelm\u00e4\u00dfig die unterschiedlichsten Aktivisten und Protestgruppen zu einem Schaulaufen einfinden, droht das TV-Format in seiner bisherigen Form Schaden zu nehmen. Auch an diesem Sonntag beim Banaszak-Interview kann niemand ausschlie\u00dfen, dass es nicht doch noch zu spontanen Sprechch\u00f6ren oder \u00e4hnlichem kommt. Darauf, wie die ARD mit der Herausforderung umgeht, darf man gespannt sein. \u201eWir haben uns mit dem Sommerinterview vom 20.7. intensiv besch\u00e4ftigt und unsere Schl\u00fcsse gezogen\u201c, erkl\u00e4rte eine Sprecherin des Hauptstadtstudios auf Nachfrage. \u201eSo haben wir unser Sicherheitskonzept \u00fcberpr\u00fcft, stehen im engen Austausch mit den zust\u00e4ndigen Sicherheitsbeh\u00f6rden und haben technische sowie redaktionelle Vorkehrungen getroffen, um ein st\u00f6rungsfreies Sommerinterview f\u00fchren zu k\u00f6nnen.\u201c Man bitte um Verst\u00e4ndnis, \u201edass wir aus Sicherheitsgr\u00fcnden nicht weiter ins Detail gehen.\u201c Eine Ver\u00e4nderung gegen\u00fcber dem verungl\u00fcckten Interview mit Weidel wird es aber auf jeden Fall geben: Zwar wurde auch das Gespr\u00e4ch mit der AfD-Chefin am Sonntagnachmittag aufgezeichnet und erst am Abend um 18 Uhr im Hauptprogramm der ARD ausgestrahlt. Das Weidel-Interview wurde aber laut ARD auch als \u201eWatchparty \u201atagesschau together\u2018 live im Internet auf Twitch, Instagram, YouTube, TikTok, und auf Tagesschau24 \u00fcbertragen. So wurden die Internetnutzer Zeugen der St\u00f6raktion. Das soll am Sonntag beim Interview mit Banaszak nicht m\u00f6glich sein. Zwar plant die ARD auch diesmal wieder eine solche \u201eWatchparty\u201c, allerdings soll das Interview nicht live gestreamt werden. Stattdessen findet der Stream des aufgezeichneten Gespr\u00e4chs im Internet zeitgleich mit der Ausstrahlung im Hauptprogramm \u201eDas Erste\u201c statt: am Sonntag, 3. August, um 18.00 Uhr.Daniel Wetzel ist Wirtschaftsredakteur in Berlin. Er berichtet \u00fcber Energiewirtschaft und Klimapolitik. Er wurde 2007 vom Verein Deutscher Ingenieure (VDI) mit dem Robert-Mayer-Preis ausgezeichnet und vom Energiewirtschaftlichen Institut an der Universit\u00e4t K\u00f6ln 2009 mit dem Theodor-Wessels-Preis.\" \/>\n<meta property=\"og:url\" content=\"https:\/\/vof-news.eu\/de\/atomkraft-befurworter-wollen-beim-ard-sommerinterview-gegen-grunen-chef-protestieren\/\" \/>\n<meta property=\"og:site_name\" content=\"vof-news.eu\" \/>\n<meta property=\"article:published_time\" content=\"2025-08-01T16:26:12+00:00\" \/>\n<meta property=\"article:modified_time\" content=\"2025-08-01T16:26:39+00:00\" \/>\n<meta property=\"og:image\" content=\"https:\/\/vof-news.eu\/wp-content\/uploads\/2025\/08\/felix-banaszak.webp\" \/>\n\t<meta property=\"og:image:width\" content=\"1200\" \/>\n\t<meta property=\"og:image:height\" content=\"574\" \/>\n\t<meta property=\"og:image:type\" content=\"image\/webp\" \/>\n<meta name=\"author\" content=\"Author\" \/>\n<meta name=\"twitter:card\" content=\"summary_large_image\" \/>\n<meta name=\"twitter:label1\" content=\"Verfasst von\" \/>\n\t<meta name=\"twitter:data1\" content=\"Author\" \/>\n\t<meta name=\"twitter:label2\" content=\"Gesch\u00e4tzte Lesezeit\" \/>\n\t<meta name=\"twitter:data2\" content=\"4\u00a0Minuten\" \/>\n<script type=\"application\/ld+json\" class=\"yoast-schema-graph\">{\"@context\":\"https:\/\/schema.org\",\"@graph\":[{\"@type\":\"WebPage\",\"@id\":\"https:\/\/vof-news.eu\/de\/atomkraft-befurworter-wollen-beim-ard-sommerinterview-gegen-grunen-chef-protestieren\/\",\"url\":\"https:\/\/vof-news.eu\/de\/atomkraft-befurworter-wollen-beim-ard-sommerinterview-gegen-grunen-chef-protestieren\/\",\"name\":\"Atomkraft-Bef\u00fcrworter wollen beim ARD-Sommerinterview gegen Gr\u00fcnen-Chef protestieren - vof-news.eu\",\"isPartOf\":{\"@id\":\"https:\/\/vof-news.eu\/de\/#website\"},\"primaryImageOfPage\":{\"@id\":\"https:\/\/vof-news.eu\/de\/atomkraft-befurworter-wollen-beim-ard-sommerinterview-gegen-grunen-chef-protestieren\/#primaryimage\"},\"image\":{\"@id\":\"https:\/\/vof-news.eu\/de\/atomkraft-befurworter-wollen-beim-ard-sommerinterview-gegen-grunen-chef-protestieren\/#primaryimage\"},\"thumbnailUrl\":\"https:\/\/vof-news.eu\/wp-content\/uploads\/2025\/08\/felix-banaszak.webp\",\"datePublished\":\"2025-08-01T16:26:12+00:00\",\"dateModified\":\"2025-08-01T16:26:39+00:00\",\"author\":{\"@id\":\"https:\/\/vof-news.eu\/de\/#\/schema\/person\/f6a2a4309f0561835797fd8c19b333ed\"},\"description\":\"Das \u201eSommerinterview\u201c der ARD mit der Vorsitzenden der gr\u00f6\u00dften Oppositionspartei im Deutschen Bundestag, Alice Weidel, hatte am 20. Juli f\u00fcr Schlagzeilen gesorgt \u2013 nicht unbedingt wegen des Inhalts, sondern wegen der \u00e4u\u00dferen Umst\u00e4nde. Eine Gruppe politischer Aktivisten namens \u201eZentrum f\u00fcr Politische Sch\u00f6nheit\u201c hatte einen Lautsprecher-Bus vor der Terrasse des Marie-Elisabeth-L\u00fcders-Hauses am Bundestag geparkt. Sie st\u00f6rten die TV-Aufzeichnung mit lautstark \u00fcbertragenen Schm\u00e4hliedern, Trillerpfeifen und Sprechch\u00f6ren. So laut war der Ger\u00e4uschpegel, dass Weidel ihren Interviewer mehrfach kaum verstehen konnte und nachfragen musste. Gesendet wurde das Interview trotzdem. Diese Aktion findet am Sonntagnachmittag wom\u00f6glich Nachahmer, wenn sich der Bundesvorsitzende von B\u00fcndnis90\/Die Gr\u00fcnen, Felix Banaszak, in diesem Interview-Format den Fragen von Matthias Dei\u00df stellt, dem stellvertretenden Studioleiter und Chefredakteur Fernsehen im ARD-Hauptstadtstudio. Jedenfalls wurden am Ort der Aufzeichnung an der Paul-L\u00f6be-Allee gleich zwei Demonstrationen angemeldet, best\u00e4tigt die Berliner Polizei gegen\u00fcber WELT.Das St\u00f6rpotenzial der einen Gruppe d\u00fcrfte begrenzt sein: So hat der Pro-Atomkraft-Verein \u201eNuklearia\u201c nur sechs Personen angemeldet: \u201eWir protestieren f\u00fcr die Wiedereinf\u00fchrung der Kernkraft in Deutschland aus Gr\u00fcnden des Umweltschutzes und der sicheren, g\u00fcnstigen Energieversorgung\u201c, hei\u00dft es im Demo-Aufruf. Ein Sprecher des Vereins versicherte auf Nachfrage von WELT, dass keine akustische St\u00f6rung mit Lautsprechern oder Megaphonen geplant sei. Allerdings habe man das Ziel, die Demo-Transparente \u201eim Blickwinkel der Fernsehkameras\u201c zu platzieren.Mit welchen Mitteln die andere Protestgruppe arbeiten will, ist unklar. Laut Berliner Polizei wurde ein offenbar satirischer Grund f\u00fcr die Demonstration genannt: \u201eMehr Demogeld f\u00fcr Antifa-Demonstrant*innen.\u201c Gefordert wird die \u201ezus\u00e4tzliche \u00dcbernahme aller Auslagen (Anreisekosten, Verpflegung, Verdienstausfall, Kinderbetreuung, Kundgebungsmittel)\u201c sowie eine \u201ej\u00e4hrliche Anpassung in H\u00f6he der Steigerung der Lebenshaltungskosten.\u201cDie im Meldeformular suggerierte Existenz eines \u201eDemogeldes\u201c, mit dem linke Demonstranten angeblich entlohnt w\u00fcrden f\u00fcr ihren Protest, wird in sozialen Medien immer wieder verbreitet und satirisch zitiert, es handelt sich aber um eine Verschw\u00f6rungstheorie ohne jede reale Grundlage.Doch nach Angaben des Bundesinnenministeriums wurden f\u00fcr diese Demonstration \u201ebis zu 100 Personen\u201c angemeldet. Die Versammlung wurde nach Informationen von WELT am Freitagnachmittag auch genehmigt. Zu den amtlichen Stellen, die \u00fcber ein Demo-Verbot zu befinden haben, geh\u00f6ren neben dem Bundesinnenministerium auch das Land Berlin und das Pr\u00e4sidium des Bundestags. Die Beh\u00f6rden d\u00fcrften durch den Pr\u00e4zedenzfall des Weidel-Interviews allerdings unter einem gewissen Genehmigungsdruck gestanden haben. Nachdem die Polizei gegen die St\u00f6rer des AfD-Interviews erst relativ sp\u00e4t, nach rund 30 Minuten vorgegangen ist, w\u00fcrde sie sich dem Vorwurf der Ungleichbehandlung aussetzen, wenn sie St\u00f6raktionen gegen den Gr\u00fcnen-Chef von vornherein verbieten oder sofort kompromisslos unterbinden w\u00fcrden. Obwohl die Demonstrationen in dem fr\u00fcher als \u201eBannmeile\u201c bekannten, \u201ebefriedeten Bereich\u201c am Bundestag stattfinden, gilt dort nicht automatisch ein generelles Demonstrationsverbot. \u201eIm Hinblick auf den hohen Rang der Versammlungsfreiheit haben B\u00fcrgerinnen und B\u00fcrger nach \u00a7 3 des Gesetzes \u00fcber befriedete Bezirke f\u00fcr Verfassungsorgane des Bundes einen Anspruch auf die Zulassung einer Versammlung\u201c, teilte das Bundesinnenministerium mit. Voraussetzung daf\u00fcr sei allerdings, dass \u201eeine Beeintr\u00e4chtigung der T\u00e4tigkeit der gesch\u00fctzten Verfassungsorgane und eine Behinderung des freien Zugangs zu ihren in dem befriedeten Bezirk gelegenen Geb\u00e4uden nicht zu besorgen ist\u201c.Da gerade Parlamentsferien sind, droht eine St\u00f6rung des Bundestags durch die Versammlungen in der Tat nicht. Sorgen machen muss sich freilich die ARD \u00fcber ihr prominentes TV-Format \u201eSommerinterview\u201c, das traditionsgem\u00e4\u00df von der hochgelegenen Terrasse des Marie-Elisabeth-L\u00fcders-Hauses mit ihrem malerischen Blick auf Spree und Reichstagsgeb\u00e4ude gesendet wird.Sollten sich in der Folge des Weidel-Interviews hier jetzt regelm\u00e4\u00dfig die unterschiedlichsten Aktivisten und Protestgruppen zu einem Schaulaufen einfinden, droht das TV-Format in seiner bisherigen Form Schaden zu nehmen. Auch an diesem Sonntag beim Banaszak-Interview kann niemand ausschlie\u00dfen, dass es nicht doch noch zu spontanen Sprechch\u00f6ren oder \u00e4hnlichem kommt. Darauf, wie die ARD mit der Herausforderung umgeht, darf man gespannt sein. \u201eWir haben uns mit dem Sommerinterview vom 20.7. intensiv besch\u00e4ftigt und unsere Schl\u00fcsse gezogen\u201c, erkl\u00e4rte eine Sprecherin des Hauptstadtstudios auf Nachfrage. \u201eSo haben wir unser Sicherheitskonzept \u00fcberpr\u00fcft, stehen im engen Austausch mit den zust\u00e4ndigen Sicherheitsbeh\u00f6rden und haben technische sowie redaktionelle Vorkehrungen getroffen, um ein st\u00f6rungsfreies Sommerinterview f\u00fchren zu k\u00f6nnen.\u201c Man bitte um Verst\u00e4ndnis, \u201edass wir aus Sicherheitsgr\u00fcnden nicht weiter ins Detail gehen.\u201c Eine Ver\u00e4nderung gegen\u00fcber dem verungl\u00fcckten Interview mit Weidel wird es aber auf jeden Fall geben: Zwar wurde auch das Gespr\u00e4ch mit der AfD-Chefin am Sonntagnachmittag aufgezeichnet und erst am Abend um 18 Uhr im Hauptprogramm der ARD ausgestrahlt. Das Weidel-Interview wurde aber laut ARD auch als \u201eWatchparty \u201atagesschau together\u2018 live im Internet auf Twitch, Instagram, YouTube, TikTok, und auf Tagesschau24 \u00fcbertragen. So wurden die Internetnutzer Zeugen der St\u00f6raktion. Das soll am Sonntag beim Interview mit Banaszak nicht m\u00f6glich sein. Zwar plant die ARD auch diesmal wieder eine solche \u201eWatchparty\u201c, allerdings soll das Interview nicht live gestreamt werden. Stattdessen findet der Stream des aufgezeichneten Gespr\u00e4chs im Internet zeitgleich mit der Ausstrahlung im Hauptprogramm \u201eDas Erste\u201c statt: am Sonntag, 3. August, um 18.00 Uhr.Daniel Wetzel ist Wirtschaftsredakteur in Berlin. Er berichtet \u00fcber Energiewirtschaft und Klimapolitik. Er wurde 2007 vom Verein Deutscher Ingenieure (VDI) mit dem Robert-Mayer-Preis ausgezeichnet und vom Energiewirtschaftlichen Institut an der Universit\u00e4t K\u00f6ln 2009 mit dem Theodor-Wessels-Preis.\",\"breadcrumb\":{\"@id\":\"https:\/\/vof-news.eu\/de\/atomkraft-befurworter-wollen-beim-ard-sommerinterview-gegen-grunen-chef-protestieren\/#breadcrumb\"},\"inLanguage\":\"de\",\"potentialAction\":[{\"@type\":\"ReadAction\",\"target\":[\"https:\/\/vof-news.eu\/de\/atomkraft-befurworter-wollen-beim-ard-sommerinterview-gegen-grunen-chef-protestieren\/\"]}]},{\"@type\":\"ImageObject\",\"inLanguage\":\"de\",\"@id\":\"https:\/\/vof-news.eu\/de\/atomkraft-befurworter-wollen-beim-ard-sommerinterview-gegen-grunen-chef-protestieren\/#primaryimage\",\"url\":\"https:\/\/vof-news.eu\/wp-content\/uploads\/2025\/08\/felix-banaszak.webp\",\"contentUrl\":\"https:\/\/vof-news.eu\/wp-content\/uploads\/2025\/08\/felix-banaszak.webp\",\"width\":1200,\"height\":574},{\"@type\":\"BreadcrumbList\",\"@id\":\"https:\/\/vof-news.eu\/de\/atomkraft-befurworter-wollen-beim-ard-sommerinterview-gegen-grunen-chef-protestieren\/#breadcrumb\",\"itemListElement\":[{\"@type\":\"ListItem\",\"position\":1,\"name\":\"Home\",\"item\":\"https:\/\/vof-news.eu\/de\/\"},{\"@type\":\"ListItem\",\"position\":2,\"name\":\"Atomkraft-Bef\u00fcrworter wollen beim ARD-Sommerinterview gegen Gr\u00fcnen-Chef protestieren\"}]},{\"@type\":\"WebSite\",\"@id\":\"https:\/\/vof-news.eu\/de\/#website\",\"url\":\"https:\/\/vof-news.eu\/de\/\",\"name\":\"vof-news.eu\",\"description\":\"\",\"potentialAction\":[{\"@type\":\"SearchAction\",\"target\":{\"@type\":\"EntryPoint\",\"urlTemplate\":\"https:\/\/vof-news.eu\/de\/?s={search_term_string}\"},\"query-input\":\"required name=search_term_string\"}],\"inLanguage\":\"de\"},{\"@type\":\"Person\",\"@id\":\"https:\/\/vof-news.eu\/de\/#\/schema\/person\/f6a2a4309f0561835797fd8c19b333ed\",\"name\":\"Author\",\"image\":{\"@type\":\"ImageObject\",\"inLanguage\":\"de\",\"@id\":\"https:\/\/vof-news.eu\/de\/#\/schema\/person\/image\/\",\"url\":\"https:\/\/secure.gravatar.com\/avatar\/b67e614b1b25b3e9c0c239efdd2fde5ab015b5affd6f1c3c85911ca4b384e790?s=96&d=mm&r=g\",\"contentUrl\":\"https:\/\/secure.gravatar.com\/avatar\/b67e614b1b25b3e9c0c239efdd2fde5ab015b5affd6f1c3c85911ca4b384e790?s=96&d=mm&r=g\",\"caption\":\"Author\"},\"sameAs\":[\"http:\/\/vof-news.eu\"],\"url\":\"https:\/\/vof-news.eu\/de\/author\/zwt6qxnjulxbnyg\/\"}]}<\/script>\n<!-- \/ Yoast SEO plugin. -->","yoast_head_json":{"title":"Atomkraft-Bef\u00fcrworter wollen beim ARD-Sommerinterview gegen Gr\u00fcnen-Chef protestieren - vof-news.eu","description":"Das \u201eSommerinterview\u201c der ARD mit der Vorsitzenden der gr\u00f6\u00dften Oppositionspartei im Deutschen Bundestag, Alice Weidel, hatte am 20. Juli f\u00fcr Schlagzeilen gesorgt \u2013 nicht unbedingt wegen des Inhalts, sondern wegen der \u00e4u\u00dferen Umst\u00e4nde. Eine Gruppe politischer Aktivisten namens \u201eZentrum f\u00fcr Politische Sch\u00f6nheit\u201c hatte einen Lautsprecher-Bus vor der Terrasse des Marie-Elisabeth-L\u00fcders-Hauses am Bundestag geparkt. Sie st\u00f6rten die TV-Aufzeichnung mit lautstark \u00fcbertragenen Schm\u00e4hliedern, Trillerpfeifen und Sprechch\u00f6ren. So laut war der Ger\u00e4uschpegel, dass Weidel ihren Interviewer mehrfach kaum verstehen konnte und nachfragen musste. Gesendet wurde das Interview trotzdem. Diese Aktion findet am Sonntagnachmittag wom\u00f6glich Nachahmer, wenn sich der Bundesvorsitzende von B\u00fcndnis90\/Die Gr\u00fcnen, Felix Banaszak, in diesem Interview-Format den Fragen von Matthias Dei\u00df stellt, dem stellvertretenden Studioleiter und Chefredakteur Fernsehen im ARD-Hauptstadtstudio. Jedenfalls wurden am Ort der Aufzeichnung an der Paul-L\u00f6be-Allee gleich zwei Demonstrationen angemeldet, best\u00e4tigt die Berliner Polizei gegen\u00fcber WELT.Das St\u00f6rpotenzial der einen Gruppe d\u00fcrfte begrenzt sein: So hat der Pro-Atomkraft-Verein \u201eNuklearia\u201c nur sechs Personen angemeldet: \u201eWir protestieren f\u00fcr die Wiedereinf\u00fchrung der Kernkraft in Deutschland aus Gr\u00fcnden des Umweltschutzes und der sicheren, g\u00fcnstigen Energieversorgung\u201c, hei\u00dft es im Demo-Aufruf. Ein Sprecher des Vereins versicherte auf Nachfrage von WELT, dass keine akustische St\u00f6rung mit Lautsprechern oder Megaphonen geplant sei. Allerdings habe man das Ziel, die Demo-Transparente \u201eim Blickwinkel der Fernsehkameras\u201c zu platzieren.Mit welchen Mitteln die andere Protestgruppe arbeiten will, ist unklar. Laut Berliner Polizei wurde ein offenbar satirischer Grund f\u00fcr die Demonstration genannt: \u201eMehr Demogeld f\u00fcr Antifa-Demonstrant*innen.\u201c Gefordert wird die \u201ezus\u00e4tzliche \u00dcbernahme aller Auslagen (Anreisekosten, Verpflegung, Verdienstausfall, Kinderbetreuung, Kundgebungsmittel)\u201c sowie eine \u201ej\u00e4hrliche Anpassung in H\u00f6he der Steigerung der Lebenshaltungskosten.\u201cDie im Meldeformular suggerierte Existenz eines \u201eDemogeldes\u201c, mit dem linke Demonstranten angeblich entlohnt w\u00fcrden f\u00fcr ihren Protest, wird in sozialen Medien immer wieder verbreitet und satirisch zitiert, es handelt sich aber um eine Verschw\u00f6rungstheorie ohne jede reale Grundlage.Doch nach Angaben des Bundesinnenministeriums wurden f\u00fcr diese Demonstration \u201ebis zu 100 Personen\u201c angemeldet. Die Versammlung wurde nach Informationen von WELT am Freitagnachmittag auch genehmigt. Zu den amtlichen Stellen, die \u00fcber ein Demo-Verbot zu befinden haben, geh\u00f6ren neben dem Bundesinnenministerium auch das Land Berlin und das Pr\u00e4sidium des Bundestags.  Die Beh\u00f6rden d\u00fcrften durch den Pr\u00e4zedenzfall des Weidel-Interviews allerdings unter einem gewissen Genehmigungsdruck gestanden haben. Nachdem die Polizei gegen die St\u00f6rer des AfD-Interviews erst relativ sp\u00e4t, nach rund 30 Minuten vorgegangen ist, w\u00fcrde sie sich dem Vorwurf der Ungleichbehandlung aussetzen, wenn sie St\u00f6raktionen gegen den Gr\u00fcnen-Chef von vornherein verbieten oder sofort kompromisslos unterbinden w\u00fcrden. Obwohl die Demonstrationen in dem fr\u00fcher als \u201eBannmeile\u201c bekannten, \u201ebefriedeten Bereich\u201c am Bundestag stattfinden, gilt dort nicht automatisch ein generelles Demonstrationsverbot. \u201eIm Hinblick auf den hohen Rang der Versammlungsfreiheit haben B\u00fcrgerinnen und B\u00fcrger nach \u00a7 3 des Gesetzes \u00fcber befriedete Bezirke f\u00fcr Verfassungsorgane des Bundes einen Anspruch auf die Zulassung einer Versammlung\u201c, teilte das Bundesinnenministerium mit. Voraussetzung daf\u00fcr sei allerdings, dass \u201eeine Beeintr\u00e4chtigung der T\u00e4tigkeit der gesch\u00fctzten Verfassungsorgane und eine Behinderung des freien Zugangs zu ihren in dem befriedeten Bezirk gelegenen Geb\u00e4uden nicht zu besorgen ist\u201c.Da gerade Parlamentsferien sind, droht eine St\u00f6rung des Bundestags durch die Versammlungen in der Tat nicht. Sorgen machen muss sich freilich die ARD \u00fcber ihr prominentes TV-Format \u201eSommerinterview\u201c, das traditionsgem\u00e4\u00df von der hochgelegenen Terrasse des Marie-Elisabeth-L\u00fcders-Hauses mit ihrem malerischen Blick auf Spree und Reichstagsgeb\u00e4ude gesendet wird.Sollten sich in der Folge des Weidel-Interviews hier jetzt regelm\u00e4\u00dfig die unterschiedlichsten Aktivisten und Protestgruppen zu einem Schaulaufen einfinden, droht das TV-Format in seiner bisherigen Form Schaden zu nehmen. Auch an diesem Sonntag beim Banaszak-Interview kann niemand ausschlie\u00dfen, dass es nicht doch noch zu spontanen Sprechch\u00f6ren oder \u00e4hnlichem kommt. Darauf, wie die ARD mit der Herausforderung umgeht, darf man gespannt sein. \u201eWir haben uns mit dem Sommerinterview vom 20.7. intensiv besch\u00e4ftigt und unsere Schl\u00fcsse gezogen\u201c, erkl\u00e4rte eine Sprecherin des Hauptstadtstudios auf Nachfrage. \u201eSo haben wir unser Sicherheitskonzept \u00fcberpr\u00fcft, stehen im engen Austausch mit den zust\u00e4ndigen Sicherheitsbeh\u00f6rden und haben technische sowie redaktionelle Vorkehrungen getroffen, um ein st\u00f6rungsfreies Sommerinterview f\u00fchren zu k\u00f6nnen.\u201c Man bitte um Verst\u00e4ndnis, \u201edass wir aus Sicherheitsgr\u00fcnden nicht weiter ins Detail gehen.\u201c Eine Ver\u00e4nderung gegen\u00fcber dem verungl\u00fcckten Interview mit Weidel wird es aber auf jeden Fall geben: Zwar wurde auch das Gespr\u00e4ch mit der AfD-Chefin am Sonntagnachmittag aufgezeichnet und erst am Abend um 18 Uhr im Hauptprogramm der ARD ausgestrahlt. Das Weidel-Interview wurde aber laut ARD auch als \u201eWatchparty \u201atagesschau together\u2018 live im Internet auf Twitch, Instagram, YouTube, TikTok, und auf Tagesschau24 \u00fcbertragen. So wurden die Internetnutzer Zeugen der St\u00f6raktion. Das soll am Sonntag beim Interview mit Banaszak nicht m\u00f6glich sein. Zwar plant die ARD auch diesmal wieder eine solche \u201eWatchparty\u201c, allerdings soll das Interview nicht live gestreamt werden. Stattdessen findet der Stream des aufgezeichneten Gespr\u00e4chs im Internet zeitgleich mit der Ausstrahlung im Hauptprogramm \u201eDas Erste\u201c statt: am Sonntag, 3. August, um 18.00 Uhr.Daniel Wetzel ist Wirtschaftsredakteur in Berlin. Er berichtet \u00fcber Energiewirtschaft und Klimapolitik. Er wurde 2007 vom Verein Deutscher Ingenieure (VDI) mit dem Robert-Mayer-Preis ausgezeichnet und vom Energiewirtschaftlichen Institut an der Universit\u00e4t K\u00f6ln 2009 mit dem Theodor-Wessels-Preis.","robots":{"index":"noindex","follow":"follow","max-snippet":"max-snippet:-1","max-image-preview":"max-image-preview:large","max-video-preview":"max-video-preview:-1"},"og_locale":"de_DE","og_type":"article","og_title":"Atomkraft-Bef\u00fcrworter wollen beim ARD-Sommerinterview gegen Gr\u00fcnen-Chef protestieren - vof-news.eu","og_description":"Das \u201eSommerinterview\u201c der ARD mit der Vorsitzenden der gr\u00f6\u00dften Oppositionspartei im Deutschen Bundestag, Alice Weidel, hatte am 20. Juli f\u00fcr Schlagzeilen gesorgt \u2013 nicht unbedingt wegen des Inhalts, sondern wegen der \u00e4u\u00dferen Umst\u00e4nde. Eine Gruppe politischer Aktivisten namens \u201eZentrum f\u00fcr Politische Sch\u00f6nheit\u201c hatte einen Lautsprecher-Bus vor der Terrasse des Marie-Elisabeth-L\u00fcders-Hauses am Bundestag geparkt. Sie st\u00f6rten die TV-Aufzeichnung mit lautstark \u00fcbertragenen Schm\u00e4hliedern, Trillerpfeifen und Sprechch\u00f6ren. So laut war der Ger\u00e4uschpegel, dass Weidel ihren Interviewer mehrfach kaum verstehen konnte und nachfragen musste. Gesendet wurde das Interview trotzdem. Diese Aktion findet am Sonntagnachmittag wom\u00f6glich Nachahmer, wenn sich der Bundesvorsitzende von B\u00fcndnis90\/Die Gr\u00fcnen, Felix Banaszak, in diesem Interview-Format den Fragen von Matthias Dei\u00df stellt, dem stellvertretenden Studioleiter und Chefredakteur Fernsehen im ARD-Hauptstadtstudio. Jedenfalls wurden am Ort der Aufzeichnung an der Paul-L\u00f6be-Allee gleich zwei Demonstrationen angemeldet, best\u00e4tigt die Berliner Polizei gegen\u00fcber WELT.Das St\u00f6rpotenzial der einen Gruppe d\u00fcrfte begrenzt sein: So hat der Pro-Atomkraft-Verein \u201eNuklearia\u201c nur sechs Personen angemeldet: \u201eWir protestieren f\u00fcr die Wiedereinf\u00fchrung der Kernkraft in Deutschland aus Gr\u00fcnden des Umweltschutzes und der sicheren, g\u00fcnstigen Energieversorgung\u201c, hei\u00dft es im Demo-Aufruf. Ein Sprecher des Vereins versicherte auf Nachfrage von WELT, dass keine akustische St\u00f6rung mit Lautsprechern oder Megaphonen geplant sei. Allerdings habe man das Ziel, die Demo-Transparente \u201eim Blickwinkel der Fernsehkameras\u201c zu platzieren.Mit welchen Mitteln die andere Protestgruppe arbeiten will, ist unklar. Laut Berliner Polizei wurde ein offenbar satirischer Grund f\u00fcr die Demonstration genannt: \u201eMehr Demogeld f\u00fcr Antifa-Demonstrant*innen.\u201c Gefordert wird die \u201ezus\u00e4tzliche \u00dcbernahme aller Auslagen (Anreisekosten, Verpflegung, Verdienstausfall, Kinderbetreuung, Kundgebungsmittel)\u201c sowie eine \u201ej\u00e4hrliche Anpassung in H\u00f6he der Steigerung der Lebenshaltungskosten.\u201cDie im Meldeformular suggerierte Existenz eines \u201eDemogeldes\u201c, mit dem linke Demonstranten angeblich entlohnt w\u00fcrden f\u00fcr ihren Protest, wird in sozialen Medien immer wieder verbreitet und satirisch zitiert, es handelt sich aber um eine Verschw\u00f6rungstheorie ohne jede reale Grundlage.Doch nach Angaben des Bundesinnenministeriums wurden f\u00fcr diese Demonstration \u201ebis zu 100 Personen\u201c angemeldet. Die Versammlung wurde nach Informationen von WELT am Freitagnachmittag auch genehmigt. Zu den amtlichen Stellen, die \u00fcber ein Demo-Verbot zu befinden haben, geh\u00f6ren neben dem Bundesinnenministerium auch das Land Berlin und das Pr\u00e4sidium des Bundestags.  Die Beh\u00f6rden d\u00fcrften durch den Pr\u00e4zedenzfall des Weidel-Interviews allerdings unter einem gewissen Genehmigungsdruck gestanden haben. Nachdem die Polizei gegen die St\u00f6rer des AfD-Interviews erst relativ sp\u00e4t, nach rund 30 Minuten vorgegangen ist, w\u00fcrde sie sich dem Vorwurf der Ungleichbehandlung aussetzen, wenn sie St\u00f6raktionen gegen den Gr\u00fcnen-Chef von vornherein verbieten oder sofort kompromisslos unterbinden w\u00fcrden. Obwohl die Demonstrationen in dem fr\u00fcher als \u201eBannmeile\u201c bekannten, \u201ebefriedeten Bereich\u201c am Bundestag stattfinden, gilt dort nicht automatisch ein generelles Demonstrationsverbot. \u201eIm Hinblick auf den hohen Rang der Versammlungsfreiheit haben B\u00fcrgerinnen und B\u00fcrger nach \u00a7 3 des Gesetzes \u00fcber befriedete Bezirke f\u00fcr Verfassungsorgane des Bundes einen Anspruch auf die Zulassung einer Versammlung\u201c, teilte das Bundesinnenministerium mit. Voraussetzung daf\u00fcr sei allerdings, dass \u201eeine Beeintr\u00e4chtigung der T\u00e4tigkeit der gesch\u00fctzten Verfassungsorgane und eine Behinderung des freien Zugangs zu ihren in dem befriedeten Bezirk gelegenen Geb\u00e4uden nicht zu besorgen ist\u201c.Da gerade Parlamentsferien sind, droht eine St\u00f6rung des Bundestags durch die Versammlungen in der Tat nicht. Sorgen machen muss sich freilich die ARD \u00fcber ihr prominentes TV-Format \u201eSommerinterview\u201c, das traditionsgem\u00e4\u00df von der hochgelegenen Terrasse des Marie-Elisabeth-L\u00fcders-Hauses mit ihrem malerischen Blick auf Spree und Reichstagsgeb\u00e4ude gesendet wird.Sollten sich in der Folge des Weidel-Interviews hier jetzt regelm\u00e4\u00dfig die unterschiedlichsten Aktivisten und Protestgruppen zu einem Schaulaufen einfinden, droht das TV-Format in seiner bisherigen Form Schaden zu nehmen. Auch an diesem Sonntag beim Banaszak-Interview kann niemand ausschlie\u00dfen, dass es nicht doch noch zu spontanen Sprechch\u00f6ren oder \u00e4hnlichem kommt. Darauf, wie die ARD mit der Herausforderung umgeht, darf man gespannt sein. \u201eWir haben uns mit dem Sommerinterview vom 20.7. intensiv besch\u00e4ftigt und unsere Schl\u00fcsse gezogen\u201c, erkl\u00e4rte eine Sprecherin des Hauptstadtstudios auf Nachfrage. \u201eSo haben wir unser Sicherheitskonzept \u00fcberpr\u00fcft, stehen im engen Austausch mit den zust\u00e4ndigen Sicherheitsbeh\u00f6rden und haben technische sowie redaktionelle Vorkehrungen getroffen, um ein st\u00f6rungsfreies Sommerinterview f\u00fchren zu k\u00f6nnen.\u201c Man bitte um Verst\u00e4ndnis, \u201edass wir aus Sicherheitsgr\u00fcnden nicht weiter ins Detail gehen.\u201c Eine Ver\u00e4nderung gegen\u00fcber dem verungl\u00fcckten Interview mit Weidel wird es aber auf jeden Fall geben: Zwar wurde auch das Gespr\u00e4ch mit der AfD-Chefin am Sonntagnachmittag aufgezeichnet und erst am Abend um 18 Uhr im Hauptprogramm der ARD ausgestrahlt. Das Weidel-Interview wurde aber laut ARD auch als \u201eWatchparty \u201atagesschau together\u2018 live im Internet auf Twitch, Instagram, YouTube, TikTok, und auf Tagesschau24 \u00fcbertragen. So wurden die Internetnutzer Zeugen der St\u00f6raktion. Das soll am Sonntag beim Interview mit Banaszak nicht m\u00f6glich sein. Zwar plant die ARD auch diesmal wieder eine solche \u201eWatchparty\u201c, allerdings soll das Interview nicht live gestreamt werden. Stattdessen findet der Stream des aufgezeichneten Gespr\u00e4chs im Internet zeitgleich mit der Ausstrahlung im Hauptprogramm \u201eDas Erste\u201c statt: am Sonntag, 3. August, um 18.00 Uhr.Daniel Wetzel ist Wirtschaftsredakteur in Berlin. Er berichtet \u00fcber Energiewirtschaft und Klimapolitik. Er wurde 2007 vom Verein Deutscher Ingenieure (VDI) mit dem Robert-Mayer-Preis ausgezeichnet und vom Energiewirtschaftlichen Institut an der Universit\u00e4t K\u00f6ln 2009 mit dem Theodor-Wessels-Preis.","og_url":"https:\/\/vof-news.eu\/de\/atomkraft-befurworter-wollen-beim-ard-sommerinterview-gegen-grunen-chef-protestieren\/","og_site_name":"vof-news.eu","article_published_time":"2025-08-01T16:26:12+00:00","article_modified_time":"2025-08-01T16:26:39+00:00","og_image":[{"width":1200,"height":574,"url":"https:\/\/vof-news.eu\/wp-content\/uploads\/2025\/08\/felix-banaszak.webp","type":"image\/webp"}],"author":"Author","twitter_card":"summary_large_image","twitter_misc":{"Verfasst von":"Author","Gesch\u00e4tzte Lesezeit":"4\u00a0Minuten"},"schema":{"@context":"https:\/\/schema.org","@graph":[{"@type":"WebPage","@id":"https:\/\/vof-news.eu\/de\/atomkraft-befurworter-wollen-beim-ard-sommerinterview-gegen-grunen-chef-protestieren\/","url":"https:\/\/vof-news.eu\/de\/atomkraft-befurworter-wollen-beim-ard-sommerinterview-gegen-grunen-chef-protestieren\/","name":"Atomkraft-Bef\u00fcrworter wollen beim ARD-Sommerinterview gegen Gr\u00fcnen-Chef protestieren - vof-news.eu","isPartOf":{"@id":"https:\/\/vof-news.eu\/de\/#website"},"primaryImageOfPage":{"@id":"https:\/\/vof-news.eu\/de\/atomkraft-befurworter-wollen-beim-ard-sommerinterview-gegen-grunen-chef-protestieren\/#primaryimage"},"image":{"@id":"https:\/\/vof-news.eu\/de\/atomkraft-befurworter-wollen-beim-ard-sommerinterview-gegen-grunen-chef-protestieren\/#primaryimage"},"thumbnailUrl":"https:\/\/vof-news.eu\/wp-content\/uploads\/2025\/08\/felix-banaszak.webp","datePublished":"2025-08-01T16:26:12+00:00","dateModified":"2025-08-01T16:26:39+00:00","author":{"@id":"https:\/\/vof-news.eu\/de\/#\/schema\/person\/f6a2a4309f0561835797fd8c19b333ed"},"description":"Das \u201eSommerinterview\u201c der ARD mit der Vorsitzenden der gr\u00f6\u00dften Oppositionspartei im Deutschen Bundestag, Alice Weidel, hatte am 20. Juli f\u00fcr Schlagzeilen gesorgt \u2013 nicht unbedingt wegen des Inhalts, sondern wegen der \u00e4u\u00dferen Umst\u00e4nde. Eine Gruppe politischer Aktivisten namens \u201eZentrum f\u00fcr Politische Sch\u00f6nheit\u201c hatte einen Lautsprecher-Bus vor der Terrasse des Marie-Elisabeth-L\u00fcders-Hauses am Bundestag geparkt. Sie st\u00f6rten die TV-Aufzeichnung mit lautstark \u00fcbertragenen Schm\u00e4hliedern, Trillerpfeifen und Sprechch\u00f6ren. So laut war der Ger\u00e4uschpegel, dass Weidel ihren Interviewer mehrfach kaum verstehen konnte und nachfragen musste. Gesendet wurde das Interview trotzdem. Diese Aktion findet am Sonntagnachmittag wom\u00f6glich Nachahmer, wenn sich der Bundesvorsitzende von B\u00fcndnis90\/Die Gr\u00fcnen, Felix Banaszak, in diesem Interview-Format den Fragen von Matthias Dei\u00df stellt, dem stellvertretenden Studioleiter und Chefredakteur Fernsehen im ARD-Hauptstadtstudio. Jedenfalls wurden am Ort der Aufzeichnung an der Paul-L\u00f6be-Allee gleich zwei Demonstrationen angemeldet, best\u00e4tigt die Berliner Polizei gegen\u00fcber WELT.Das St\u00f6rpotenzial der einen Gruppe d\u00fcrfte begrenzt sein: So hat der Pro-Atomkraft-Verein \u201eNuklearia\u201c nur sechs Personen angemeldet: \u201eWir protestieren f\u00fcr die Wiedereinf\u00fchrung der Kernkraft in Deutschland aus Gr\u00fcnden des Umweltschutzes und der sicheren, g\u00fcnstigen Energieversorgung\u201c, hei\u00dft es im Demo-Aufruf. Ein Sprecher des Vereins versicherte auf Nachfrage von WELT, dass keine akustische St\u00f6rung mit Lautsprechern oder Megaphonen geplant sei. Allerdings habe man das Ziel, die Demo-Transparente \u201eim Blickwinkel der Fernsehkameras\u201c zu platzieren.Mit welchen Mitteln die andere Protestgruppe arbeiten will, ist unklar. Laut Berliner Polizei wurde ein offenbar satirischer Grund f\u00fcr die Demonstration genannt: \u201eMehr Demogeld f\u00fcr Antifa-Demonstrant*innen.\u201c Gefordert wird die \u201ezus\u00e4tzliche \u00dcbernahme aller Auslagen (Anreisekosten, Verpflegung, Verdienstausfall, Kinderbetreuung, Kundgebungsmittel)\u201c sowie eine \u201ej\u00e4hrliche Anpassung in H\u00f6he der Steigerung der Lebenshaltungskosten.\u201cDie im Meldeformular suggerierte Existenz eines \u201eDemogeldes\u201c, mit dem linke Demonstranten angeblich entlohnt w\u00fcrden f\u00fcr ihren Protest, wird in sozialen Medien immer wieder verbreitet und satirisch zitiert, es handelt sich aber um eine Verschw\u00f6rungstheorie ohne jede reale Grundlage.Doch nach Angaben des Bundesinnenministeriums wurden f\u00fcr diese Demonstration \u201ebis zu 100 Personen\u201c angemeldet. Die Versammlung wurde nach Informationen von WELT am Freitagnachmittag auch genehmigt. Zu den amtlichen Stellen, die \u00fcber ein Demo-Verbot zu befinden haben, geh\u00f6ren neben dem Bundesinnenministerium auch das Land Berlin und das Pr\u00e4sidium des Bundestags. Die Beh\u00f6rden d\u00fcrften durch den Pr\u00e4zedenzfall des Weidel-Interviews allerdings unter einem gewissen Genehmigungsdruck gestanden haben. Nachdem die Polizei gegen die St\u00f6rer des AfD-Interviews erst relativ sp\u00e4t, nach rund 30 Minuten vorgegangen ist, w\u00fcrde sie sich dem Vorwurf der Ungleichbehandlung aussetzen, wenn sie St\u00f6raktionen gegen den Gr\u00fcnen-Chef von vornherein verbieten oder sofort kompromisslos unterbinden w\u00fcrden. Obwohl die Demonstrationen in dem fr\u00fcher als \u201eBannmeile\u201c bekannten, \u201ebefriedeten Bereich\u201c am Bundestag stattfinden, gilt dort nicht automatisch ein generelles Demonstrationsverbot. \u201eIm Hinblick auf den hohen Rang der Versammlungsfreiheit haben B\u00fcrgerinnen und B\u00fcrger nach \u00a7 3 des Gesetzes \u00fcber befriedete Bezirke f\u00fcr Verfassungsorgane des Bundes einen Anspruch auf die Zulassung einer Versammlung\u201c, teilte das Bundesinnenministerium mit. Voraussetzung daf\u00fcr sei allerdings, dass \u201eeine Beeintr\u00e4chtigung der T\u00e4tigkeit der gesch\u00fctzten Verfassungsorgane und eine Behinderung des freien Zugangs zu ihren in dem befriedeten Bezirk gelegenen Geb\u00e4uden nicht zu besorgen ist\u201c.Da gerade Parlamentsferien sind, droht eine St\u00f6rung des Bundestags durch die Versammlungen in der Tat nicht. Sorgen machen muss sich freilich die ARD \u00fcber ihr prominentes TV-Format \u201eSommerinterview\u201c, das traditionsgem\u00e4\u00df von der hochgelegenen Terrasse des Marie-Elisabeth-L\u00fcders-Hauses mit ihrem malerischen Blick auf Spree und Reichstagsgeb\u00e4ude gesendet wird.Sollten sich in der Folge des Weidel-Interviews hier jetzt regelm\u00e4\u00dfig die unterschiedlichsten Aktivisten und Protestgruppen zu einem Schaulaufen einfinden, droht das TV-Format in seiner bisherigen Form Schaden zu nehmen. Auch an diesem Sonntag beim Banaszak-Interview kann niemand ausschlie\u00dfen, dass es nicht doch noch zu spontanen Sprechch\u00f6ren oder \u00e4hnlichem kommt. Darauf, wie die ARD mit der Herausforderung umgeht, darf man gespannt sein. \u201eWir haben uns mit dem Sommerinterview vom 20.7. intensiv besch\u00e4ftigt und unsere Schl\u00fcsse gezogen\u201c, erkl\u00e4rte eine Sprecherin des Hauptstadtstudios auf Nachfrage. \u201eSo haben wir unser Sicherheitskonzept \u00fcberpr\u00fcft, stehen im engen Austausch mit den zust\u00e4ndigen Sicherheitsbeh\u00f6rden und haben technische sowie redaktionelle Vorkehrungen getroffen, um ein st\u00f6rungsfreies Sommerinterview f\u00fchren zu k\u00f6nnen.\u201c Man bitte um Verst\u00e4ndnis, \u201edass wir aus Sicherheitsgr\u00fcnden nicht weiter ins Detail gehen.\u201c Eine Ver\u00e4nderung gegen\u00fcber dem verungl\u00fcckten Interview mit Weidel wird es aber auf jeden Fall geben: Zwar wurde auch das Gespr\u00e4ch mit der AfD-Chefin am Sonntagnachmittag aufgezeichnet und erst am Abend um 18 Uhr im Hauptprogramm der ARD ausgestrahlt. Das Weidel-Interview wurde aber laut ARD auch als \u201eWatchparty \u201atagesschau together\u2018 live im Internet auf Twitch, Instagram, YouTube, TikTok, und auf Tagesschau24 \u00fcbertragen. So wurden die Internetnutzer Zeugen der St\u00f6raktion. Das soll am Sonntag beim Interview mit Banaszak nicht m\u00f6glich sein. Zwar plant die ARD auch diesmal wieder eine solche \u201eWatchparty\u201c, allerdings soll das Interview nicht live gestreamt werden. Stattdessen findet der Stream des aufgezeichneten Gespr\u00e4chs im Internet zeitgleich mit der Ausstrahlung im Hauptprogramm \u201eDas Erste\u201c statt: am Sonntag, 3. August, um 18.00 Uhr.Daniel Wetzel ist Wirtschaftsredakteur in Berlin. Er berichtet \u00fcber Energiewirtschaft und Klimapolitik. Er wurde 2007 vom Verein Deutscher Ingenieure (VDI) mit dem Robert-Mayer-Preis ausgezeichnet und vom Energiewirtschaftlichen Institut an der Universit\u00e4t K\u00f6ln 2009 mit dem Theodor-Wessels-Preis.","breadcrumb":{"@id":"https:\/\/vof-news.eu\/de\/atomkraft-befurworter-wollen-beim-ard-sommerinterview-gegen-grunen-chef-protestieren\/#breadcrumb"},"inLanguage":"de","potentialAction":[{"@type":"ReadAction","target":["https:\/\/vof-news.eu\/de\/atomkraft-befurworter-wollen-beim-ard-sommerinterview-gegen-grunen-chef-protestieren\/"]}]},{"@type":"ImageObject","inLanguage":"de","@id":"https:\/\/vof-news.eu\/de\/atomkraft-befurworter-wollen-beim-ard-sommerinterview-gegen-grunen-chef-protestieren\/#primaryimage","url":"https:\/\/vof-news.eu\/wp-content\/uploads\/2025\/08\/felix-banaszak.webp","contentUrl":"https:\/\/vof-news.eu\/wp-content\/uploads\/2025\/08\/felix-banaszak.webp","width":1200,"height":574},{"@type":"BreadcrumbList","@id":"https:\/\/vof-news.eu\/de\/atomkraft-befurworter-wollen-beim-ard-sommerinterview-gegen-grunen-chef-protestieren\/#breadcrumb","itemListElement":[{"@type":"ListItem","position":1,"name":"Home","item":"https:\/\/vof-news.eu\/de\/"},{"@type":"ListItem","position":2,"name":"Atomkraft-Bef\u00fcrworter wollen beim ARD-Sommerinterview gegen Gr\u00fcnen-Chef protestieren"}]},{"@type":"WebSite","@id":"https:\/\/vof-news.eu\/de\/#website","url":"https:\/\/vof-news.eu\/de\/","name":"vof-news.eu","description":"","potentialAction":[{"@type":"SearchAction","target":{"@type":"EntryPoint","urlTemplate":"https:\/\/vof-news.eu\/de\/?s={search_term_string}"},"query-input":"required name=search_term_string"}],"inLanguage":"de"},{"@type":"Person","@id":"https:\/\/vof-news.eu\/de\/#\/schema\/person\/f6a2a4309f0561835797fd8c19b333ed","name":"Author","image":{"@type":"ImageObject","inLanguage":"de","@id":"https:\/\/vof-news.eu\/de\/#\/schema\/person\/image\/","url":"https:\/\/secure.gravatar.com\/avatar\/b67e614b1b25b3e9c0c239efdd2fde5ab015b5affd6f1c3c85911ca4b384e790?s=96&d=mm&r=g","contentUrl":"https:\/\/secure.gravatar.com\/avatar\/b67e614b1b25b3e9c0c239efdd2fde5ab015b5affd6f1c3c85911ca4b384e790?s=96&d=mm&r=g","caption":"Author"},"sameAs":["http:\/\/vof-news.eu"],"url":"https:\/\/vof-news.eu\/de\/author\/zwt6qxnjulxbnyg\/"}]}},"yoast_meta":{"yoast_wpseo_title":"","yoast_wpseo_metadesc":"","yoast_wpseo_canonical":""},"_links":{"self":[{"href":"https:\/\/vof-news.eu\/de\/wp-json\/wp\/v2\/posts\/261106","targetHints":{"allow":["GET"]}}],"collection":[{"href":"https:\/\/vof-news.eu\/de\/wp-json\/wp\/v2\/posts"}],"about":[{"href":"https:\/\/vof-news.eu\/de\/wp-json\/wp\/v2\/types\/post"}],"author":[{"embeddable":true,"href":"https:\/\/vof-news.eu\/de\/wp-json\/wp\/v2\/users\/1"}],"replies":[{"embeddable":true,"href":"https:\/\/vof-news.eu\/de\/wp-json\/wp\/v2\/comments?post=261106"}],"version-history":[{"count":1,"href":"https:\/\/vof-news.eu\/de\/wp-json\/wp\/v2\/posts\/261106\/revisions"}],"predecessor-version":[{"id":261113,"href":"https:\/\/vof-news.eu\/de\/wp-json\/wp\/v2\/posts\/261106\/revisions\/261113"}],"wp:featuredmedia":[{"embeddable":true,"href":"https:\/\/vof-news.eu\/de\/wp-json\/wp\/v2\/media\/261107"}],"wp:attachment":[{"href":"https:\/\/vof-news.eu\/de\/wp-json\/wp\/v2\/media?parent=261106"}],"wp:term":[{"taxonomy":"category","embeddable":true,"href":"https:\/\/vof-news.eu\/de\/wp-json\/wp\/v2\/categories?post=261106"},{"taxonomy":"post_tag","embeddable":true,"href":"https:\/\/vof-news.eu\/de\/wp-json\/wp\/v2\/tags?post=261106"}],"curies":[{"name":"wp","href":"https:\/\/api.w.org\/{rel}","templated":true}]}}