{"id":261021,"date":"2025-08-01T11:27:02","date_gmt":"2025-08-01T08:27:02","guid":{"rendered":"https:\/\/vof-news.eu\/duisburger-jobcenter-chef-will-termin-verweigerern-burgergeld-entziehen\/"},"modified":"2025-08-01T11:27:20","modified_gmt":"2025-08-01T08:27:20","slug":"duisburger-jobcenter-chef-will-termin-verweigerern-burgergeld-entziehen","status":"publish","type":"post","link":"https:\/\/vof-news.eu\/de\/duisburger-jobcenter-chef-will-termin-verweigerern-burgergeld-entziehen\/","title":{"rendered":"Duisburger Jobcenter-Chef will Termin-Verweigerern B\u00fcrgergeld entziehen"},"content":{"rendered":"<p>Der Gesch\u00e4ftsf\u00fchrer des Duisburger Jobcenters, Frank B\u00f6ttcher, pl\u00e4diert f\u00fcr eine sch\u00e4rfere Gangart gegen\u00fcber unkooperativen <a class=\"is-link c-block-items__link c-link--rich-text-renderer\" data-internal-tracking='{\"action\":\"click\",\"label\":\"link\",\"name\":\"Inline Element\",\"data\":{\"source\":\"\",\"target\":\"https:\/\/www.welt.de\/themen\/buergergeld\/\",\"trackingName\":\"\",\"trackingLabel\":\"\"}}' data-internal-tracking-enabled=\"true\" href=\"https:\/\/www.welt.de\/themen\/buergergeld\/\">B\u00fcrgergeld-Empf\u00e4ngern<\/a>. \u201eWenn jemand nicht zu einem Termin erscheint und zu einem zweiten auch nicht, w\u00e4re es hilfreich, wenn wir eine gerichtsfeste M\u00f6glichkeit h\u00e4tten, die Leistungen vorl\u00e4ufig einzustellen\u201c sagte B\u00f6ttcher dem <a class=\"is-link c-block-items__link is-external c-link--rich-text-renderer\" data-internal-tracking='{\"action\":\"click\",\"label\":\"link\",\"name\":\"Inline Element\",\"data\":{\"source\":\"\",\"target\":\"https:\/\/www.spiegel.de\/wirtschaft\/soziales\/jobcenter-chef-ueber-buergergeld-manchmal-ruft-jemand-an-und-kuendigt-an-alles-in-die-luft-zu-sprengen-a-ca7ac04c-3f4c-4cef-8068-287077508195?d=1753956397\",\"trackingName\":\"\",\"trackingLabel\":\"\"}}' data-internal-tracking-enabled=\"true\" href=\"https:\/\/www.spiegel.de\/wirtschaft\/soziales\/jobcenter-chef-ueber-buergergeld-manchmal-ruft-jemand-an-und-kuendigt-an-alles-in-die-luft-zu-sprengen-a-ca7ac04c-3f4c-4cef-8068-287077508195?d=1753956397\" rel=\"nofollow\" title=\"(Link wird in einem neuen Tab ge\u00f6ffnet)\">Nachrichtenmagazin \u201eSpiegel\u201c<\/a>. Das sei etwas anderes als eine regul\u00e4re Sanktion: \u201eWir spielen damit den Ball in die Spielfeldh\u00e4lfte des Betroffenen. Wenn er dann erscheint und mit uns zusammenarbeitet, setzen wir wieder ein mit der Leistungszahlung.\u201c<\/p>\n<p>B\u00f6ttcher betonte, es gehe um einen sehr kleinen Anteil der B\u00fcrgergeld-Bezieher: \u201eDie meisten arbeiten gut mit uns zusammen.\u201c Allerdings sei es seit dem Urteil des Bundesverfassungsgerichts im November 2019 und der B\u00fcrgergeld-Reform 2023 \u201eviel komplizierter geworden, \u00fcberhaupt eine Leistungsminderung zu verh\u00e4ngen\u201c, so B\u00f6ttcher. \u201eWir brauchen praktikable L\u00f6sungen.\u201c<\/p>\n<p>Duisburg ist die Heimatstadt von SPD-Co-Chefin B\u00e4rbel Bas, die als Arbeitsministerin eine Reform des B\u00fcrgergelds auf den Weg bringen muss. Rund 72.000 der etwa 500.000 Einwohner beziehen B\u00fcrgergeld, ein mehr als doppelt so hoher Anteil wie im Bundesschnitt. <\/p>\n<h3>Debatte \u201eoftmals schwarz-wei\u00df\u201c<\/h3>\n<p>B\u00f6ttcher kritisierte die Debatte \u00fcber die Grundsicherung als \u201eoftmals schwarz-wei\u00df. Entweder alle Empf\u00e4nger haben sich angeblich bequem in der sozialen H\u00e4ngematte eingerichtet und wollen nicht arbeiten. Oder es hei\u00dft, alle seien Opfer eines grausamen kapitalistischen Systems, und jede eingeforderte Mitwirkung ist ein Anschlag auf die Menschenw\u00fcrde. Beides ist Bl\u00f6dsinn\u201c, sagte der Jobcenter-Chef. \u201eDiese Zuspitzungen sind Gift f\u00fcr die Gesellschaft.\u201c<\/p>\n<p>Der nordrhein-westf\u00e4lische Regierungschef Hendrik W\u00fcst fordert indes eine umfassende B\u00fcrgergeld-Reform mit \u00c4nderungen bei der Wohnkosten-\u00dcbernahme und bei den Verm\u00f6gensgrenzen: \u201eDer Staat darf nicht l\u00e4nger f\u00fcr B\u00fcrgergeld-Empf\u00e4nger sehr gro\u00dfe und sehr teure Wohnungen bezahlen, die sich diejenigen nicht leisten k\u00f6nnen, die f\u00fcr wenig Geld arbeiten\u201c, sagte der CDU-Politiker dem <a class=\"is-link c-block-items__link is-external c-link--rich-text-renderer\" data-internal-tracking='{\"action\":\"click\",\"label\":\"link\",\"name\":\"Inline Element\",\"data\":{\"source\":\"\",\"target\":\"https:\/\/www.focusplus.de\/politik\/wuest-fordert-rentenreform-zusaetzliche-lebenserwartung-nutzen-3695\",\"trackingName\":\"\",\"trackingLabel\":\"\"}}' data-internal-tracking-enabled=\"true\" href=\"https:\/\/www.focusplus.de\/politik\/wuest-fordert-rentenreform-zusaetzliche-lebenserwartung-nutzen-3695\" rel=\"nofollow\" title=\"(Link wird in einem neuen Tab ge\u00f6ffnet)\">Nachrichtenmagazin \u201eFocus\u201c.<\/a> Beim Schonverm\u00f6gen m\u00fcsse man die Verm\u00f6gensgrenzen ver\u00e4ndern und \u201edie Zeit, in der das Verm\u00f6gen nicht f\u00fcr den eigenen Lebensunterhalt herangezogen werden kann\u201c, forderte er.<\/p>\n<p>W\u00fcst pl\u00e4dierte daf\u00fcr die Fehlanreize im System abzubauen. \u201eEs gibt F\u00e4lle, in denen sich zus\u00e4tzliche Arbeit beim Nettoeinkommen kaum bemerkbar macht\u201c, warnte der Ministerpr\u00e4sident. \u201eDer Sozialstaat ist derart komplex, dass Fehlanreize entstehen. Das Gerechtigkeitsempfinden von vielen Menschen, die f\u00fcr wenig Geld arbeiten gehen, ist verletzt. Daran muss die Bundesregierung arbeiten.\u201c<\/p>\n","protected":false},"excerpt":{"rendered":"<p>Der Gesch\u00e4ftsf\u00fchrer des Duisburger Jobcenters, Frank B\u00f6ttcher, pl\u00e4diert f\u00fcr eine sch\u00e4rfere Gangart gegen\u00fcber unkooperativen B\u00fcrgergeld-Empf\u00e4ngern. \u201eWenn jemand nicht zu einem Termin erscheint und zu einem zweiten auch nicht, w\u00e4re es hilfreich, wenn wir eine gerichtsfeste M\u00f6glichkeit h\u00e4tten, die Leistungen vorl\u00e4ufig einzustellen\u201c sagte B\u00f6ttcher dem Nachrichtenmagazin \u201eSpiegel\u201c. Das sei etwas anderes als eine regul\u00e4re Sanktion: \u201eWir<\/p>\n","protected":false},"author":1,"featured_media":261022,"comment_status":"open","ping_status":"open","sticky":false,"template":"","format":"standard","meta":{"footnotes":""},"categories":[59],"tags":[],"class_list":["post-261021","post","type-post","status-publish","format-standard","has-post-thumbnail","hentry","category-business-de"],"acf":[],"yoast_head":"<!-- This site is optimized with the Yoast SEO plugin v22.9 - https:\/\/yoast.com\/wordpress\/plugins\/seo\/ -->\n<title>Duisburger Jobcenter-Chef will Termin-Verweigerern B\u00fcrgergeld entziehen - vof-news.eu<\/title>\n<meta name=\"description\" content=\"Der Gesch\u00e4ftsf\u00fchrer des Duisburger Jobcenters, Frank B\u00f6ttcher, pl\u00e4diert f\u00fcr eine sch\u00e4rfere Gangart gegen\u00fcber unkooperativen B\u00fcrgergeld-Empf\u00e4ngern. \u201eWenn jemand nicht zu einem Termin erscheint und zu einem zweiten auch nicht, w\u00e4re es hilfreich, wenn wir eine gerichtsfeste M\u00f6glichkeit h\u00e4tten, die Leistungen vorl\u00e4ufig einzustellen\u201c sagte B\u00f6ttcher dem Nachrichtenmagazin \u201eSpiegel\u201c. Das sei etwas anderes als eine regul\u00e4re Sanktion: \u201eWir spielen damit den Ball in die Spielfeldh\u00e4lfte des Betroffenen. Wenn er dann erscheint und mit uns zusammenarbeitet, setzen wir wieder ein mit der Leistungszahlung.\u201cB\u00f6ttcher betonte, es gehe um einen sehr kleinen Anteil der B\u00fcrgergeld-Bezieher: \u201eDie meisten arbeiten gut mit uns zusammen.\u201c Allerdings sei es seit dem Urteil des Bundesverfassungsgerichts im November 2019 und der B\u00fcrgergeld-Reform 2023 \u201eviel komplizierter geworden, \u00fcberhaupt eine Leistungsminderung zu verh\u00e4ngen\u201c, so B\u00f6ttcher. \u201eWir brauchen praktikable L\u00f6sungen.\u201cDuisburg ist die Heimatstadt von SPD-Co-Chefin B\u00e4rbel Bas, die als Arbeitsministerin eine Reform des B\u00fcrgergelds auf den Weg bringen muss. Rund 72.000 der etwa 500.000 Einwohner beziehen B\u00fcrgergeld, ein mehr als doppelt so hoher Anteil wie im Bundesschnitt. Debatte \u201eoftmals schwarz-wei\u00df\u201cB\u00f6ttcher kritisierte die Debatte \u00fcber die Grundsicherung als \u201eoftmals schwarz-wei\u00df. Entweder alle Empf\u00e4nger haben sich angeblich bequem in der sozialen H\u00e4ngematte eingerichtet und wollen nicht arbeiten. Oder es hei\u00dft, alle seien Opfer eines grausamen kapitalistischen Systems, und jede eingeforderte Mitwirkung ist ein Anschlag auf die Menschenw\u00fcrde. Beides ist Bl\u00f6dsinn\u201c, sagte der Jobcenter-Chef. \u201eDiese Zuspitzungen sind Gift f\u00fcr die Gesellschaft.\u201cDer nordrhein-westf\u00e4lische Regierungschef Hendrik W\u00fcst fordert indes eine umfassende B\u00fcrgergeld-Reform mit \u00c4nderungen bei der Wohnkosten-\u00dcbernahme und bei den Verm\u00f6gensgrenzen: \u201eDer Staat darf nicht l\u00e4nger f\u00fcr B\u00fcrgergeld-Empf\u00e4nger sehr gro\u00dfe und sehr teure Wohnungen bezahlen, die sich diejenigen nicht leisten k\u00f6nnen, die f\u00fcr wenig Geld arbeiten\u201c, sagte der CDU-Politiker dem Nachrichtenmagazin \u201eFocus\u201c. Beim Schonverm\u00f6gen m\u00fcsse man die Verm\u00f6gensgrenzen ver\u00e4ndern und \u201edie Zeit, in der das Verm\u00f6gen nicht f\u00fcr den eigenen Lebensunterhalt herangezogen werden kann\u201c, forderte er.W\u00fcst pl\u00e4dierte daf\u00fcr die Fehlanreize im System abzubauen. \u201eEs gibt F\u00e4lle, in denen sich zus\u00e4tzliche Arbeit beim Nettoeinkommen kaum bemerkbar macht\u201c, warnte der Ministerpr\u00e4sident. \u201eDer Sozialstaat ist derart komplex, dass Fehlanreize entstehen. Das Gerechtigkeitsempfinden von vielen Menschen, die f\u00fcr wenig Geld arbeiten gehen, ist verletzt. Daran muss die Bundesregierung arbeiten.\u201c\" \/>\n<meta name=\"robots\" content=\"noindex, follow, max-snippet:-1, max-image-preview:large, max-video-preview:-1\" \/>\n<meta property=\"og:locale\" content=\"de_DE\" \/>\n<meta property=\"og:type\" content=\"article\" \/>\n<meta property=\"og:title\" content=\"Duisburger Jobcenter-Chef will Termin-Verweigerern B\u00fcrgergeld entziehen - vof-news.eu\" \/>\n<meta property=\"og:description\" content=\"Der Gesch\u00e4ftsf\u00fchrer des Duisburger Jobcenters, Frank B\u00f6ttcher, pl\u00e4diert f\u00fcr eine sch\u00e4rfere Gangart gegen\u00fcber unkooperativen B\u00fcrgergeld-Empf\u00e4ngern. \u201eWenn jemand nicht zu einem Termin erscheint und zu einem zweiten auch nicht, w\u00e4re es hilfreich, wenn wir eine gerichtsfeste M\u00f6glichkeit h\u00e4tten, die Leistungen vorl\u00e4ufig einzustellen\u201c sagte B\u00f6ttcher dem Nachrichtenmagazin \u201eSpiegel\u201c. Das sei etwas anderes als eine regul\u00e4re Sanktion: \u201eWir spielen damit den Ball in die Spielfeldh\u00e4lfte des Betroffenen. Wenn er dann erscheint und mit uns zusammenarbeitet, setzen wir wieder ein mit der Leistungszahlung.\u201cB\u00f6ttcher betonte, es gehe um einen sehr kleinen Anteil der B\u00fcrgergeld-Bezieher: \u201eDie meisten arbeiten gut mit uns zusammen.\u201c Allerdings sei es seit dem Urteil des Bundesverfassungsgerichts im November 2019 und der B\u00fcrgergeld-Reform 2023 \u201eviel komplizierter geworden, \u00fcberhaupt eine Leistungsminderung zu verh\u00e4ngen\u201c, so B\u00f6ttcher. \u201eWir brauchen praktikable L\u00f6sungen.\u201cDuisburg ist die Heimatstadt von SPD-Co-Chefin B\u00e4rbel Bas, die als Arbeitsministerin eine Reform des B\u00fcrgergelds auf den Weg bringen muss. Rund 72.000 der etwa 500.000 Einwohner beziehen B\u00fcrgergeld, ein mehr als doppelt so hoher Anteil wie im Bundesschnitt. Debatte \u201eoftmals schwarz-wei\u00df\u201cB\u00f6ttcher kritisierte die Debatte \u00fcber die Grundsicherung als \u201eoftmals schwarz-wei\u00df. Entweder alle Empf\u00e4nger haben sich angeblich bequem in der sozialen H\u00e4ngematte eingerichtet und wollen nicht arbeiten. Oder es hei\u00dft, alle seien Opfer eines grausamen kapitalistischen Systems, und jede eingeforderte Mitwirkung ist ein Anschlag auf die Menschenw\u00fcrde. Beides ist Bl\u00f6dsinn\u201c, sagte der Jobcenter-Chef. \u201eDiese Zuspitzungen sind Gift f\u00fcr die Gesellschaft.\u201cDer nordrhein-westf\u00e4lische Regierungschef Hendrik W\u00fcst fordert indes eine umfassende B\u00fcrgergeld-Reform mit \u00c4nderungen bei der Wohnkosten-\u00dcbernahme und bei den Verm\u00f6gensgrenzen: \u201eDer Staat darf nicht l\u00e4nger f\u00fcr B\u00fcrgergeld-Empf\u00e4nger sehr gro\u00dfe und sehr teure Wohnungen bezahlen, die sich diejenigen nicht leisten k\u00f6nnen, die f\u00fcr wenig Geld arbeiten\u201c, sagte der CDU-Politiker dem Nachrichtenmagazin \u201eFocus\u201c. Beim Schonverm\u00f6gen m\u00fcsse man die Verm\u00f6gensgrenzen ver\u00e4ndern und \u201edie Zeit, in der das Verm\u00f6gen nicht f\u00fcr den eigenen Lebensunterhalt herangezogen werden kann\u201c, forderte er.W\u00fcst pl\u00e4dierte daf\u00fcr die Fehlanreize im System abzubauen. \u201eEs gibt F\u00e4lle, in denen sich zus\u00e4tzliche Arbeit beim Nettoeinkommen kaum bemerkbar macht\u201c, warnte der Ministerpr\u00e4sident. \u201eDer Sozialstaat ist derart komplex, dass Fehlanreize entstehen. Das Gerechtigkeitsempfinden von vielen Menschen, die f\u00fcr wenig Geld arbeiten gehen, ist verletzt. Daran muss die Bundesregierung arbeiten.\u201c\" \/>\n<meta property=\"og:url\" content=\"https:\/\/vof-news.eu\/de\/duisburger-jobcenter-chef-will-termin-verweigerern-burgergeld-entziehen\/\" \/>\n<meta property=\"og:site_name\" content=\"vof-news.eu\" \/>\n<meta property=\"article:published_time\" content=\"2025-08-01T08:27:02+00:00\" \/>\n<meta property=\"article:modified_time\" content=\"2025-08-01T08:27:20+00:00\" \/>\n<meta property=\"og:image\" content=\"https:\/\/vof-news.eu\/wp-content\/uploads\/2025\/08\/jobmesse-tag-der-moeglichkeiten.webp\" \/>\n\t<meta property=\"og:image:width\" content=\"1200\" \/>\n\t<meta property=\"og:image:height\" content=\"574\" \/>\n\t<meta property=\"og:image:type\" content=\"image\/webp\" \/>\n<meta name=\"author\" content=\"Author\" \/>\n<meta name=\"twitter:card\" content=\"summary_large_image\" \/>\n<meta name=\"twitter:label1\" content=\"Verfasst von\" \/>\n\t<meta name=\"twitter:data1\" content=\"Author\" \/>\n\t<meta name=\"twitter:label2\" content=\"Gesch\u00e4tzte Lesezeit\" \/>\n\t<meta name=\"twitter:data2\" content=\"2\u00a0Minuten\" \/>\n<script type=\"application\/ld+json\" class=\"yoast-schema-graph\">{\"@context\":\"https:\/\/schema.org\",\"@graph\":[{\"@type\":\"WebPage\",\"@id\":\"https:\/\/vof-news.eu\/de\/duisburger-jobcenter-chef-will-termin-verweigerern-burgergeld-entziehen\/\",\"url\":\"https:\/\/vof-news.eu\/de\/duisburger-jobcenter-chef-will-termin-verweigerern-burgergeld-entziehen\/\",\"name\":\"Duisburger Jobcenter-Chef will Termin-Verweigerern B\u00fcrgergeld entziehen - vof-news.eu\",\"isPartOf\":{\"@id\":\"https:\/\/vof-news.eu\/de\/#website\"},\"primaryImageOfPage\":{\"@id\":\"https:\/\/vof-news.eu\/de\/duisburger-jobcenter-chef-will-termin-verweigerern-burgergeld-entziehen\/#primaryimage\"},\"image\":{\"@id\":\"https:\/\/vof-news.eu\/de\/duisburger-jobcenter-chef-will-termin-verweigerern-burgergeld-entziehen\/#primaryimage\"},\"thumbnailUrl\":\"https:\/\/vof-news.eu\/wp-content\/uploads\/2025\/08\/jobmesse-tag-der-moeglichkeiten.webp\",\"datePublished\":\"2025-08-01T08:27:02+00:00\",\"dateModified\":\"2025-08-01T08:27:20+00:00\",\"author\":{\"@id\":\"https:\/\/vof-news.eu\/de\/#\/schema\/person\/f6a2a4309f0561835797fd8c19b333ed\"},\"description\":\"Der Gesch\u00e4ftsf\u00fchrer des Duisburger Jobcenters, Frank B\u00f6ttcher, pl\u00e4diert f\u00fcr eine sch\u00e4rfere Gangart gegen\u00fcber unkooperativen B\u00fcrgergeld-Empf\u00e4ngern. \u201eWenn jemand nicht zu einem Termin erscheint und zu einem zweiten auch nicht, w\u00e4re es hilfreich, wenn wir eine gerichtsfeste M\u00f6glichkeit h\u00e4tten, die Leistungen vorl\u00e4ufig einzustellen\u201c sagte B\u00f6ttcher dem Nachrichtenmagazin \u201eSpiegel\u201c. Das sei etwas anderes als eine regul\u00e4re Sanktion: \u201eWir spielen damit den Ball in die Spielfeldh\u00e4lfte des Betroffenen. Wenn er dann erscheint und mit uns zusammenarbeitet, setzen wir wieder ein mit der Leistungszahlung.\u201cB\u00f6ttcher betonte, es gehe um einen sehr kleinen Anteil der B\u00fcrgergeld-Bezieher: \u201eDie meisten arbeiten gut mit uns zusammen.\u201c Allerdings sei es seit dem Urteil des Bundesverfassungsgerichts im November 2019 und der B\u00fcrgergeld-Reform 2023 \u201eviel komplizierter geworden, \u00fcberhaupt eine Leistungsminderung zu verh\u00e4ngen\u201c, so B\u00f6ttcher. \u201eWir brauchen praktikable L\u00f6sungen.\u201cDuisburg ist die Heimatstadt von SPD-Co-Chefin B\u00e4rbel Bas, die als Arbeitsministerin eine Reform des B\u00fcrgergelds auf den Weg bringen muss. Rund 72.000 der etwa 500.000 Einwohner beziehen B\u00fcrgergeld, ein mehr als doppelt so hoher Anteil wie im Bundesschnitt. Debatte \u201eoftmals schwarz-wei\u00df\u201cB\u00f6ttcher kritisierte die Debatte \u00fcber die Grundsicherung als \u201eoftmals schwarz-wei\u00df. Entweder alle Empf\u00e4nger haben sich angeblich bequem in der sozialen H\u00e4ngematte eingerichtet und wollen nicht arbeiten. Oder es hei\u00dft, alle seien Opfer eines grausamen kapitalistischen Systems, und jede eingeforderte Mitwirkung ist ein Anschlag auf die Menschenw\u00fcrde. Beides ist Bl\u00f6dsinn\u201c, sagte der Jobcenter-Chef. \u201eDiese Zuspitzungen sind Gift f\u00fcr die Gesellschaft.\u201cDer nordrhein-westf\u00e4lische Regierungschef Hendrik W\u00fcst fordert indes eine umfassende B\u00fcrgergeld-Reform mit \u00c4nderungen bei der Wohnkosten-\u00dcbernahme und bei den Verm\u00f6gensgrenzen: \u201eDer Staat darf nicht l\u00e4nger f\u00fcr B\u00fcrgergeld-Empf\u00e4nger sehr gro\u00dfe und sehr teure Wohnungen bezahlen, die sich diejenigen nicht leisten k\u00f6nnen, die f\u00fcr wenig Geld arbeiten\u201c, sagte der CDU-Politiker dem Nachrichtenmagazin \u201eFocus\u201c. Beim Schonverm\u00f6gen m\u00fcsse man die Verm\u00f6gensgrenzen ver\u00e4ndern und \u201edie Zeit, in der das Verm\u00f6gen nicht f\u00fcr den eigenen Lebensunterhalt herangezogen werden kann\u201c, forderte er.W\u00fcst pl\u00e4dierte daf\u00fcr die Fehlanreize im System abzubauen. \u201eEs gibt F\u00e4lle, in denen sich zus\u00e4tzliche Arbeit beim Nettoeinkommen kaum bemerkbar macht\u201c, warnte der Ministerpr\u00e4sident. \u201eDer Sozialstaat ist derart komplex, dass Fehlanreize entstehen. Das Gerechtigkeitsempfinden von vielen Menschen, die f\u00fcr wenig Geld arbeiten gehen, ist verletzt. Daran muss die Bundesregierung arbeiten.\u201c\",\"breadcrumb\":{\"@id\":\"https:\/\/vof-news.eu\/de\/duisburger-jobcenter-chef-will-termin-verweigerern-burgergeld-entziehen\/#breadcrumb\"},\"inLanguage\":\"de\",\"potentialAction\":[{\"@type\":\"ReadAction\",\"target\":[\"https:\/\/vof-news.eu\/de\/duisburger-jobcenter-chef-will-termin-verweigerern-burgergeld-entziehen\/\"]}]},{\"@type\":\"ImageObject\",\"inLanguage\":\"de\",\"@id\":\"https:\/\/vof-news.eu\/de\/duisburger-jobcenter-chef-will-termin-verweigerern-burgergeld-entziehen\/#primaryimage\",\"url\":\"https:\/\/vof-news.eu\/wp-content\/uploads\/2025\/08\/jobmesse-tag-der-moeglichkeiten.webp\",\"contentUrl\":\"https:\/\/vof-news.eu\/wp-content\/uploads\/2025\/08\/jobmesse-tag-der-moeglichkeiten.webp\",\"width\":1200,\"height\":574},{\"@type\":\"BreadcrumbList\",\"@id\":\"https:\/\/vof-news.eu\/de\/duisburger-jobcenter-chef-will-termin-verweigerern-burgergeld-entziehen\/#breadcrumb\",\"itemListElement\":[{\"@type\":\"ListItem\",\"position\":1,\"name\":\"Home\",\"item\":\"https:\/\/vof-news.eu\/de\/\"},{\"@type\":\"ListItem\",\"position\":2,\"name\":\"Duisburger Jobcenter-Chef will Termin-Verweigerern B\u00fcrgergeld entziehen\"}]},{\"@type\":\"WebSite\",\"@id\":\"https:\/\/vof-news.eu\/de\/#website\",\"url\":\"https:\/\/vof-news.eu\/de\/\",\"name\":\"vof-news.eu\",\"description\":\"\",\"potentialAction\":[{\"@type\":\"SearchAction\",\"target\":{\"@type\":\"EntryPoint\",\"urlTemplate\":\"https:\/\/vof-news.eu\/de\/?s={search_term_string}\"},\"query-input\":\"required name=search_term_string\"}],\"inLanguage\":\"de\"},{\"@type\":\"Person\",\"@id\":\"https:\/\/vof-news.eu\/de\/#\/schema\/person\/f6a2a4309f0561835797fd8c19b333ed\",\"name\":\"Author\",\"image\":{\"@type\":\"ImageObject\",\"inLanguage\":\"de\",\"@id\":\"https:\/\/vof-news.eu\/de\/#\/schema\/person\/image\/\",\"url\":\"https:\/\/secure.gravatar.com\/avatar\/b67e614b1b25b3e9c0c239efdd2fde5ab015b5affd6f1c3c85911ca4b384e790?s=96&d=mm&r=g\",\"contentUrl\":\"https:\/\/secure.gravatar.com\/avatar\/b67e614b1b25b3e9c0c239efdd2fde5ab015b5affd6f1c3c85911ca4b384e790?s=96&d=mm&r=g\",\"caption\":\"Author\"},\"sameAs\":[\"http:\/\/vof-news.eu\"],\"url\":\"https:\/\/vof-news.eu\/de\/author\/zwt6qxnjulxbnyg\/\"}]}<\/script>\n<!-- \/ Yoast SEO plugin. -->","yoast_head_json":{"title":"Duisburger Jobcenter-Chef will Termin-Verweigerern B\u00fcrgergeld entziehen - vof-news.eu","description":"Der Gesch\u00e4ftsf\u00fchrer des Duisburger Jobcenters, Frank B\u00f6ttcher, pl\u00e4diert f\u00fcr eine sch\u00e4rfere Gangart gegen\u00fcber unkooperativen B\u00fcrgergeld-Empf\u00e4ngern. \u201eWenn jemand nicht zu einem Termin erscheint und zu einem zweiten auch nicht, w\u00e4re es hilfreich, wenn wir eine gerichtsfeste M\u00f6glichkeit h\u00e4tten, die Leistungen vorl\u00e4ufig einzustellen\u201c sagte B\u00f6ttcher dem Nachrichtenmagazin \u201eSpiegel\u201c. Das sei etwas anderes als eine regul\u00e4re Sanktion: \u201eWir spielen damit den Ball in die Spielfeldh\u00e4lfte des Betroffenen. Wenn er dann erscheint und mit uns zusammenarbeitet, setzen wir wieder ein mit der Leistungszahlung.\u201cB\u00f6ttcher betonte, es gehe um einen sehr kleinen Anteil der B\u00fcrgergeld-Bezieher: \u201eDie meisten arbeiten gut mit uns zusammen.\u201c Allerdings sei es seit dem Urteil des Bundesverfassungsgerichts im November 2019 und der B\u00fcrgergeld-Reform 2023 \u201eviel komplizierter geworden, \u00fcberhaupt eine Leistungsminderung zu verh\u00e4ngen\u201c, so B\u00f6ttcher. \u201eWir brauchen praktikable L\u00f6sungen.\u201cDuisburg ist die Heimatstadt von SPD-Co-Chefin B\u00e4rbel Bas, die als Arbeitsministerin eine Reform des B\u00fcrgergelds auf den Weg bringen muss. Rund 72.000 der etwa 500.000 Einwohner beziehen B\u00fcrgergeld, ein mehr als doppelt so hoher Anteil wie im Bundesschnitt. Debatte \u201eoftmals schwarz-wei\u00df\u201cB\u00f6ttcher kritisierte die Debatte \u00fcber die Grundsicherung als \u201eoftmals schwarz-wei\u00df. Entweder alle Empf\u00e4nger haben sich angeblich bequem in der sozialen H\u00e4ngematte eingerichtet und wollen nicht arbeiten. Oder es hei\u00dft, alle seien Opfer eines grausamen kapitalistischen Systems, und jede eingeforderte Mitwirkung ist ein Anschlag auf die Menschenw\u00fcrde. Beides ist Bl\u00f6dsinn\u201c, sagte der Jobcenter-Chef. \u201eDiese Zuspitzungen sind Gift f\u00fcr die Gesellschaft.\u201cDer nordrhein-westf\u00e4lische Regierungschef Hendrik W\u00fcst fordert indes eine umfassende B\u00fcrgergeld-Reform mit \u00c4nderungen bei der Wohnkosten-\u00dcbernahme und bei den Verm\u00f6gensgrenzen: \u201eDer Staat darf nicht l\u00e4nger f\u00fcr B\u00fcrgergeld-Empf\u00e4nger sehr gro\u00dfe und sehr teure Wohnungen bezahlen, die sich diejenigen nicht leisten k\u00f6nnen, die f\u00fcr wenig Geld arbeiten\u201c, sagte der CDU-Politiker dem Nachrichtenmagazin \u201eFocus\u201c. Beim Schonverm\u00f6gen m\u00fcsse man die Verm\u00f6gensgrenzen ver\u00e4ndern und \u201edie Zeit, in der das Verm\u00f6gen nicht f\u00fcr den eigenen Lebensunterhalt herangezogen werden kann\u201c, forderte er.W\u00fcst pl\u00e4dierte daf\u00fcr die Fehlanreize im System abzubauen. \u201eEs gibt F\u00e4lle, in denen sich zus\u00e4tzliche Arbeit beim Nettoeinkommen kaum bemerkbar macht\u201c, warnte der Ministerpr\u00e4sident. \u201eDer Sozialstaat ist derart komplex, dass Fehlanreize entstehen. Das Gerechtigkeitsempfinden von vielen Menschen, die f\u00fcr wenig Geld arbeiten gehen, ist verletzt. Daran muss die Bundesregierung arbeiten.\u201c","robots":{"index":"noindex","follow":"follow","max-snippet":"max-snippet:-1","max-image-preview":"max-image-preview:large","max-video-preview":"max-video-preview:-1"},"og_locale":"de_DE","og_type":"article","og_title":"Duisburger Jobcenter-Chef will Termin-Verweigerern B\u00fcrgergeld entziehen - vof-news.eu","og_description":"Der Gesch\u00e4ftsf\u00fchrer des Duisburger Jobcenters, Frank B\u00f6ttcher, pl\u00e4diert f\u00fcr eine sch\u00e4rfere Gangart gegen\u00fcber unkooperativen B\u00fcrgergeld-Empf\u00e4ngern. \u201eWenn jemand nicht zu einem Termin erscheint und zu einem zweiten auch nicht, w\u00e4re es hilfreich, wenn wir eine gerichtsfeste M\u00f6glichkeit h\u00e4tten, die Leistungen vorl\u00e4ufig einzustellen\u201c sagte B\u00f6ttcher dem Nachrichtenmagazin \u201eSpiegel\u201c. Das sei etwas anderes als eine regul\u00e4re Sanktion: \u201eWir spielen damit den Ball in die Spielfeldh\u00e4lfte des Betroffenen. Wenn er dann erscheint und mit uns zusammenarbeitet, setzen wir wieder ein mit der Leistungszahlung.\u201cB\u00f6ttcher betonte, es gehe um einen sehr kleinen Anteil der B\u00fcrgergeld-Bezieher: \u201eDie meisten arbeiten gut mit uns zusammen.\u201c Allerdings sei es seit dem Urteil des Bundesverfassungsgerichts im November 2019 und der B\u00fcrgergeld-Reform 2023 \u201eviel komplizierter geworden, \u00fcberhaupt eine Leistungsminderung zu verh\u00e4ngen\u201c, so B\u00f6ttcher. \u201eWir brauchen praktikable L\u00f6sungen.\u201cDuisburg ist die Heimatstadt von SPD-Co-Chefin B\u00e4rbel Bas, die als Arbeitsministerin eine Reform des B\u00fcrgergelds auf den Weg bringen muss. Rund 72.000 der etwa 500.000 Einwohner beziehen B\u00fcrgergeld, ein mehr als doppelt so hoher Anteil wie im Bundesschnitt. Debatte \u201eoftmals schwarz-wei\u00df\u201cB\u00f6ttcher kritisierte die Debatte \u00fcber die Grundsicherung als \u201eoftmals schwarz-wei\u00df. Entweder alle Empf\u00e4nger haben sich angeblich bequem in der sozialen H\u00e4ngematte eingerichtet und wollen nicht arbeiten. Oder es hei\u00dft, alle seien Opfer eines grausamen kapitalistischen Systems, und jede eingeforderte Mitwirkung ist ein Anschlag auf die Menschenw\u00fcrde. Beides ist Bl\u00f6dsinn\u201c, sagte der Jobcenter-Chef. \u201eDiese Zuspitzungen sind Gift f\u00fcr die Gesellschaft.\u201cDer nordrhein-westf\u00e4lische Regierungschef Hendrik W\u00fcst fordert indes eine umfassende B\u00fcrgergeld-Reform mit \u00c4nderungen bei der Wohnkosten-\u00dcbernahme und bei den Verm\u00f6gensgrenzen: \u201eDer Staat darf nicht l\u00e4nger f\u00fcr B\u00fcrgergeld-Empf\u00e4nger sehr gro\u00dfe und sehr teure Wohnungen bezahlen, die sich diejenigen nicht leisten k\u00f6nnen, die f\u00fcr wenig Geld arbeiten\u201c, sagte der CDU-Politiker dem Nachrichtenmagazin \u201eFocus\u201c. Beim Schonverm\u00f6gen m\u00fcsse man die Verm\u00f6gensgrenzen ver\u00e4ndern und \u201edie Zeit, in der das Verm\u00f6gen nicht f\u00fcr den eigenen Lebensunterhalt herangezogen werden kann\u201c, forderte er.W\u00fcst pl\u00e4dierte daf\u00fcr die Fehlanreize im System abzubauen. \u201eEs gibt F\u00e4lle, in denen sich zus\u00e4tzliche Arbeit beim Nettoeinkommen kaum bemerkbar macht\u201c, warnte der Ministerpr\u00e4sident. \u201eDer Sozialstaat ist derart komplex, dass Fehlanreize entstehen. Das Gerechtigkeitsempfinden von vielen Menschen, die f\u00fcr wenig Geld arbeiten gehen, ist verletzt. Daran muss die Bundesregierung arbeiten.\u201c","og_url":"https:\/\/vof-news.eu\/de\/duisburger-jobcenter-chef-will-termin-verweigerern-burgergeld-entziehen\/","og_site_name":"vof-news.eu","article_published_time":"2025-08-01T08:27:02+00:00","article_modified_time":"2025-08-01T08:27:20+00:00","og_image":[{"width":1200,"height":574,"url":"https:\/\/vof-news.eu\/wp-content\/uploads\/2025\/08\/jobmesse-tag-der-moeglichkeiten.webp","type":"image\/webp"}],"author":"Author","twitter_card":"summary_large_image","twitter_misc":{"Verfasst von":"Author","Gesch\u00e4tzte Lesezeit":"2\u00a0Minuten"},"schema":{"@context":"https:\/\/schema.org","@graph":[{"@type":"WebPage","@id":"https:\/\/vof-news.eu\/de\/duisburger-jobcenter-chef-will-termin-verweigerern-burgergeld-entziehen\/","url":"https:\/\/vof-news.eu\/de\/duisburger-jobcenter-chef-will-termin-verweigerern-burgergeld-entziehen\/","name":"Duisburger Jobcenter-Chef will Termin-Verweigerern B\u00fcrgergeld entziehen - vof-news.eu","isPartOf":{"@id":"https:\/\/vof-news.eu\/de\/#website"},"primaryImageOfPage":{"@id":"https:\/\/vof-news.eu\/de\/duisburger-jobcenter-chef-will-termin-verweigerern-burgergeld-entziehen\/#primaryimage"},"image":{"@id":"https:\/\/vof-news.eu\/de\/duisburger-jobcenter-chef-will-termin-verweigerern-burgergeld-entziehen\/#primaryimage"},"thumbnailUrl":"https:\/\/vof-news.eu\/wp-content\/uploads\/2025\/08\/jobmesse-tag-der-moeglichkeiten.webp","datePublished":"2025-08-01T08:27:02+00:00","dateModified":"2025-08-01T08:27:20+00:00","author":{"@id":"https:\/\/vof-news.eu\/de\/#\/schema\/person\/f6a2a4309f0561835797fd8c19b333ed"},"description":"Der Gesch\u00e4ftsf\u00fchrer des Duisburger Jobcenters, Frank B\u00f6ttcher, pl\u00e4diert f\u00fcr eine sch\u00e4rfere Gangart gegen\u00fcber unkooperativen B\u00fcrgergeld-Empf\u00e4ngern. \u201eWenn jemand nicht zu einem Termin erscheint und zu einem zweiten auch nicht, w\u00e4re es hilfreich, wenn wir eine gerichtsfeste M\u00f6glichkeit h\u00e4tten, die Leistungen vorl\u00e4ufig einzustellen\u201c sagte B\u00f6ttcher dem Nachrichtenmagazin \u201eSpiegel\u201c. Das sei etwas anderes als eine regul\u00e4re Sanktion: \u201eWir spielen damit den Ball in die Spielfeldh\u00e4lfte des Betroffenen. Wenn er dann erscheint und mit uns zusammenarbeitet, setzen wir wieder ein mit der Leistungszahlung.\u201cB\u00f6ttcher betonte, es gehe um einen sehr kleinen Anteil der B\u00fcrgergeld-Bezieher: \u201eDie meisten arbeiten gut mit uns zusammen.\u201c Allerdings sei es seit dem Urteil des Bundesverfassungsgerichts im November 2019 und der B\u00fcrgergeld-Reform 2023 \u201eviel komplizierter geworden, \u00fcberhaupt eine Leistungsminderung zu verh\u00e4ngen\u201c, so B\u00f6ttcher. \u201eWir brauchen praktikable L\u00f6sungen.\u201cDuisburg ist die Heimatstadt von SPD-Co-Chefin B\u00e4rbel Bas, die als Arbeitsministerin eine Reform des B\u00fcrgergelds auf den Weg bringen muss. Rund 72.000 der etwa 500.000 Einwohner beziehen B\u00fcrgergeld, ein mehr als doppelt so hoher Anteil wie im Bundesschnitt. Debatte \u201eoftmals schwarz-wei\u00df\u201cB\u00f6ttcher kritisierte die Debatte \u00fcber die Grundsicherung als \u201eoftmals schwarz-wei\u00df. Entweder alle Empf\u00e4nger haben sich angeblich bequem in der sozialen H\u00e4ngematte eingerichtet und wollen nicht arbeiten. Oder es hei\u00dft, alle seien Opfer eines grausamen kapitalistischen Systems, und jede eingeforderte Mitwirkung ist ein Anschlag auf die Menschenw\u00fcrde. Beides ist Bl\u00f6dsinn\u201c, sagte der Jobcenter-Chef. \u201eDiese Zuspitzungen sind Gift f\u00fcr die Gesellschaft.\u201cDer nordrhein-westf\u00e4lische Regierungschef Hendrik W\u00fcst fordert indes eine umfassende B\u00fcrgergeld-Reform mit \u00c4nderungen bei der Wohnkosten-\u00dcbernahme und bei den Verm\u00f6gensgrenzen: \u201eDer Staat darf nicht l\u00e4nger f\u00fcr B\u00fcrgergeld-Empf\u00e4nger sehr gro\u00dfe und sehr teure Wohnungen bezahlen, die sich diejenigen nicht leisten k\u00f6nnen, die f\u00fcr wenig Geld arbeiten\u201c, sagte der CDU-Politiker dem Nachrichtenmagazin \u201eFocus\u201c. Beim Schonverm\u00f6gen m\u00fcsse man die Verm\u00f6gensgrenzen ver\u00e4ndern und \u201edie Zeit, in der das Verm\u00f6gen nicht f\u00fcr den eigenen Lebensunterhalt herangezogen werden kann\u201c, forderte er.W\u00fcst pl\u00e4dierte daf\u00fcr die Fehlanreize im System abzubauen. \u201eEs gibt F\u00e4lle, in denen sich zus\u00e4tzliche Arbeit beim Nettoeinkommen kaum bemerkbar macht\u201c, warnte der Ministerpr\u00e4sident. \u201eDer Sozialstaat ist derart komplex, dass Fehlanreize entstehen. Das Gerechtigkeitsempfinden von vielen Menschen, die f\u00fcr wenig Geld arbeiten gehen, ist verletzt. Daran muss die Bundesregierung arbeiten.\u201c","breadcrumb":{"@id":"https:\/\/vof-news.eu\/de\/duisburger-jobcenter-chef-will-termin-verweigerern-burgergeld-entziehen\/#breadcrumb"},"inLanguage":"de","potentialAction":[{"@type":"ReadAction","target":["https:\/\/vof-news.eu\/de\/duisburger-jobcenter-chef-will-termin-verweigerern-burgergeld-entziehen\/"]}]},{"@type":"ImageObject","inLanguage":"de","@id":"https:\/\/vof-news.eu\/de\/duisburger-jobcenter-chef-will-termin-verweigerern-burgergeld-entziehen\/#primaryimage","url":"https:\/\/vof-news.eu\/wp-content\/uploads\/2025\/08\/jobmesse-tag-der-moeglichkeiten.webp","contentUrl":"https:\/\/vof-news.eu\/wp-content\/uploads\/2025\/08\/jobmesse-tag-der-moeglichkeiten.webp","width":1200,"height":574},{"@type":"BreadcrumbList","@id":"https:\/\/vof-news.eu\/de\/duisburger-jobcenter-chef-will-termin-verweigerern-burgergeld-entziehen\/#breadcrumb","itemListElement":[{"@type":"ListItem","position":1,"name":"Home","item":"https:\/\/vof-news.eu\/de\/"},{"@type":"ListItem","position":2,"name":"Duisburger Jobcenter-Chef will Termin-Verweigerern B\u00fcrgergeld entziehen"}]},{"@type":"WebSite","@id":"https:\/\/vof-news.eu\/de\/#website","url":"https:\/\/vof-news.eu\/de\/","name":"vof-news.eu","description":"","potentialAction":[{"@type":"SearchAction","target":{"@type":"EntryPoint","urlTemplate":"https:\/\/vof-news.eu\/de\/?s={search_term_string}"},"query-input":"required name=search_term_string"}],"inLanguage":"de"},{"@type":"Person","@id":"https:\/\/vof-news.eu\/de\/#\/schema\/person\/f6a2a4309f0561835797fd8c19b333ed","name":"Author","image":{"@type":"ImageObject","inLanguage":"de","@id":"https:\/\/vof-news.eu\/de\/#\/schema\/person\/image\/","url":"https:\/\/secure.gravatar.com\/avatar\/b67e614b1b25b3e9c0c239efdd2fde5ab015b5affd6f1c3c85911ca4b384e790?s=96&d=mm&r=g","contentUrl":"https:\/\/secure.gravatar.com\/avatar\/b67e614b1b25b3e9c0c239efdd2fde5ab015b5affd6f1c3c85911ca4b384e790?s=96&d=mm&r=g","caption":"Author"},"sameAs":["http:\/\/vof-news.eu"],"url":"https:\/\/vof-news.eu\/de\/author\/zwt6qxnjulxbnyg\/"}]}},"yoast_meta":{"yoast_wpseo_title":"","yoast_wpseo_metadesc":"","yoast_wpseo_canonical":""},"_links":{"self":[{"href":"https:\/\/vof-news.eu\/de\/wp-json\/wp\/v2\/posts\/261021","targetHints":{"allow":["GET"]}}],"collection":[{"href":"https:\/\/vof-news.eu\/de\/wp-json\/wp\/v2\/posts"}],"about":[{"href":"https:\/\/vof-news.eu\/de\/wp-json\/wp\/v2\/types\/post"}],"author":[{"embeddable":true,"href":"https:\/\/vof-news.eu\/de\/wp-json\/wp\/v2\/users\/1"}],"replies":[{"embeddable":true,"href":"https:\/\/vof-news.eu\/de\/wp-json\/wp\/v2\/comments?post=261021"}],"version-history":[{"count":1,"href":"https:\/\/vof-news.eu\/de\/wp-json\/wp\/v2\/posts\/261021\/revisions"}],"predecessor-version":[{"id":261028,"href":"https:\/\/vof-news.eu\/de\/wp-json\/wp\/v2\/posts\/261021\/revisions\/261028"}],"wp:featuredmedia":[{"embeddable":true,"href":"https:\/\/vof-news.eu\/de\/wp-json\/wp\/v2\/media\/261022"}],"wp:attachment":[{"href":"https:\/\/vof-news.eu\/de\/wp-json\/wp\/v2\/media?parent=261021"}],"wp:term":[{"taxonomy":"category","embeddable":true,"href":"https:\/\/vof-news.eu\/de\/wp-json\/wp\/v2\/categories?post=261021"},{"taxonomy":"post_tag","embeddable":true,"href":"https:\/\/vof-news.eu\/de\/wp-json\/wp\/v2\/tags?post=261021"}],"curies":[{"name":"wp","href":"https:\/\/api.w.org\/{rel}","templated":true}]}}