{"id":261013,"date":"2025-08-01T11:26:14","date_gmt":"2025-08-01T08:26:14","guid":{"rendered":"https:\/\/vof-news.eu\/ceo-von-jaguar-land-rover-tritt-wahrend-radikalumbau-zuruck\/"},"modified":"2025-08-01T11:26:39","modified_gmt":"2025-08-01T08:26:39","slug":"ceo-von-jaguar-land-rover-tritt-wahrend-radikalumbau-zuruck","status":"publish","type":"post","link":"https:\/\/vof-news.eu\/de\/ceo-von-jaguar-land-rover-tritt-wahrend-radikalumbau-zuruck\/","title":{"rendered":"CEO von Jaguar-Land-Rover tritt w\u00e4hrend Radikalumbau zur\u00fcck"},"content":{"rendered":"<p>Mitten im Radikalumbau geht der CEO: Der Vorstandsvorsitzende von Jaguar Land Rover, Adrian Mardell, tritt von seinem Posten zur\u00fcck, w\u00e4hrend sich der Hersteller von Luxus-SUVs mit h\u00f6heren US-Z\u00f6llen und einer umstrittenen Neuausrichtung der Marke Jaguar auseinandersetzen muss.<\/p>\n<p>\u201e<a class=\"is-link c-block-items__link c-link--rich-text-renderer\" data-internal-tracking='{\"action\":\"click\",\"label\":\"link\",\"name\":\"Inline Element\",\"data\":{\"source\":\"\",\"target\":\"https:\/\/www.welt.de\/wirtschaft\/article245104066\/So-will-Jaguar-Land-Rover-deutschen-Premium-Herstellern-gefaehrlich-werden.html\",\"trackingName\":\"\",\"trackingLabel\":\"\"}}' data-internal-tracking-enabled=\"true\" href=\"https:\/\/www.welt.de\/wirtschaft\/article245104066\/So-will-Jaguar-Land-Rover-deutschen-Premium-Herstellern-gefaehrlich-werden.html\">Adrian Mardell<\/a> hat seinen Wunsch ge\u00e4u\u00dfert, nach drei Jahren als CEO und 35 Jahren im Unternehmen in den Ruhestand zu gehen\u201c, sagte ein Sprecher in einer Stellungnahme \u00fcber den 64-J\u00e4hrigen. \u201eSein Nachfolger wird zu gegebener Zeit bekannt gegeben.\u201c<\/p>\n<p>Das Unternehmen, das im Besitz des indischen Konzerns Tata Motors Ltd. ist, verzichtete angesichts der Unsicherheit \u00fcber US-Z\u00f6lle, wie andere Autohersteller auch, auf eine Gewinnprognose. Jaguar Land Rover, das die SUVs der Marken Range Rover und Land Rover produziert, verf\u00fcgt bislang \u00fcber keine Werke in den USA.<\/p>\n<p>Ein <a class=\"is-link c-block-items__link c-link--rich-text-renderer\" data-internal-tracking='{\"action\":\"click\",\"label\":\"link\",\"name\":\"Inline Element\",\"data\":{\"source\":\"\",\"target\":\"https:\/\/www.welt.de\/vermischtes\/article254608060\/Jaguar-Im-neuen-Werbespot-ist-kein-Auto-zu-sehen-das-sorgt-fuer-Spott.html\",\"trackingName\":\"\",\"trackingLabel\":\"\"}}' data-internal-tracking-enabled=\"true\" href=\"https:\/\/www.welt.de\/vermischtes\/article254608060\/Jaguar-Im-neuen-Werbespot-ist-kein-Auto-zu-sehen-das-sorgt-fuer-Spott.html\">Video aus dem vergangenen Jahr<\/a>, das einen Vorgeschmack auf Jaguars Umstellung zu einer rein elektrischen Marke geben sollte, stie\u00df auf heftige Kritik. Jaguar stellt derzeit keine Fahrzeuge her, bis die neue Modellreihe fertig ist.<\/p>\n<p>Auch bei mehreren anderen europ\u00e4ischen Autoherstellern \u2013 darunter Renault SA, Stellantis NV und Volvo Car AB \u2013 gab es k\u00fcrzlich einen Wechsel in der CEO-Position.<\/p>\n","protected":false},"excerpt":{"rendered":"<p>Mitten im Radikalumbau geht der CEO: Der Vorstandsvorsitzende von Jaguar Land Rover, Adrian Mardell, tritt von seinem Posten zur\u00fcck, w\u00e4hrend sich der Hersteller von Luxus-SUVs mit h\u00f6heren US-Z\u00f6llen und einer umstrittenen Neuausrichtung der Marke Jaguar auseinandersetzen muss. \u201eAdrian Mardell hat seinen Wunsch ge\u00e4u\u00dfert, nach drei Jahren als CEO und 35 Jahren im Unternehmen in den<\/p>\n","protected":false},"author":1,"featured_media":261014,"comment_status":"open","ping_status":"open","sticky":false,"template":"","format":"standard","meta":{"footnotes":""},"categories":[59],"tags":[],"class_list":["post-261013","post","type-post","status-publish","format-standard","has-post-thumbnail","hentry","category-business-de"],"acf":[],"yoast_head":"<!-- This site is optimized with the Yoast SEO plugin v22.9 - https:\/\/yoast.com\/wordpress\/plugins\/seo\/ -->\n<title>CEO von Jaguar-Land-Rover tritt w\u00e4hrend Radikalumbau zur\u00fcck - vof-news.eu<\/title>\n<meta name=\"description\" content=\"Mitten im Radikalumbau geht der CEO: Der Vorstandsvorsitzende von Jaguar Land Rover, Adrian Mardell, tritt von seinem Posten zur\u00fcck, w\u00e4hrend sich der Hersteller von Luxus-SUVs mit h\u00f6heren US-Z\u00f6llen und einer umstrittenen Neuausrichtung der Marke Jaguar auseinandersetzen muss.\u201eAdrian Mardell hat seinen Wunsch ge\u00e4u\u00dfert, nach drei Jahren als CEO und 35 Jahren im Unternehmen in den Ruhestand zu gehen\u201c, sagte ein Sprecher in einer Stellungnahme \u00fcber den 64-J\u00e4hrigen. \u201eSein Nachfolger wird zu gegebener Zeit bekannt gegeben.\u201cDas Unternehmen, das im Besitz des indischen Konzerns Tata Motors Ltd. ist, verzichtete angesichts der Unsicherheit \u00fcber US-Z\u00f6lle, wie andere Autohersteller auch, auf eine Gewinnprognose. Jaguar Land Rover, das die SUVs der Marken Range Rover und Land Rover produziert, verf\u00fcgt bislang \u00fcber keine Werke in den USA.Ein Video aus dem vergangenen Jahr, das einen Vorgeschmack auf Jaguars Umstellung zu einer rein elektrischen Marke geben sollte, stie\u00df auf heftige Kritik. Jaguar stellt derzeit keine Fahrzeuge her, bis die neue Modellreihe fertig ist.Auch bei mehreren anderen europ\u00e4ischen Autoherstellern \u2013 darunter Renault SA, Stellantis NV und Volvo Car AB \u2013 gab es k\u00fcrzlich einen Wechsel in der CEO-Position.\" \/>\n<meta name=\"robots\" content=\"noindex, follow, max-snippet:-1, max-image-preview:large, max-video-preview:-1\" \/>\n<meta property=\"og:locale\" content=\"de_DE\" \/>\n<meta property=\"og:type\" content=\"article\" \/>\n<meta property=\"og:title\" content=\"CEO von Jaguar-Land-Rover tritt w\u00e4hrend Radikalumbau zur\u00fcck - vof-news.eu\" \/>\n<meta property=\"og:description\" content=\"Mitten im Radikalumbau geht der CEO: Der Vorstandsvorsitzende von Jaguar Land Rover, Adrian Mardell, tritt von seinem Posten zur\u00fcck, w\u00e4hrend sich der Hersteller von Luxus-SUVs mit h\u00f6heren US-Z\u00f6llen und einer umstrittenen Neuausrichtung der Marke Jaguar auseinandersetzen muss.\u201eAdrian Mardell hat seinen Wunsch ge\u00e4u\u00dfert, nach drei Jahren als CEO und 35 Jahren im Unternehmen in den Ruhestand zu gehen\u201c, sagte ein Sprecher in einer Stellungnahme \u00fcber den 64-J\u00e4hrigen. \u201eSein Nachfolger wird zu gegebener Zeit bekannt gegeben.\u201cDas Unternehmen, das im Besitz des indischen Konzerns Tata Motors Ltd. ist, verzichtete angesichts der Unsicherheit \u00fcber US-Z\u00f6lle, wie andere Autohersteller auch, auf eine Gewinnprognose. Jaguar Land Rover, das die SUVs der Marken Range Rover und Land Rover produziert, verf\u00fcgt bislang \u00fcber keine Werke in den USA.Ein Video aus dem vergangenen Jahr, das einen Vorgeschmack auf Jaguars Umstellung zu einer rein elektrischen Marke geben sollte, stie\u00df auf heftige Kritik. Jaguar stellt derzeit keine Fahrzeuge her, bis die neue Modellreihe fertig ist.Auch bei mehreren anderen europ\u00e4ischen Autoherstellern \u2013 darunter Renault SA, Stellantis NV und Volvo Car AB \u2013 gab es k\u00fcrzlich einen Wechsel in der CEO-Position.\" \/>\n<meta property=\"og:url\" content=\"https:\/\/vof-news.eu\/de\/ceo-von-jaguar-land-rover-tritt-wahrend-radikalumbau-zuruck\/\" \/>\n<meta property=\"og:site_name\" content=\"vof-news.eu\" \/>\n<meta property=\"article:published_time\" content=\"2025-08-01T08:26:14+00:00\" \/>\n<meta property=\"article:modified_time\" content=\"2025-08-01T08:26:39+00:00\" \/>\n<meta property=\"og:image\" content=\"https:\/\/vof-news.eu\/wp-content\/uploads\/2025\/08\/file-photo-outgoing-ceo-of-jaguar-land-rover-adrian-mardell-speaks-as-britain-s-prime-minister-keir-starmer-looks-on.webp\" \/>\n\t<meta property=\"og:image:width\" content=\"1200\" \/>\n\t<meta property=\"og:image:height\" content=\"574\" \/>\n\t<meta property=\"og:image:type\" content=\"image\/webp\" \/>\n<meta name=\"author\" content=\"Author\" \/>\n<meta name=\"twitter:card\" content=\"summary_large_image\" \/>\n<meta name=\"twitter:label1\" content=\"Verfasst von\" \/>\n\t<meta name=\"twitter:data1\" content=\"Author\" \/>\n\t<meta name=\"twitter:label2\" content=\"Gesch\u00e4tzte Lesezeit\" \/>\n\t<meta name=\"twitter:data2\" content=\"1\u00a0Minute\" \/>\n<script type=\"application\/ld+json\" class=\"yoast-schema-graph\">{\"@context\":\"https:\/\/schema.org\",\"@graph\":[{\"@type\":\"WebPage\",\"@id\":\"https:\/\/vof-news.eu\/de\/ceo-von-jaguar-land-rover-tritt-wahrend-radikalumbau-zuruck\/\",\"url\":\"https:\/\/vof-news.eu\/de\/ceo-von-jaguar-land-rover-tritt-wahrend-radikalumbau-zuruck\/\",\"name\":\"CEO von Jaguar-Land-Rover tritt w\u00e4hrend Radikalumbau zur\u00fcck - vof-news.eu\",\"isPartOf\":{\"@id\":\"https:\/\/vof-news.eu\/de\/#website\"},\"primaryImageOfPage\":{\"@id\":\"https:\/\/vof-news.eu\/de\/ceo-von-jaguar-land-rover-tritt-wahrend-radikalumbau-zuruck\/#primaryimage\"},\"image\":{\"@id\":\"https:\/\/vof-news.eu\/de\/ceo-von-jaguar-land-rover-tritt-wahrend-radikalumbau-zuruck\/#primaryimage\"},\"thumbnailUrl\":\"https:\/\/vof-news.eu\/wp-content\/uploads\/2025\/08\/file-photo-outgoing-ceo-of-jaguar-land-rover-adrian-mardell-speaks-as-britain-s-prime-minister-keir-starmer-looks-on.webp\",\"datePublished\":\"2025-08-01T08:26:14+00:00\",\"dateModified\":\"2025-08-01T08:26:39+00:00\",\"author\":{\"@id\":\"https:\/\/vof-news.eu\/de\/#\/schema\/person\/f6a2a4309f0561835797fd8c19b333ed\"},\"description\":\"Mitten im Radikalumbau geht der CEO: Der Vorstandsvorsitzende von Jaguar Land Rover, Adrian Mardell, tritt von seinem Posten zur\u00fcck, w\u00e4hrend sich der Hersteller von Luxus-SUVs mit h\u00f6heren US-Z\u00f6llen und einer umstrittenen Neuausrichtung der Marke Jaguar auseinandersetzen muss.\u201eAdrian Mardell hat seinen Wunsch ge\u00e4u\u00dfert, nach drei Jahren als CEO und 35 Jahren im Unternehmen in den Ruhestand zu gehen\u201c, sagte ein Sprecher in einer Stellungnahme \u00fcber den 64-J\u00e4hrigen. \u201eSein Nachfolger wird zu gegebener Zeit bekannt gegeben.\u201cDas Unternehmen, das im Besitz des indischen Konzerns Tata Motors Ltd. ist, verzichtete angesichts der Unsicherheit \u00fcber US-Z\u00f6lle, wie andere Autohersteller auch, auf eine Gewinnprognose. Jaguar Land Rover, das die SUVs der Marken Range Rover und Land Rover produziert, verf\u00fcgt bislang \u00fcber keine Werke in den USA.Ein Video aus dem vergangenen Jahr, das einen Vorgeschmack auf Jaguars Umstellung zu einer rein elektrischen Marke geben sollte, stie\u00df auf heftige Kritik. Jaguar stellt derzeit keine Fahrzeuge her, bis die neue Modellreihe fertig ist.Auch bei mehreren anderen europ\u00e4ischen Autoherstellern \u2013 darunter Renault SA, Stellantis NV und Volvo Car AB \u2013 gab es k\u00fcrzlich einen Wechsel in der CEO-Position.\",\"breadcrumb\":{\"@id\":\"https:\/\/vof-news.eu\/de\/ceo-von-jaguar-land-rover-tritt-wahrend-radikalumbau-zuruck\/#breadcrumb\"},\"inLanguage\":\"de\",\"potentialAction\":[{\"@type\":\"ReadAction\",\"target\":[\"https:\/\/vof-news.eu\/de\/ceo-von-jaguar-land-rover-tritt-wahrend-radikalumbau-zuruck\/\"]}]},{\"@type\":\"ImageObject\",\"inLanguage\":\"de\",\"@id\":\"https:\/\/vof-news.eu\/de\/ceo-von-jaguar-land-rover-tritt-wahrend-radikalumbau-zuruck\/#primaryimage\",\"url\":\"https:\/\/vof-news.eu\/wp-content\/uploads\/2025\/08\/file-photo-outgoing-ceo-of-jaguar-land-rover-adrian-mardell-speaks-as-britain-s-prime-minister-keir-starmer-looks-on.webp\",\"contentUrl\":\"https:\/\/vof-news.eu\/wp-content\/uploads\/2025\/08\/file-photo-outgoing-ceo-of-jaguar-land-rover-adrian-mardell-speaks-as-britain-s-prime-minister-keir-starmer-looks-on.webp\",\"width\":1200,\"height\":574},{\"@type\":\"BreadcrumbList\",\"@id\":\"https:\/\/vof-news.eu\/de\/ceo-von-jaguar-land-rover-tritt-wahrend-radikalumbau-zuruck\/#breadcrumb\",\"itemListElement\":[{\"@type\":\"ListItem\",\"position\":1,\"name\":\"Home\",\"item\":\"https:\/\/vof-news.eu\/de\/\"},{\"@type\":\"ListItem\",\"position\":2,\"name\":\"CEO von Jaguar-Land-Rover tritt w\u00e4hrend Radikalumbau zur\u00fcck\"}]},{\"@type\":\"WebSite\",\"@id\":\"https:\/\/vof-news.eu\/de\/#website\",\"url\":\"https:\/\/vof-news.eu\/de\/\",\"name\":\"vof-news.eu\",\"description\":\"\",\"potentialAction\":[{\"@type\":\"SearchAction\",\"target\":{\"@type\":\"EntryPoint\",\"urlTemplate\":\"https:\/\/vof-news.eu\/de\/?s={search_term_string}\"},\"query-input\":\"required name=search_term_string\"}],\"inLanguage\":\"de\"},{\"@type\":\"Person\",\"@id\":\"https:\/\/vof-news.eu\/de\/#\/schema\/person\/f6a2a4309f0561835797fd8c19b333ed\",\"name\":\"Author\",\"image\":{\"@type\":\"ImageObject\",\"inLanguage\":\"de\",\"@id\":\"https:\/\/vof-news.eu\/de\/#\/schema\/person\/image\/\",\"url\":\"https:\/\/secure.gravatar.com\/avatar\/b67e614b1b25b3e9c0c239efdd2fde5ab015b5affd6f1c3c85911ca4b384e790?s=96&d=mm&r=g\",\"contentUrl\":\"https:\/\/secure.gravatar.com\/avatar\/b67e614b1b25b3e9c0c239efdd2fde5ab015b5affd6f1c3c85911ca4b384e790?s=96&d=mm&r=g\",\"caption\":\"Author\"},\"sameAs\":[\"http:\/\/vof-news.eu\"],\"url\":\"https:\/\/vof-news.eu\/de\/author\/zwt6qxnjulxbnyg\/\"}]}<\/script>\n<!-- \/ Yoast SEO plugin. -->","yoast_head_json":{"title":"CEO von Jaguar-Land-Rover tritt w\u00e4hrend Radikalumbau zur\u00fcck - vof-news.eu","description":"Mitten im Radikalumbau geht der CEO: Der Vorstandsvorsitzende von Jaguar Land Rover, Adrian Mardell, tritt von seinem Posten zur\u00fcck, w\u00e4hrend sich der Hersteller von Luxus-SUVs mit h\u00f6heren US-Z\u00f6llen und einer umstrittenen Neuausrichtung der Marke Jaguar auseinandersetzen muss.\u201eAdrian Mardell hat seinen Wunsch ge\u00e4u\u00dfert, nach drei Jahren als CEO und 35 Jahren im Unternehmen in den Ruhestand zu gehen\u201c, sagte ein Sprecher in einer Stellungnahme \u00fcber den 64-J\u00e4hrigen. \u201eSein Nachfolger wird zu gegebener Zeit bekannt gegeben.\u201cDas Unternehmen, das im Besitz des indischen Konzerns Tata Motors Ltd. ist, verzichtete angesichts der Unsicherheit \u00fcber US-Z\u00f6lle, wie andere Autohersteller auch, auf eine Gewinnprognose. Jaguar Land Rover, das die SUVs der Marken Range Rover und Land Rover produziert, verf\u00fcgt bislang \u00fcber keine Werke in den USA.Ein Video aus dem vergangenen Jahr, das einen Vorgeschmack auf Jaguars Umstellung zu einer rein elektrischen Marke geben sollte, stie\u00df auf heftige Kritik. Jaguar stellt derzeit keine Fahrzeuge her, bis die neue Modellreihe fertig ist.Auch bei mehreren anderen europ\u00e4ischen Autoherstellern \u2013 darunter Renault SA, Stellantis NV und Volvo Car AB \u2013 gab es k\u00fcrzlich einen Wechsel in der CEO-Position.","robots":{"index":"noindex","follow":"follow","max-snippet":"max-snippet:-1","max-image-preview":"max-image-preview:large","max-video-preview":"max-video-preview:-1"},"og_locale":"de_DE","og_type":"article","og_title":"CEO von Jaguar-Land-Rover tritt w\u00e4hrend Radikalumbau zur\u00fcck - vof-news.eu","og_description":"Mitten im Radikalumbau geht der CEO: Der Vorstandsvorsitzende von Jaguar Land Rover, Adrian Mardell, tritt von seinem Posten zur\u00fcck, w\u00e4hrend sich der Hersteller von Luxus-SUVs mit h\u00f6heren US-Z\u00f6llen und einer umstrittenen Neuausrichtung der Marke Jaguar auseinandersetzen muss.\u201eAdrian Mardell hat seinen Wunsch ge\u00e4u\u00dfert, nach drei Jahren als CEO und 35 Jahren im Unternehmen in den Ruhestand zu gehen\u201c, sagte ein Sprecher in einer Stellungnahme \u00fcber den 64-J\u00e4hrigen. \u201eSein Nachfolger wird zu gegebener Zeit bekannt gegeben.\u201cDas Unternehmen, das im Besitz des indischen Konzerns Tata Motors Ltd. ist, verzichtete angesichts der Unsicherheit \u00fcber US-Z\u00f6lle, wie andere Autohersteller auch, auf eine Gewinnprognose. Jaguar Land Rover, das die SUVs der Marken Range Rover und Land Rover produziert, verf\u00fcgt bislang \u00fcber keine Werke in den USA.Ein Video aus dem vergangenen Jahr, das einen Vorgeschmack auf Jaguars Umstellung zu einer rein elektrischen Marke geben sollte, stie\u00df auf heftige Kritik. Jaguar stellt derzeit keine Fahrzeuge her, bis die neue Modellreihe fertig ist.Auch bei mehreren anderen europ\u00e4ischen Autoherstellern \u2013 darunter Renault SA, Stellantis NV und Volvo Car AB \u2013 gab es k\u00fcrzlich einen Wechsel in der CEO-Position.","og_url":"https:\/\/vof-news.eu\/de\/ceo-von-jaguar-land-rover-tritt-wahrend-radikalumbau-zuruck\/","og_site_name":"vof-news.eu","article_published_time":"2025-08-01T08:26:14+00:00","article_modified_time":"2025-08-01T08:26:39+00:00","og_image":[{"width":1200,"height":574,"url":"https:\/\/vof-news.eu\/wp-content\/uploads\/2025\/08\/file-photo-outgoing-ceo-of-jaguar-land-rover-adrian-mardell-speaks-as-britain-s-prime-minister-keir-starmer-looks-on.webp","type":"image\/webp"}],"author":"Author","twitter_card":"summary_large_image","twitter_misc":{"Verfasst von":"Author","Gesch\u00e4tzte Lesezeit":"1\u00a0Minute"},"schema":{"@context":"https:\/\/schema.org","@graph":[{"@type":"WebPage","@id":"https:\/\/vof-news.eu\/de\/ceo-von-jaguar-land-rover-tritt-wahrend-radikalumbau-zuruck\/","url":"https:\/\/vof-news.eu\/de\/ceo-von-jaguar-land-rover-tritt-wahrend-radikalumbau-zuruck\/","name":"CEO von Jaguar-Land-Rover tritt w\u00e4hrend Radikalumbau zur\u00fcck - vof-news.eu","isPartOf":{"@id":"https:\/\/vof-news.eu\/de\/#website"},"primaryImageOfPage":{"@id":"https:\/\/vof-news.eu\/de\/ceo-von-jaguar-land-rover-tritt-wahrend-radikalumbau-zuruck\/#primaryimage"},"image":{"@id":"https:\/\/vof-news.eu\/de\/ceo-von-jaguar-land-rover-tritt-wahrend-radikalumbau-zuruck\/#primaryimage"},"thumbnailUrl":"https:\/\/vof-news.eu\/wp-content\/uploads\/2025\/08\/file-photo-outgoing-ceo-of-jaguar-land-rover-adrian-mardell-speaks-as-britain-s-prime-minister-keir-starmer-looks-on.webp","datePublished":"2025-08-01T08:26:14+00:00","dateModified":"2025-08-01T08:26:39+00:00","author":{"@id":"https:\/\/vof-news.eu\/de\/#\/schema\/person\/f6a2a4309f0561835797fd8c19b333ed"},"description":"Mitten im Radikalumbau geht der CEO: Der Vorstandsvorsitzende von Jaguar Land Rover, Adrian Mardell, tritt von seinem Posten zur\u00fcck, w\u00e4hrend sich der Hersteller von Luxus-SUVs mit h\u00f6heren US-Z\u00f6llen und einer umstrittenen Neuausrichtung der Marke Jaguar auseinandersetzen muss.\u201eAdrian Mardell hat seinen Wunsch ge\u00e4u\u00dfert, nach drei Jahren als CEO und 35 Jahren im Unternehmen in den Ruhestand zu gehen\u201c, sagte ein Sprecher in einer Stellungnahme \u00fcber den 64-J\u00e4hrigen. \u201eSein Nachfolger wird zu gegebener Zeit bekannt gegeben.\u201cDas Unternehmen, das im Besitz des indischen Konzerns Tata Motors Ltd. ist, verzichtete angesichts der Unsicherheit \u00fcber US-Z\u00f6lle, wie andere Autohersteller auch, auf eine Gewinnprognose. Jaguar Land Rover, das die SUVs der Marken Range Rover und Land Rover produziert, verf\u00fcgt bislang \u00fcber keine Werke in den USA.Ein Video aus dem vergangenen Jahr, das einen Vorgeschmack auf Jaguars Umstellung zu einer rein elektrischen Marke geben sollte, stie\u00df auf heftige Kritik. Jaguar stellt derzeit keine Fahrzeuge her, bis die neue Modellreihe fertig ist.Auch bei mehreren anderen europ\u00e4ischen Autoherstellern \u2013 darunter Renault SA, Stellantis NV und Volvo Car AB \u2013 gab es k\u00fcrzlich einen Wechsel in der CEO-Position.","breadcrumb":{"@id":"https:\/\/vof-news.eu\/de\/ceo-von-jaguar-land-rover-tritt-wahrend-radikalumbau-zuruck\/#breadcrumb"},"inLanguage":"de","potentialAction":[{"@type":"ReadAction","target":["https:\/\/vof-news.eu\/de\/ceo-von-jaguar-land-rover-tritt-wahrend-radikalumbau-zuruck\/"]}]},{"@type":"ImageObject","inLanguage":"de","@id":"https:\/\/vof-news.eu\/de\/ceo-von-jaguar-land-rover-tritt-wahrend-radikalumbau-zuruck\/#primaryimage","url":"https:\/\/vof-news.eu\/wp-content\/uploads\/2025\/08\/file-photo-outgoing-ceo-of-jaguar-land-rover-adrian-mardell-speaks-as-britain-s-prime-minister-keir-starmer-looks-on.webp","contentUrl":"https:\/\/vof-news.eu\/wp-content\/uploads\/2025\/08\/file-photo-outgoing-ceo-of-jaguar-land-rover-adrian-mardell-speaks-as-britain-s-prime-minister-keir-starmer-looks-on.webp","width":1200,"height":574},{"@type":"BreadcrumbList","@id":"https:\/\/vof-news.eu\/de\/ceo-von-jaguar-land-rover-tritt-wahrend-radikalumbau-zuruck\/#breadcrumb","itemListElement":[{"@type":"ListItem","position":1,"name":"Home","item":"https:\/\/vof-news.eu\/de\/"},{"@type":"ListItem","position":2,"name":"CEO von Jaguar-Land-Rover tritt w\u00e4hrend Radikalumbau zur\u00fcck"}]},{"@type":"WebSite","@id":"https:\/\/vof-news.eu\/de\/#website","url":"https:\/\/vof-news.eu\/de\/","name":"vof-news.eu","description":"","potentialAction":[{"@type":"SearchAction","target":{"@type":"EntryPoint","urlTemplate":"https:\/\/vof-news.eu\/de\/?s={search_term_string}"},"query-input":"required name=search_term_string"}],"inLanguage":"de"},{"@type":"Person","@id":"https:\/\/vof-news.eu\/de\/#\/schema\/person\/f6a2a4309f0561835797fd8c19b333ed","name":"Author","image":{"@type":"ImageObject","inLanguage":"de","@id":"https:\/\/vof-news.eu\/de\/#\/schema\/person\/image\/","url":"https:\/\/secure.gravatar.com\/avatar\/b67e614b1b25b3e9c0c239efdd2fde5ab015b5affd6f1c3c85911ca4b384e790?s=96&d=mm&r=g","contentUrl":"https:\/\/secure.gravatar.com\/avatar\/b67e614b1b25b3e9c0c239efdd2fde5ab015b5affd6f1c3c85911ca4b384e790?s=96&d=mm&r=g","caption":"Author"},"sameAs":["http:\/\/vof-news.eu"],"url":"https:\/\/vof-news.eu\/de\/author\/zwt6qxnjulxbnyg\/"}]}},"yoast_meta":{"yoast_wpseo_title":"","yoast_wpseo_metadesc":"","yoast_wpseo_canonical":""},"_links":{"self":[{"href":"https:\/\/vof-news.eu\/de\/wp-json\/wp\/v2\/posts\/261013","targetHints":{"allow":["GET"]}}],"collection":[{"href":"https:\/\/vof-news.eu\/de\/wp-json\/wp\/v2\/posts"}],"about":[{"href":"https:\/\/vof-news.eu\/de\/wp-json\/wp\/v2\/types\/post"}],"author":[{"embeddable":true,"href":"https:\/\/vof-news.eu\/de\/wp-json\/wp\/v2\/users\/1"}],"replies":[{"embeddable":true,"href":"https:\/\/vof-news.eu\/de\/wp-json\/wp\/v2\/comments?post=261013"}],"version-history":[{"count":1,"href":"https:\/\/vof-news.eu\/de\/wp-json\/wp\/v2\/posts\/261013\/revisions"}],"predecessor-version":[{"id":261020,"href":"https:\/\/vof-news.eu\/de\/wp-json\/wp\/v2\/posts\/261013\/revisions\/261020"}],"wp:featuredmedia":[{"embeddable":true,"href":"https:\/\/vof-news.eu\/de\/wp-json\/wp\/v2\/media\/261014"}],"wp:attachment":[{"href":"https:\/\/vof-news.eu\/de\/wp-json\/wp\/v2\/media?parent=261013"}],"wp:term":[{"taxonomy":"category","embeddable":true,"href":"https:\/\/vof-news.eu\/de\/wp-json\/wp\/v2\/categories?post=261013"},{"taxonomy":"post_tag","embeddable":true,"href":"https:\/\/vof-news.eu\/de\/wp-json\/wp\/v2\/tags?post=261013"}],"curies":[{"name":"wp","href":"https:\/\/api.w.org\/{rel}","templated":true}]}}