{"id":260725,"date":"2025-07-31T15:29:42","date_gmt":"2025-07-31T12:29:42","guid":{"rendered":"https:\/\/vof-news.eu\/bei-unseren-ermittlungen-herrscht-volliger-stillstand\/"},"modified":"2025-07-31T15:31:19","modified_gmt":"2025-07-31T12:31:19","slug":"bei-unseren-ermittlungen-herrscht-volliger-stillstand","status":"publish","type":"post","link":"https:\/\/vof-news.eu\/de\/bei-unseren-ermittlungen-herrscht-volliger-stillstand\/","title":{"rendered":"&#8222;Bei unseren Ermittlungen herrscht v\u00f6lliger Stillstand&#8220;"},"content":{"rendered":"<div>\n<p><strong>DIE<br \/>\nZEIT: <\/strong>Herr\u00a0Klymenko, das\u00a0ukrainischeParlament stimmt am heutigen Donnerstag \u00fcber ein Gesetz ab, das Ihrer Beh\u00f6rde ihre<br \/>\nUnabh\u00e4ngigkeit zur\u00fcckgeben soll. Mit welcher Entscheidung rechnen Sie?\n<\/p>\n<p><strong>Oleksandr Klymenko: <\/strong>Ich erwarte, dass das Gesetz<br \/>\nverabschiedet und umgehend vom Pr\u00e4sidenten unterzeichnet wird, sodass es<br \/>\nbereits am Freitag in Kraft treten kann.\n<\/p>\n<p><strong>ZEIT: <\/strong>Und wenn nicht?\n<\/p>\n<p><strong>Klymenko:<\/strong> Dann werden die Abgeordneten<br \/>\nalternative Entw\u00fcrfe pr\u00fcfen.<br \/>\nDavon gibt es mehrere. Einige von ihnen enthalten Passagen, die f\u00fcr uns<br \/>\ninakzeptabel sind \u2013 wie die erneute <span><a href=\"https:\/\/www.zeit.de\/thema\/ermittlung\" rel=\"nofollow\">Pr\u00fcfung<\/a><\/span> des Personals beim Nabu. Daf\u00fcr gibt<br \/>\nes keinerlei Grundlage. Internationale Experten haben das Nabu gepr\u00fcft und<br \/>\nkamen zu dem Schluss, dass es effektiv arbeitet.\n<\/p>\n<p><strong>ZEIT: <\/strong>Sie ermitteln auch gegen<br \/>\neinige Abgeordnete, die heute abstimmen werden. Wie viele sind betroffen?\n<\/p>\n<p><strong>Klymenko:<\/strong> Es sind aktuell 32 Parlamentarier aus<br \/>\ndieser Legislaturperiode. Insgesamt, also inklusive fr\u00fcherer<br \/>\nLegislaturperioden, sind es 71 Abgeordnete. Das sind nur die Verfahren, bei<br \/>\ndenen es bereits Anklagen oder einen formellen Verdacht gibt. Die Gesamtzahl der<br \/>\neingeleiteten Verfahren ist h\u00f6her.\n<\/p>\n<p><strong>ZEIT: <\/strong>Der Entwurf, \u00fcber den<br \/>\nabgestimmt wird, sieht vor, dass das Personal von Nabu und Sapo alle zwei Jahre<br \/>\nTests mit L\u00fcgendetektoren durchlaufen muss. Was halten Sie davon?\n<\/p>\n<p><strong>Klymenko:<\/strong> Die Ermittler durchlaufen auch jetzt<br \/>\nschon regelm\u00e4\u00dfig Tests mit L\u00fcgendetektoren. Sie werden<br \/>\ngefragt, ob sie im Interesse einer anderen Beh\u00f6rde, eines Oligarchen oder eines<br \/>\nfremden Staates arbeiten. Wichtig ist, dass diese Tests bei uns und beim Nabu intern durchgef\u00fchrt<br \/>\nwerden sollen. Ich habe deshalb keine Bedenken. Wir haben dieser Bestimmung \u00fcbrigens<br \/>\nzugestimmt, weil wir wussten: Wenn wir der anderen Seite nichts geben, bekommen<br \/>\nwir unsere Rechte nicht zur\u00fcck. Es ist<br \/>\neine Art Kompromiss.\n<\/p>\n<p><strong>ZEIT: <\/strong>Wieso eigentlich L\u00fcgendetektoren?<br \/>\nDie funktionieren doch nicht.\n<\/p>\n<p><strong>Klymenko:<\/strong> Sie wirken eher psychologisch. Wenn<br \/>\nman in einem Auswahlverfahren einen L\u00fcgendetektor erw\u00e4hnt, bewerben sich Leute,<br \/>\ndie etwas zu verbergen haben, gar nicht erst. Wir nutzen sie auch bei<br \/>\nErmittlungen. Sie liefern keine Beweise, aber helfen uns, eine Suchrichtung zu<br \/>\nfinden.\n<\/p>\n<p><strong>ZEIT: <\/strong>Egal, wie die Abstimmung<br \/>\nausgeht: Vertrauen Sie noch darauf, dass Selenskyj und sein Team Sie unabh\u00e4ngig arbeiten lassen?\n<\/p>\n<p><strong>Klymenko:<\/strong> Ich hoffe es. Der Druck bleibt<br \/>\nerst mal bestehen. Ich sage nicht, dass er direkt vom Pr\u00e4sidenten kommt. Aber<br \/>\ndie Ermittler des Nabu, die Montag vor fast zwei Wochen festgenommen wurden,<br \/>\nbefinden sich immer noch in Haft. Uns liegen keine anderen Beweise vor als<br \/>\ndie, die der Geheimdienst ver\u00f6ffentlicht<br \/>\nhat. Ich bin der Meinung, dass sie nicht ausreichen, um diese Personen in Haft<br \/>\nzu halten.\n<\/p>\n<p><strong>ZEIT: <\/strong>Welche Beweise sind das?\n<\/p>\n<p><strong>Klymenko:<\/strong> Es gibt zum Beispiel Vorw\u00fcrfe, dass<br \/>\neiner der Ermittler Verbindungen zu Russland habe. Auf der ver\u00f6ffentlichten<br \/>\nTonaufnahme, die das beweisen soll, soll der Mann &#8222;Dagestan&#8220; sagen und damit<br \/>\ndie russische Republik meinen. F\u00fcr die meisten klingt es aber so, als w\u00fcrde er<br \/>\nvom Land &#8222;Usbekistan&#8220; sprechen. Das untergr\u00e4bt den gegen ihn erhobenen<br \/>\nVerdacht.\n<\/p>\n<p><strong>ZEIT: <\/strong>Bei mehreren Nabu-Ermittlern<br \/>\nf\u00fchrte der Geheimdienst Hausdurchsuchungen durch, zwei wurden daraufhin<br \/>\nfestgenommen. Wieso?\n<\/p>\n<p><strong>Klymenko:<\/strong> Es ging darum, Medienrummel zu<br \/>\nerzeugen, nach dem Motto: &#8222;Wir m\u00fcssen sie unter Kontrolle bringen, schaut, was<br \/>\nsie treiben, sie sind au\u00dfer Kontrolle und arbeiten im Grunde f\u00fcr die Russen.&#8220;\n<\/p>\n<\/div>\n","protected":false},"excerpt":{"rendered":"<p>DIE ZEIT: Herr\u00a0Klymenko, das\u00a0ukrainischeParlament stimmt am heutigen Donnerstag \u00fcber ein Gesetz ab, das Ihrer Beh\u00f6rde ihre Unabh\u00e4ngigkeit zur\u00fcckgeben soll. Mit welcher Entscheidung rechnen Sie? Oleksandr Klymenko: Ich erwarte, dass das Gesetz verabschiedet und umgehend vom Pr\u00e4sidenten unterzeichnet wird, sodass es bereits am Freitag in Kraft treten kann. ZEIT: Und wenn nicht? Klymenko: Dann werden die<\/p>\n","protected":false},"author":1,"featured_media":260726,"comment_status":"open","ping_status":"open","sticky":false,"template":"","format":"standard","meta":{"footnotes":""},"categories":[116],"tags":[],"class_list":["post-260725","post","type-post","status-publish","format-standard","has-post-thumbnail","hentry","category-war-chronicles-de"],"acf":[],"yoast_head":"<!-- This site is optimized with the Yoast SEO plugin v22.9 - https:\/\/yoast.com\/wordpress\/plugins\/seo\/ -->\n<title>&quot;Bei unseren Ermittlungen herrscht v\u00f6lliger Stillstand&quot; - vof-news.eu<\/title>\n<meta name=\"description\" content=\"DIE\" \/>\n<meta name=\"robots\" content=\"noindex, follow, max-snippet:-1, max-image-preview:large, max-video-preview:-1\" \/>\n<meta property=\"og:locale\" content=\"de_DE\" \/>\n<meta property=\"og:type\" content=\"article\" \/>\n<meta property=\"og:title\" content=\"&quot;Bei unseren Ermittlungen herrscht v\u00f6lliger Stillstand&quot; - vof-news.eu\" \/>\n<meta property=\"og:description\" content=\"DIE\" \/>\n<meta property=\"og:url\" content=\"https:\/\/vof-news.eu\/de\/bei-unseren-ermittlungen-herrscht-volliger-stillstand\/\" \/>\n<meta property=\"og:site_name\" content=\"vof-news.eu\" \/>\n<meta property=\"article:published_time\" content=\"2025-07-31T12:29:42+00:00\" \/>\n<meta property=\"article:modified_time\" content=\"2025-07-31T12:31:19+00:00\" \/>\n<meta property=\"og:image\" content=\"https:\/\/vof-news.eu\/wp-content\/uploads\/2025\/07\/wide__1000x562-99.jpg\" \/>\n\t<meta property=\"og:image:width\" content=\"1000\" \/>\n\t<meta property=\"og:image:height\" content=\"562\" \/>\n\t<meta property=\"og:image:type\" content=\"image\/jpeg\" \/>\n<meta name=\"author\" content=\"Author\" \/>\n<meta name=\"twitter:card\" content=\"summary_large_image\" \/>\n<meta name=\"twitter:label1\" content=\"Verfasst von\" \/>\n\t<meta name=\"twitter:data1\" content=\"Author\" \/>\n\t<meta name=\"twitter:label2\" content=\"Gesch\u00e4tzte Lesezeit\" \/>\n\t<meta name=\"twitter:data2\" content=\"3\u00a0Minuten\" \/>\n<script type=\"application\/ld+json\" class=\"yoast-schema-graph\">{\"@context\":\"https:\/\/schema.org\",\"@graph\":[{\"@type\":\"WebPage\",\"@id\":\"https:\/\/vof-news.eu\/de\/bei-unseren-ermittlungen-herrscht-volliger-stillstand\/\",\"url\":\"https:\/\/vof-news.eu\/de\/bei-unseren-ermittlungen-herrscht-volliger-stillstand\/\",\"name\":\"\\\"Bei unseren Ermittlungen herrscht v\u00f6lliger Stillstand\\\" - vof-news.eu\",\"isPartOf\":{\"@id\":\"https:\/\/vof-news.eu\/de\/#website\"},\"primaryImageOfPage\":{\"@id\":\"https:\/\/vof-news.eu\/de\/bei-unseren-ermittlungen-herrscht-volliger-stillstand\/#primaryimage\"},\"image\":{\"@id\":\"https:\/\/vof-news.eu\/de\/bei-unseren-ermittlungen-herrscht-volliger-stillstand\/#primaryimage\"},\"thumbnailUrl\":\"https:\/\/vof-news.eu\/wp-content\/uploads\/2025\/07\/wide__1000x562-99.jpg\",\"datePublished\":\"2025-07-31T12:29:42+00:00\",\"dateModified\":\"2025-07-31T12:31:19+00:00\",\"author\":{\"@id\":\"https:\/\/vof-news.eu\/de\/#\/schema\/person\/f6a2a4309f0561835797fd8c19b333ed\"},\"description\":\"DIE\",\"breadcrumb\":{\"@id\":\"https:\/\/vof-news.eu\/de\/bei-unseren-ermittlungen-herrscht-volliger-stillstand\/#breadcrumb\"},\"inLanguage\":\"de\",\"potentialAction\":[{\"@type\":\"ReadAction\",\"target\":[\"https:\/\/vof-news.eu\/de\/bei-unseren-ermittlungen-herrscht-volliger-stillstand\/\"]}]},{\"@type\":\"ImageObject\",\"inLanguage\":\"de\",\"@id\":\"https:\/\/vof-news.eu\/de\/bei-unseren-ermittlungen-herrscht-volliger-stillstand\/#primaryimage\",\"url\":\"https:\/\/vof-news.eu\/wp-content\/uploads\/2025\/07\/wide__1000x562-99.jpg\",\"contentUrl\":\"https:\/\/vof-news.eu\/wp-content\/uploads\/2025\/07\/wide__1000x562-99.jpg\",\"width\":1000,\"height\":562},{\"@type\":\"BreadcrumbList\",\"@id\":\"https:\/\/vof-news.eu\/de\/bei-unseren-ermittlungen-herrscht-volliger-stillstand\/#breadcrumb\",\"itemListElement\":[{\"@type\":\"ListItem\",\"position\":1,\"name\":\"Home\",\"item\":\"https:\/\/vof-news.eu\/de\/\"},{\"@type\":\"ListItem\",\"position\":2,\"name\":\"&#8220;Bei unseren Ermittlungen herrscht v\u00f6lliger Stillstand&#8221;\"}]},{\"@type\":\"WebSite\",\"@id\":\"https:\/\/vof-news.eu\/de\/#website\",\"url\":\"https:\/\/vof-news.eu\/de\/\",\"name\":\"vof-news.eu\",\"description\":\"\",\"potentialAction\":[{\"@type\":\"SearchAction\",\"target\":{\"@type\":\"EntryPoint\",\"urlTemplate\":\"https:\/\/vof-news.eu\/de\/?s={search_term_string}\"},\"query-input\":\"required name=search_term_string\"}],\"inLanguage\":\"de\"},{\"@type\":\"Person\",\"@id\":\"https:\/\/vof-news.eu\/de\/#\/schema\/person\/f6a2a4309f0561835797fd8c19b333ed\",\"name\":\"Author\",\"image\":{\"@type\":\"ImageObject\",\"inLanguage\":\"de\",\"@id\":\"https:\/\/vof-news.eu\/de\/#\/schema\/person\/image\/\",\"url\":\"https:\/\/secure.gravatar.com\/avatar\/b67e614b1b25b3e9c0c239efdd2fde5ab015b5affd6f1c3c85911ca4b384e790?s=96&d=mm&r=g\",\"contentUrl\":\"https:\/\/secure.gravatar.com\/avatar\/b67e614b1b25b3e9c0c239efdd2fde5ab015b5affd6f1c3c85911ca4b384e790?s=96&d=mm&r=g\",\"caption\":\"Author\"},\"sameAs\":[\"http:\/\/vof-news.eu\"],\"url\":\"https:\/\/vof-news.eu\/de\/author\/zwt6qxnjulxbnyg\/\"}]}<\/script>\n<!-- \/ Yoast SEO plugin. -->","yoast_head_json":{"title":"\"Bei unseren Ermittlungen herrscht v\u00f6lliger Stillstand\" - vof-news.eu","description":"DIE","robots":{"index":"noindex","follow":"follow","max-snippet":"max-snippet:-1","max-image-preview":"max-image-preview:large","max-video-preview":"max-video-preview:-1"},"og_locale":"de_DE","og_type":"article","og_title":"\"Bei unseren Ermittlungen herrscht v\u00f6lliger Stillstand\" - vof-news.eu","og_description":"DIE","og_url":"https:\/\/vof-news.eu\/de\/bei-unseren-ermittlungen-herrscht-volliger-stillstand\/","og_site_name":"vof-news.eu","article_published_time":"2025-07-31T12:29:42+00:00","article_modified_time":"2025-07-31T12:31:19+00:00","og_image":[{"width":1000,"height":562,"url":"https:\/\/vof-news.eu\/wp-content\/uploads\/2025\/07\/wide__1000x562-99.jpg","type":"image\/jpeg"}],"author":"Author","twitter_card":"summary_large_image","twitter_misc":{"Verfasst von":"Author","Gesch\u00e4tzte Lesezeit":"3\u00a0Minuten"},"schema":{"@context":"https:\/\/schema.org","@graph":[{"@type":"WebPage","@id":"https:\/\/vof-news.eu\/de\/bei-unseren-ermittlungen-herrscht-volliger-stillstand\/","url":"https:\/\/vof-news.eu\/de\/bei-unseren-ermittlungen-herrscht-volliger-stillstand\/","name":"\"Bei unseren Ermittlungen herrscht v\u00f6lliger Stillstand\" - vof-news.eu","isPartOf":{"@id":"https:\/\/vof-news.eu\/de\/#website"},"primaryImageOfPage":{"@id":"https:\/\/vof-news.eu\/de\/bei-unseren-ermittlungen-herrscht-volliger-stillstand\/#primaryimage"},"image":{"@id":"https:\/\/vof-news.eu\/de\/bei-unseren-ermittlungen-herrscht-volliger-stillstand\/#primaryimage"},"thumbnailUrl":"https:\/\/vof-news.eu\/wp-content\/uploads\/2025\/07\/wide__1000x562-99.jpg","datePublished":"2025-07-31T12:29:42+00:00","dateModified":"2025-07-31T12:31:19+00:00","author":{"@id":"https:\/\/vof-news.eu\/de\/#\/schema\/person\/f6a2a4309f0561835797fd8c19b333ed"},"description":"DIE","breadcrumb":{"@id":"https:\/\/vof-news.eu\/de\/bei-unseren-ermittlungen-herrscht-volliger-stillstand\/#breadcrumb"},"inLanguage":"de","potentialAction":[{"@type":"ReadAction","target":["https:\/\/vof-news.eu\/de\/bei-unseren-ermittlungen-herrscht-volliger-stillstand\/"]}]},{"@type":"ImageObject","inLanguage":"de","@id":"https:\/\/vof-news.eu\/de\/bei-unseren-ermittlungen-herrscht-volliger-stillstand\/#primaryimage","url":"https:\/\/vof-news.eu\/wp-content\/uploads\/2025\/07\/wide__1000x562-99.jpg","contentUrl":"https:\/\/vof-news.eu\/wp-content\/uploads\/2025\/07\/wide__1000x562-99.jpg","width":1000,"height":562},{"@type":"BreadcrumbList","@id":"https:\/\/vof-news.eu\/de\/bei-unseren-ermittlungen-herrscht-volliger-stillstand\/#breadcrumb","itemListElement":[{"@type":"ListItem","position":1,"name":"Home","item":"https:\/\/vof-news.eu\/de\/"},{"@type":"ListItem","position":2,"name":"&#8220;Bei unseren Ermittlungen herrscht v\u00f6lliger Stillstand&#8221;"}]},{"@type":"WebSite","@id":"https:\/\/vof-news.eu\/de\/#website","url":"https:\/\/vof-news.eu\/de\/","name":"vof-news.eu","description":"","potentialAction":[{"@type":"SearchAction","target":{"@type":"EntryPoint","urlTemplate":"https:\/\/vof-news.eu\/de\/?s={search_term_string}"},"query-input":"required name=search_term_string"}],"inLanguage":"de"},{"@type":"Person","@id":"https:\/\/vof-news.eu\/de\/#\/schema\/person\/f6a2a4309f0561835797fd8c19b333ed","name":"Author","image":{"@type":"ImageObject","inLanguage":"de","@id":"https:\/\/vof-news.eu\/de\/#\/schema\/person\/image\/","url":"https:\/\/secure.gravatar.com\/avatar\/b67e614b1b25b3e9c0c239efdd2fde5ab015b5affd6f1c3c85911ca4b384e790?s=96&d=mm&r=g","contentUrl":"https:\/\/secure.gravatar.com\/avatar\/b67e614b1b25b3e9c0c239efdd2fde5ab015b5affd6f1c3c85911ca4b384e790?s=96&d=mm&r=g","caption":"Author"},"sameAs":["http:\/\/vof-news.eu"],"url":"https:\/\/vof-news.eu\/de\/author\/zwt6qxnjulxbnyg\/"}]}},"yoast_meta":{"yoast_wpseo_title":"","yoast_wpseo_metadesc":"","yoast_wpseo_canonical":""},"_links":{"self":[{"href":"https:\/\/vof-news.eu\/de\/wp-json\/wp\/v2\/posts\/260725","targetHints":{"allow":["GET"]}}],"collection":[{"href":"https:\/\/vof-news.eu\/de\/wp-json\/wp\/v2\/posts"}],"about":[{"href":"https:\/\/vof-news.eu\/de\/wp-json\/wp\/v2\/types\/post"}],"author":[{"embeddable":true,"href":"https:\/\/vof-news.eu\/de\/wp-json\/wp\/v2\/users\/1"}],"replies":[{"embeddable":true,"href":"https:\/\/vof-news.eu\/de\/wp-json\/wp\/v2\/comments?post=260725"}],"version-history":[{"count":1,"href":"https:\/\/vof-news.eu\/de\/wp-json\/wp\/v2\/posts\/260725\/revisions"}],"predecessor-version":[{"id":260732,"href":"https:\/\/vof-news.eu\/de\/wp-json\/wp\/v2\/posts\/260725\/revisions\/260732"}],"wp:featuredmedia":[{"embeddable":true,"href":"https:\/\/vof-news.eu\/de\/wp-json\/wp\/v2\/media\/260726"}],"wp:attachment":[{"href":"https:\/\/vof-news.eu\/de\/wp-json\/wp\/v2\/media?parent=260725"}],"wp:term":[{"taxonomy":"category","embeddable":true,"href":"https:\/\/vof-news.eu\/de\/wp-json\/wp\/v2\/categories?post=260725"},{"taxonomy":"post_tag","embeddable":true,"href":"https:\/\/vof-news.eu\/de\/wp-json\/wp\/v2\/tags?post=260725"}],"curies":[{"name":"wp","href":"https:\/\/api.w.org\/{rel}","templated":true}]}}