{"id":259339,"date":"2025-07-28T13:26:11","date_gmt":"2025-07-28T10:26:11","guid":{"rendered":"https:\/\/vof-news.eu\/us-autos-sollen-kunftig-zollfrei-in-eu-kommen\/"},"modified":"2025-07-28T13:26:23","modified_gmt":"2025-07-28T10:26:23","slug":"us-autos-sollen-kunftig-zollfrei-in-eu-kommen","status":"publish","type":"post","link":"https:\/\/vof-news.eu\/de\/us-autos-sollen-kunftig-zollfrei-in-eu-kommen\/","title":{"rendered":"US-Autos sollen k\u00fcnftig zollfrei in EU kommen"},"content":{"rendered":"<p>Autos aus den USA sollen als Teil des Handelsdeals mit US-Pr\u00e4sident Donald Trump k\u00fcnftig zollfrei in die Europ\u00e4ische Union importiert werden k\u00f6nnen. Das best\u00e4tigte eine EU-Beamtin in Br\u00fcssel einen Tag nach der Einigung in Schottland.<\/p>\n<p><em>Mehr in K\u00fcrze<\/em><\/p>\n","protected":false},"excerpt":{"rendered":"<p>Autos aus den USA sollen als Teil des Handelsdeals mit US-Pr\u00e4sident Donald Trump k\u00fcnftig zollfrei in die Europ\u00e4ische Union importiert werden k\u00f6nnen. Das best\u00e4tigte eine EU-Beamtin in Br\u00fcssel einen Tag nach der Einigung in Schottland. Mehr in K\u00fcrze<\/p>\n","protected":false},"author":1,"featured_media":0,"comment_status":"open","ping_status":"open","sticky":false,"template":"","format":"standard","meta":{"footnotes":""},"categories":[59],"tags":[],"class_list":["post-259339","post","type-post","status-publish","format-standard","hentry","category-business-de"],"acf":[],"yoast_head":"<!-- This site is optimized with the Yoast SEO plugin v22.9 - https:\/\/yoast.com\/wordpress\/plugins\/seo\/ -->\n<title>US-Autos sollen k\u00fcnftig zollfrei in EU kommen - vof-news.eu<\/title>\n<meta name=\"description\" content=\"Autos aus den USA sollen als Teil des Handelsdeals mit US-Pr\u00e4sident Donald Trump k\u00fcnftig zollfrei in die Europ\u00e4ische Union importiert werden k\u00f6nnen. Das best\u00e4tigte eine EU-Beamtin in Br\u00fcssel einen Tag nach der Einigung in Schottland.Mehr in K\u00fcrze\" \/>\n<meta name=\"robots\" content=\"noindex, follow, max-snippet:-1, max-image-preview:large, max-video-preview:-1\" \/>\n<meta property=\"og:locale\" content=\"de_DE\" \/>\n<meta property=\"og:type\" content=\"article\" \/>\n<meta property=\"og:title\" content=\"US-Autos sollen k\u00fcnftig zollfrei in EU kommen - vof-news.eu\" \/>\n<meta property=\"og:description\" content=\"Autos aus den USA sollen als Teil des Handelsdeals mit US-Pr\u00e4sident Donald Trump k\u00fcnftig zollfrei in die Europ\u00e4ische Union importiert werden k\u00f6nnen. Das best\u00e4tigte eine EU-Beamtin in Br\u00fcssel einen Tag nach der Einigung in Schottland.Mehr in K\u00fcrze\" \/>\n<meta property=\"og:url\" content=\"https:\/\/vof-news.eu\/de\/us-autos-sollen-kunftig-zollfrei-in-eu-kommen\/\" \/>\n<meta property=\"og:site_name\" content=\"vof-news.eu\" \/>\n<meta property=\"article:published_time\" content=\"2025-07-28T10:26:11+00:00\" \/>\n<meta property=\"article:modified_time\" content=\"2025-07-28T10:26:23+00:00\" \/>\n<meta name=\"author\" content=\"Author\" \/>\n<meta name=\"twitter:card\" content=\"summary_large_image\" \/>\n<meta name=\"twitter:label1\" content=\"Verfasst von\" \/>\n\t<meta name=\"twitter:data1\" content=\"Author\" \/>\n<script type=\"application\/ld+json\" class=\"yoast-schema-graph\">{\"@context\":\"https:\/\/schema.org\",\"@graph\":[{\"@type\":\"WebPage\",\"@id\":\"https:\/\/vof-news.eu\/de\/us-autos-sollen-kunftig-zollfrei-in-eu-kommen\/\",\"url\":\"https:\/\/vof-news.eu\/de\/us-autos-sollen-kunftig-zollfrei-in-eu-kommen\/\",\"name\":\"US-Autos sollen k\u00fcnftig zollfrei in EU kommen - vof-news.eu\",\"isPartOf\":{\"@id\":\"https:\/\/vof-news.eu\/de\/#website\"},\"datePublished\":\"2025-07-28T10:26:11+00:00\",\"dateModified\":\"2025-07-28T10:26:23+00:00\",\"author\":{\"@id\":\"https:\/\/vof-news.eu\/de\/#\/schema\/person\/f6a2a4309f0561835797fd8c19b333ed\"},\"description\":\"Autos aus den USA sollen als Teil des Handelsdeals mit US-Pr\u00e4sident Donald Trump k\u00fcnftig zollfrei in die Europ\u00e4ische Union importiert werden k\u00f6nnen. Das best\u00e4tigte eine EU-Beamtin in Br\u00fcssel einen Tag nach der Einigung in Schottland.Mehr in K\u00fcrze\",\"breadcrumb\":{\"@id\":\"https:\/\/vof-news.eu\/de\/us-autos-sollen-kunftig-zollfrei-in-eu-kommen\/#breadcrumb\"},\"inLanguage\":\"de\",\"potentialAction\":[{\"@type\":\"ReadAction\",\"target\":[\"https:\/\/vof-news.eu\/de\/us-autos-sollen-kunftig-zollfrei-in-eu-kommen\/\"]}]},{\"@type\":\"BreadcrumbList\",\"@id\":\"https:\/\/vof-news.eu\/de\/us-autos-sollen-kunftig-zollfrei-in-eu-kommen\/#breadcrumb\",\"itemListElement\":[{\"@type\":\"ListItem\",\"position\":1,\"name\":\"Home\",\"item\":\"https:\/\/vof-news.eu\/de\/\"},{\"@type\":\"ListItem\",\"position\":2,\"name\":\"US-Autos sollen k\u00fcnftig zollfrei in EU kommen\"}]},{\"@type\":\"WebSite\",\"@id\":\"https:\/\/vof-news.eu\/de\/#website\",\"url\":\"https:\/\/vof-news.eu\/de\/\",\"name\":\"vof-news.eu\",\"description\":\"\",\"potentialAction\":[{\"@type\":\"SearchAction\",\"target\":{\"@type\":\"EntryPoint\",\"urlTemplate\":\"https:\/\/vof-news.eu\/de\/?s={search_term_string}\"},\"query-input\":\"required name=search_term_string\"}],\"inLanguage\":\"de\"},{\"@type\":\"Person\",\"@id\":\"https:\/\/vof-news.eu\/de\/#\/schema\/person\/f6a2a4309f0561835797fd8c19b333ed\",\"name\":\"Author\",\"image\":{\"@type\":\"ImageObject\",\"inLanguage\":\"de\",\"@id\":\"https:\/\/vof-news.eu\/de\/#\/schema\/person\/image\/\",\"url\":\"https:\/\/secure.gravatar.com\/avatar\/b67e614b1b25b3e9c0c239efdd2fde5ab015b5affd6f1c3c85911ca4b384e790?s=96&d=mm&r=g\",\"contentUrl\":\"https:\/\/secure.gravatar.com\/avatar\/b67e614b1b25b3e9c0c239efdd2fde5ab015b5affd6f1c3c85911ca4b384e790?s=96&d=mm&r=g\",\"caption\":\"Author\"},\"sameAs\":[\"http:\/\/vof-news.eu\"],\"url\":\"https:\/\/vof-news.eu\/de\/author\/zwt6qxnjulxbnyg\/\"}]}<\/script>\n<!-- \/ Yoast SEO plugin. -->","yoast_head_json":{"title":"US-Autos sollen k\u00fcnftig zollfrei in EU kommen - vof-news.eu","description":"Autos aus den USA sollen als Teil des Handelsdeals mit US-Pr\u00e4sident Donald Trump k\u00fcnftig zollfrei in die Europ\u00e4ische Union importiert werden k\u00f6nnen. Das best\u00e4tigte eine EU-Beamtin in Br\u00fcssel einen Tag nach der Einigung in Schottland.Mehr in K\u00fcrze","robots":{"index":"noindex","follow":"follow","max-snippet":"max-snippet:-1","max-image-preview":"max-image-preview:large","max-video-preview":"max-video-preview:-1"},"og_locale":"de_DE","og_type":"article","og_title":"US-Autos sollen k\u00fcnftig zollfrei in EU kommen - vof-news.eu","og_description":"Autos aus den USA sollen als Teil des Handelsdeals mit US-Pr\u00e4sident Donald Trump k\u00fcnftig zollfrei in die Europ\u00e4ische Union importiert werden k\u00f6nnen. Das best\u00e4tigte eine EU-Beamtin in Br\u00fcssel einen Tag nach der Einigung in Schottland.Mehr in K\u00fcrze","og_url":"https:\/\/vof-news.eu\/de\/us-autos-sollen-kunftig-zollfrei-in-eu-kommen\/","og_site_name":"vof-news.eu","article_published_time":"2025-07-28T10:26:11+00:00","article_modified_time":"2025-07-28T10:26:23+00:00","author":"Author","twitter_card":"summary_large_image","twitter_misc":{"Verfasst von":"Author"},"schema":{"@context":"https:\/\/schema.org","@graph":[{"@type":"WebPage","@id":"https:\/\/vof-news.eu\/de\/us-autos-sollen-kunftig-zollfrei-in-eu-kommen\/","url":"https:\/\/vof-news.eu\/de\/us-autos-sollen-kunftig-zollfrei-in-eu-kommen\/","name":"US-Autos sollen k\u00fcnftig zollfrei in EU kommen - vof-news.eu","isPartOf":{"@id":"https:\/\/vof-news.eu\/de\/#website"},"datePublished":"2025-07-28T10:26:11+00:00","dateModified":"2025-07-28T10:26:23+00:00","author":{"@id":"https:\/\/vof-news.eu\/de\/#\/schema\/person\/f6a2a4309f0561835797fd8c19b333ed"},"description":"Autos aus den USA sollen als Teil des Handelsdeals mit US-Pr\u00e4sident Donald Trump k\u00fcnftig zollfrei in die Europ\u00e4ische Union importiert werden k\u00f6nnen. Das best\u00e4tigte eine EU-Beamtin in Br\u00fcssel einen Tag nach der Einigung in Schottland.Mehr in K\u00fcrze","breadcrumb":{"@id":"https:\/\/vof-news.eu\/de\/us-autos-sollen-kunftig-zollfrei-in-eu-kommen\/#breadcrumb"},"inLanguage":"de","potentialAction":[{"@type":"ReadAction","target":["https:\/\/vof-news.eu\/de\/us-autos-sollen-kunftig-zollfrei-in-eu-kommen\/"]}]},{"@type":"BreadcrumbList","@id":"https:\/\/vof-news.eu\/de\/us-autos-sollen-kunftig-zollfrei-in-eu-kommen\/#breadcrumb","itemListElement":[{"@type":"ListItem","position":1,"name":"Home","item":"https:\/\/vof-news.eu\/de\/"},{"@type":"ListItem","position":2,"name":"US-Autos sollen k\u00fcnftig zollfrei in EU kommen"}]},{"@type":"WebSite","@id":"https:\/\/vof-news.eu\/de\/#website","url":"https:\/\/vof-news.eu\/de\/","name":"vof-news.eu","description":"","potentialAction":[{"@type":"SearchAction","target":{"@type":"EntryPoint","urlTemplate":"https:\/\/vof-news.eu\/de\/?s={search_term_string}"},"query-input":"required name=search_term_string"}],"inLanguage":"de"},{"@type":"Person","@id":"https:\/\/vof-news.eu\/de\/#\/schema\/person\/f6a2a4309f0561835797fd8c19b333ed","name":"Author","image":{"@type":"ImageObject","inLanguage":"de","@id":"https:\/\/vof-news.eu\/de\/#\/schema\/person\/image\/","url":"https:\/\/secure.gravatar.com\/avatar\/b67e614b1b25b3e9c0c239efdd2fde5ab015b5affd6f1c3c85911ca4b384e790?s=96&d=mm&r=g","contentUrl":"https:\/\/secure.gravatar.com\/avatar\/b67e614b1b25b3e9c0c239efdd2fde5ab015b5affd6f1c3c85911ca4b384e790?s=96&d=mm&r=g","caption":"Author"},"sameAs":["http:\/\/vof-news.eu"],"url":"https:\/\/vof-news.eu\/de\/author\/zwt6qxnjulxbnyg\/"}]}},"yoast_meta":{"yoast_wpseo_title":"","yoast_wpseo_metadesc":"","yoast_wpseo_canonical":""},"_links":{"self":[{"href":"https:\/\/vof-news.eu\/de\/wp-json\/wp\/v2\/posts\/259339","targetHints":{"allow":["GET"]}}],"collection":[{"href":"https:\/\/vof-news.eu\/de\/wp-json\/wp\/v2\/posts"}],"about":[{"href":"https:\/\/vof-news.eu\/de\/wp-json\/wp\/v2\/types\/post"}],"author":[{"embeddable":true,"href":"https:\/\/vof-news.eu\/de\/wp-json\/wp\/v2\/users\/1"}],"replies":[{"embeddable":true,"href":"https:\/\/vof-news.eu\/de\/wp-json\/wp\/v2\/comments?post=259339"}],"version-history":[{"count":1,"href":"https:\/\/vof-news.eu\/de\/wp-json\/wp\/v2\/posts\/259339\/revisions"}],"predecessor-version":[{"id":259340,"href":"https:\/\/vof-news.eu\/de\/wp-json\/wp\/v2\/posts\/259339\/revisions\/259340"}],"wp:attachment":[{"href":"https:\/\/vof-news.eu\/de\/wp-json\/wp\/v2\/media?parent=259339"}],"wp:term":[{"taxonomy":"category","embeddable":true,"href":"https:\/\/vof-news.eu\/de\/wp-json\/wp\/v2\/categories?post=259339"},{"taxonomy":"post_tag","embeddable":true,"href":"https:\/\/vof-news.eu\/de\/wp-json\/wp\/v2\/tags?post=259339"}],"curies":[{"name":"wp","href":"https:\/\/api.w.org\/{rel}","templated":true}]}}