{"id":258528,"date":"2025-07-25T13:28:08","date_gmt":"2025-07-25T10:28:08","guid":{"rendered":"https:\/\/vof-news.eu\/selenskyj-nennt-proteste-als-grund-fur-einlenken-bei-korruptionsgesetz\/"},"modified":"2025-07-25T13:29:14","modified_gmt":"2025-07-25T10:29:14","slug":"selenskyj-nennt-proteste-als-grund-fur-einlenken-bei-korruptionsgesetz","status":"publish","type":"post","link":"https:\/\/vof-news.eu\/de\/selenskyj-nennt-proteste-als-grund-fur-einlenken-bei-korruptionsgesetz\/","title":{"rendered":"Selenskyj nennt Proteste als Grund f\u00fcr Einlenken bei Korruptionsgesetz"},"content":{"rendered":"<div>\n<p>Der ukrainische Pr\u00e4sident Wolodymyr Selenskyj will mit seinem <a href=\"https:\/\/www.zeit.de\/politik\/deutschland\/2025-07\/wolodymyr-selenskyj-antikorruptionsbehoerden-gesetz\" rel=\"nofollow\">Einlenken bei einem umstrittenen Gesetz<\/a> zu den Antikorruptionsbeh\u00f6rden seines Landes angemessen auf Proteste gegen das Gesetz reagiert haben. &#8222;Es ist v\u00f6llig normal, zu reagieren, wenn Menschen etwas nicht wollen, oder wenn ihnen etwas nicht gef\u00e4llt&#8220;, sagte er. &#8222;F\u00fcr mich war es sehr wichtig, dass wir zugeh\u00f6rt und angemessen reagiert haben.&#8220;\n<\/p>\n<p>Das ukrainische Parlament hatte am Dienstag in Eiltempo ein Gesetz verabschiedet, wodurch das nationale Antikorruptionsb\u00fcro (Nabu) und die Sonderstaatsanwaltschaft zur Bek\u00e4mpfung der Korruption (Sapo) ihre Unabh\u00e4ngigkeit verlieren sollten. Die beiden nach der Revolution 2014 geschaffenen Beh\u00f6rden sollten k\u00fcnftig dem Generalstaatsanwalt unterstellt werden. Dieser wird in der <span><a href=\"https:\/\/www.zeit.de\/politik\/ausland\/ukraine-krieg-russland-newsblog-live\" rel=\"nofollow\">Ukraine<\/a><\/span> vom Pr\u00e4sidenten in Abstimmung mit dem Parlament ernannt. Da Selenskyjs Partei Diener des Volkes im Parlament nahezu \u00fcber eine absolute Mehrheit verf\u00fcgt, bef\u00fcrchteten Kritiker, dass die Antikorruptionsbeh\u00f6rden damit faktisch unter Einfluss des Pr\u00e4sidentenb\u00fcros stehen w\u00fcrden.\n<\/p>\n<h2>Neuer Entwurf soll Unabh\u00e4ngigkeit der Antikorruptionsb\u00fcros wahren<\/h2>\n<p><a href=\"https:\/\/www.zeit.de\/politik\/ausland\/2025-07\/ukraine-sbu-antikorruptionsbuero-parlament\" rel=\"nofollow\">Dem Gesetz zufolge sollte<\/a> der Generalstaatsanwalt den Beh\u00f6rden k\u00fcnftig Weisungen erteilen und ihre Ermittlungen an andere Justizorgane weitergeben k\u00f6nnen. Die Beh\u00f6rden sprachen von einer faktischen &#8222;Zerst\u00f6rung&#8220; ihrer Unabh\u00e4ngigkeit. Kritiker beklagten zudem das intransparente Verfahren, in dem das Gesetz beschlossen wurde: Die \u00c4nderungen wurden in einer \u00fcberraschenden Ausschusssitzung in einen Gesetzentwurf geschrieben, der urspr\u00fcnglich andere Themen betraf. Seit Dienstag protestierten in Kyjiw und mehreren weiteren ukrainischen St\u00e4dten Tausende Menschen gegen das Gesetz. Es sind die gr\u00f6\u00dften Proteste seit Beginn des russischen Krieges gegen die Ukraine.\u00a0\n<\/p>\n<p>Die &#8222;angemessene&#8220; Reaktion darauf, von der Selenskyj nun spricht, bezieht sich auf einen neuen Gesetzentwurf, den der Pr\u00e4sident inzwischen vorgelegt hat. Dieser sieht vor, dass die Antikorruptionsbeh\u00f6rden ihre Unabh\u00e4ngigkeit behalten. Auch nach Selenskyjs Einlenken gingen die Proteste weiter, allerdings nahmen weniger Menschen als in den Tagen davor an ihnen teil.\n<\/p>\n<p>Die betroffenen Beh\u00f6rden zeigten sich zwar erfreut \u00fcber die Reaktion des Pr\u00e4sidenten.\u00a0Aktivisten kritisieren jedoch, dass der neue Entwurf einer R\u00fccknahme des bereits beschlossenen Gesetzes nicht gleichkommt. Zudem geht das ukrainische Parlament demn\u00e4chst in eine vierw\u00f6chige Sommerpause, sodass unklar ist, wie lange die Unabh\u00e4ngigkeit der Antikorruptionsbeh\u00f6rden bis Inkrafttreten des neuen Entwurfs eingeschr\u00e4nkt bleibt.\u00a0\n<\/p>\n<h2>L\u00fcgendetektortests f\u00fcr Staatsbedienstete<\/h2>\n<p>Der gesetzlichen Beschneidung der Rechte von Nabu und Sapo waren Durchsuchungen bei den beiden Antikorruptionsbeh\u00f6rden zuvorgekommen. Der Inlandsgeheimdienst SBU nahm dabei einen Nabu-Mitarbeiter fest, dem die Weitergabe von Informationen an Russland vorgeworfen wird. <a href=\"https:\/\/www.zeit.de\/politik\/ausland\/2025-07\/ukraine-wolodymyr-selenskyj-korruption-behoerden-proteste\" rel=\"nofollow\">Auch Selenskyj rechtfertigte die Novelle<\/a> mit dem Ziel, die Beh\u00f6rden gegen russischen Einfluss sch\u00fctzen zu wollen. Er nannte allerdings keine konkreten Vorf\u00e4lle, welche die Antikorruptionsbeh\u00f6rden betreffen sollten.\u00a0\n<\/p>\n<p>Ma\u00dfnahmen gegen russische Einflussnahme finden sich auch in dem neuen Gesetzentwurf. So sollen die Beh\u00f6rden zwar ihre Unabh\u00e4ngigkeit behalten. Daf\u00fcr aber m\u00fcssten k\u00fcnftig alle Mitarbeiter staatlicher Stellen, die Zugang zu geheimen Informationen haben, <a href=\"https:\/\/www.zeit.de\/politik\/ausland\/2025-07\/selenskyj-korruption-gesetz-luegendetektor\" rel=\"nofollow\">regelm\u00e4\u00dfigen L\u00fcgendetektortests unterzogen werden.\u00a0<\/a>\n<\/p>\n<p>Unklar ist allerdings, welche Beh\u00f6rde daf\u00fcr verantwortlich sein soll: Nach Angaben des Nabu sollen diese Kontrollen nicht vom SBU, sondern von einer internen Kontrollstelle vorgenommen werden. Aus dem auf der Website des Parlaments ver\u00f6ffentlichten Text geht hingegen hervor, dass die erste Kontrolle vom SBU vorgenommen werden soll und erst nachfolgende Tests von verwaltungsinternen Stellen.\u00a0\n<\/p>\n<h2>Angestrebter EU-Beitritt abh\u00e4ngig von Kampf gegen Korruption<\/h2>\n<p><span><a href=\"https:\/\/www.zeit.de\/thema\/korruption\" rel=\"nofollow\">Korruption<\/a><\/span> ist ein seit Jahrzehnten anhaltendes Problem in der Ukraine, das innenpolitische Debatten h\u00e4ufig dominiert. Die Lage hat sich seit der Revolution 2014 und den anschlie\u00dfenden Reformen zwar deutlich verbessert, bleibt aber noch weit hinter EU-Standards zur\u00fcck. So lag die Ukraine im Korruptionswahrnehmungsindex der Organisation Transparency International 2013 noch auf Platz 144 von etwa 180 L\u00e4ndern. 2021 lag das Land auf Platz 122, im vergangenen Jahr auf Platz 105. Das EU-Land mit dem schlechtesten Wert ist Ungarn (Platz 82), unter allen europ\u00e4ischen L\u00e4ndern rangiert Russland mit Rang 154 auf dem letzten Platz.\n<\/p>\n<p><a href=\"https:\/\/www.zeit.de\/politik\/ausland\/2025-07\/korruption-ukraine-wolodymyr-selenskyj-bekaempfung-proteste\" rel=\"nofollow\">Selenskyjs Einlenken d\u00fcrfte dementsprechend nicht nur von inl\u00e4ndischem Protest motiviert sein<\/a>. Auch die EU und die G7 sowie einzelne EU-L\u00e4nder, darunter Deutschland, hatten das urspr\u00fcngliche Gesetz deutlich kritisiert, da es den ukrainischen EU-Beitritt gef\u00e4hrde. Erfolge beim Kampf gegen Korruption geh\u00f6ren zu den wichtigsten Bedingungen der EU-Kommission f\u00fcr eine k\u00fcnftige Aufnahme der Ukraine.\n<\/p>\n<\/div>\n","protected":false},"excerpt":{"rendered":"<p>Der ukrainische Pr\u00e4sident Wolodymyr Selenskyj will mit seinem Einlenken bei einem umstrittenen Gesetz zu den Antikorruptionsbeh\u00f6rden seines Landes angemessen auf Proteste gegen das Gesetz reagiert haben. &#8222;Es ist v\u00f6llig normal, zu reagieren, wenn Menschen etwas nicht wollen, oder wenn ihnen etwas nicht gef\u00e4llt&#8220;, sagte er. &#8222;F\u00fcr mich war es sehr wichtig, dass wir zugeh\u00f6rt und<\/p>\n","protected":false},"author":1,"featured_media":258529,"comment_status":"open","ping_status":"open","sticky":false,"template":"","format":"standard","meta":{"footnotes":""},"categories":[116],"tags":[],"class_list":["post-258528","post","type-post","status-publish","format-standard","has-post-thumbnail","hentry","category-war-chronicles-de"],"acf":[],"yoast_head":"<!-- This site is optimized with the Yoast SEO plugin v22.9 - https:\/\/yoast.com\/wordpress\/plugins\/seo\/ -->\n<title>Selenskyj nennt Proteste als Grund f\u00fcr Einlenken bei Korruptionsgesetz - vof-news.eu<\/title>\n<meta name=\"description\" content=\"Der ukrainische Pr\u00e4sident Wolodymyr Selenskyj will mit seinem Einlenken bei einem umstrittenen Gesetz zu den Antikorruptionsbeh\u00f6rden seines Landes angemessen auf Proteste gegen das Gesetz reagiert haben. &quot;Es ist v\u00f6llig normal, zu reagieren, wenn Menschen etwas nicht wollen, oder wenn ihnen etwas nicht gef\u00e4llt&quot;, sagte er. &quot;F\u00fcr mich war es sehr wichtig, dass wir zugeh\u00f6rt und angemessen reagiert haben.&quot;\" \/>\n<meta name=\"robots\" content=\"noindex, follow, max-snippet:-1, max-image-preview:large, max-video-preview:-1\" \/>\n<meta property=\"og:locale\" content=\"de_DE\" \/>\n<meta property=\"og:type\" content=\"article\" \/>\n<meta property=\"og:title\" content=\"Selenskyj nennt Proteste als Grund f\u00fcr Einlenken bei Korruptionsgesetz - vof-news.eu\" \/>\n<meta property=\"og:description\" content=\"Der ukrainische Pr\u00e4sident Wolodymyr Selenskyj will mit seinem Einlenken bei einem umstrittenen Gesetz zu den Antikorruptionsbeh\u00f6rden seines Landes angemessen auf Proteste gegen das Gesetz reagiert haben. &quot;Es ist v\u00f6llig normal, zu reagieren, wenn Menschen etwas nicht wollen, oder wenn ihnen etwas nicht gef\u00e4llt&quot;, sagte er. &quot;F\u00fcr mich war es sehr wichtig, dass wir zugeh\u00f6rt und angemessen reagiert haben.&quot;\" \/>\n<meta property=\"og:url\" content=\"https:\/\/vof-news.eu\/de\/selenskyj-nennt-proteste-als-grund-fur-einlenken-bei-korruptionsgesetz\/\" \/>\n<meta property=\"og:site_name\" content=\"vof-news.eu\" \/>\n<meta property=\"article:published_time\" content=\"2025-07-25T10:28:08+00:00\" \/>\n<meta property=\"article:modified_time\" content=\"2025-07-25T10:29:14+00:00\" \/>\n<meta property=\"og:image\" content=\"https:\/\/vof-news.eu\/wp-content\/uploads\/2025\/07\/wide__1000x562-87.jpg\" \/>\n\t<meta property=\"og:image:width\" content=\"1000\" \/>\n\t<meta property=\"og:image:height\" content=\"562\" \/>\n\t<meta property=\"og:image:type\" content=\"image\/jpeg\" \/>\n<meta name=\"author\" content=\"Author\" \/>\n<meta name=\"twitter:card\" content=\"summary_large_image\" \/>\n<meta name=\"twitter:label1\" content=\"Verfasst von\" \/>\n\t<meta name=\"twitter:data1\" content=\"Author\" \/>\n\t<meta name=\"twitter:label2\" content=\"Gesch\u00e4tzte Lesezeit\" \/>\n\t<meta name=\"twitter:data2\" content=\"4\u00a0Minuten\" \/>\n<script type=\"application\/ld+json\" class=\"yoast-schema-graph\">{\"@context\":\"https:\/\/schema.org\",\"@graph\":[{\"@type\":\"WebPage\",\"@id\":\"https:\/\/vof-news.eu\/de\/selenskyj-nennt-proteste-als-grund-fur-einlenken-bei-korruptionsgesetz\/\",\"url\":\"https:\/\/vof-news.eu\/de\/selenskyj-nennt-proteste-als-grund-fur-einlenken-bei-korruptionsgesetz\/\",\"name\":\"Selenskyj nennt Proteste als Grund f\u00fcr Einlenken bei Korruptionsgesetz - vof-news.eu\",\"isPartOf\":{\"@id\":\"https:\/\/vof-news.eu\/de\/#website\"},\"primaryImageOfPage\":{\"@id\":\"https:\/\/vof-news.eu\/de\/selenskyj-nennt-proteste-als-grund-fur-einlenken-bei-korruptionsgesetz\/#primaryimage\"},\"image\":{\"@id\":\"https:\/\/vof-news.eu\/de\/selenskyj-nennt-proteste-als-grund-fur-einlenken-bei-korruptionsgesetz\/#primaryimage\"},\"thumbnailUrl\":\"https:\/\/vof-news.eu\/wp-content\/uploads\/2025\/07\/wide__1000x562-87.jpg\",\"datePublished\":\"2025-07-25T10:28:08+00:00\",\"dateModified\":\"2025-07-25T10:29:14+00:00\",\"author\":{\"@id\":\"https:\/\/vof-news.eu\/de\/#\/schema\/person\/f6a2a4309f0561835797fd8c19b333ed\"},\"description\":\"Der ukrainische Pr\u00e4sident Wolodymyr Selenskyj will mit seinem Einlenken bei einem umstrittenen Gesetz zu den Antikorruptionsbeh\u00f6rden seines Landes angemessen auf Proteste gegen das Gesetz reagiert haben. \\\"Es ist v\u00f6llig normal, zu reagieren, wenn Menschen etwas nicht wollen, oder wenn ihnen etwas nicht gef\u00e4llt\\\", sagte er. \\\"F\u00fcr mich war es sehr wichtig, dass wir zugeh\u00f6rt und angemessen reagiert haben.\\\"\",\"breadcrumb\":{\"@id\":\"https:\/\/vof-news.eu\/de\/selenskyj-nennt-proteste-als-grund-fur-einlenken-bei-korruptionsgesetz\/#breadcrumb\"},\"inLanguage\":\"de\",\"potentialAction\":[{\"@type\":\"ReadAction\",\"target\":[\"https:\/\/vof-news.eu\/de\/selenskyj-nennt-proteste-als-grund-fur-einlenken-bei-korruptionsgesetz\/\"]}]},{\"@type\":\"ImageObject\",\"inLanguage\":\"de\",\"@id\":\"https:\/\/vof-news.eu\/de\/selenskyj-nennt-proteste-als-grund-fur-einlenken-bei-korruptionsgesetz\/#primaryimage\",\"url\":\"https:\/\/vof-news.eu\/wp-content\/uploads\/2025\/07\/wide__1000x562-87.jpg\",\"contentUrl\":\"https:\/\/vof-news.eu\/wp-content\/uploads\/2025\/07\/wide__1000x562-87.jpg\",\"width\":1000,\"height\":562},{\"@type\":\"BreadcrumbList\",\"@id\":\"https:\/\/vof-news.eu\/de\/selenskyj-nennt-proteste-als-grund-fur-einlenken-bei-korruptionsgesetz\/#breadcrumb\",\"itemListElement\":[{\"@type\":\"ListItem\",\"position\":1,\"name\":\"Home\",\"item\":\"https:\/\/vof-news.eu\/de\/\"},{\"@type\":\"ListItem\",\"position\":2,\"name\":\"Selenskyj nennt Proteste als Grund f\u00fcr Einlenken bei Korruptionsgesetz\"}]},{\"@type\":\"WebSite\",\"@id\":\"https:\/\/vof-news.eu\/de\/#website\",\"url\":\"https:\/\/vof-news.eu\/de\/\",\"name\":\"vof-news.eu\",\"description\":\"\",\"potentialAction\":[{\"@type\":\"SearchAction\",\"target\":{\"@type\":\"EntryPoint\",\"urlTemplate\":\"https:\/\/vof-news.eu\/de\/?s={search_term_string}\"},\"query-input\":\"required name=search_term_string\"}],\"inLanguage\":\"de\"},{\"@type\":\"Person\",\"@id\":\"https:\/\/vof-news.eu\/de\/#\/schema\/person\/f6a2a4309f0561835797fd8c19b333ed\",\"name\":\"Author\",\"image\":{\"@type\":\"ImageObject\",\"inLanguage\":\"de\",\"@id\":\"https:\/\/vof-news.eu\/de\/#\/schema\/person\/image\/\",\"url\":\"https:\/\/secure.gravatar.com\/avatar\/b67e614b1b25b3e9c0c239efdd2fde5ab015b5affd6f1c3c85911ca4b384e790?s=96&d=mm&r=g\",\"contentUrl\":\"https:\/\/secure.gravatar.com\/avatar\/b67e614b1b25b3e9c0c239efdd2fde5ab015b5affd6f1c3c85911ca4b384e790?s=96&d=mm&r=g\",\"caption\":\"Author\"},\"sameAs\":[\"http:\/\/vof-news.eu\"],\"url\":\"https:\/\/vof-news.eu\/de\/author\/zwt6qxnjulxbnyg\/\"}]}<\/script>\n<!-- \/ Yoast SEO plugin. -->","yoast_head_json":{"title":"Selenskyj nennt Proteste als Grund f\u00fcr Einlenken bei Korruptionsgesetz - vof-news.eu","description":"Der ukrainische Pr\u00e4sident Wolodymyr Selenskyj will mit seinem Einlenken bei einem umstrittenen Gesetz zu den Antikorruptionsbeh\u00f6rden seines Landes angemessen auf Proteste gegen das Gesetz reagiert haben. \"Es ist v\u00f6llig normal, zu reagieren, wenn Menschen etwas nicht wollen, oder wenn ihnen etwas nicht gef\u00e4llt\", sagte er. \"F\u00fcr mich war es sehr wichtig, dass wir zugeh\u00f6rt und angemessen reagiert haben.\"","robots":{"index":"noindex","follow":"follow","max-snippet":"max-snippet:-1","max-image-preview":"max-image-preview:large","max-video-preview":"max-video-preview:-1"},"og_locale":"de_DE","og_type":"article","og_title":"Selenskyj nennt Proteste als Grund f\u00fcr Einlenken bei Korruptionsgesetz - vof-news.eu","og_description":"Der ukrainische Pr\u00e4sident Wolodymyr Selenskyj will mit seinem Einlenken bei einem umstrittenen Gesetz zu den Antikorruptionsbeh\u00f6rden seines Landes angemessen auf Proteste gegen das Gesetz reagiert haben. \"Es ist v\u00f6llig normal, zu reagieren, wenn Menschen etwas nicht wollen, oder wenn ihnen etwas nicht gef\u00e4llt\", sagte er. \"F\u00fcr mich war es sehr wichtig, dass wir zugeh\u00f6rt und angemessen reagiert haben.\"","og_url":"https:\/\/vof-news.eu\/de\/selenskyj-nennt-proteste-als-grund-fur-einlenken-bei-korruptionsgesetz\/","og_site_name":"vof-news.eu","article_published_time":"2025-07-25T10:28:08+00:00","article_modified_time":"2025-07-25T10:29:14+00:00","og_image":[{"width":1000,"height":562,"url":"https:\/\/vof-news.eu\/wp-content\/uploads\/2025\/07\/wide__1000x562-87.jpg","type":"image\/jpeg"}],"author":"Author","twitter_card":"summary_large_image","twitter_misc":{"Verfasst von":"Author","Gesch\u00e4tzte Lesezeit":"4\u00a0Minuten"},"schema":{"@context":"https:\/\/schema.org","@graph":[{"@type":"WebPage","@id":"https:\/\/vof-news.eu\/de\/selenskyj-nennt-proteste-als-grund-fur-einlenken-bei-korruptionsgesetz\/","url":"https:\/\/vof-news.eu\/de\/selenskyj-nennt-proteste-als-grund-fur-einlenken-bei-korruptionsgesetz\/","name":"Selenskyj nennt Proteste als Grund f\u00fcr Einlenken bei Korruptionsgesetz - vof-news.eu","isPartOf":{"@id":"https:\/\/vof-news.eu\/de\/#website"},"primaryImageOfPage":{"@id":"https:\/\/vof-news.eu\/de\/selenskyj-nennt-proteste-als-grund-fur-einlenken-bei-korruptionsgesetz\/#primaryimage"},"image":{"@id":"https:\/\/vof-news.eu\/de\/selenskyj-nennt-proteste-als-grund-fur-einlenken-bei-korruptionsgesetz\/#primaryimage"},"thumbnailUrl":"https:\/\/vof-news.eu\/wp-content\/uploads\/2025\/07\/wide__1000x562-87.jpg","datePublished":"2025-07-25T10:28:08+00:00","dateModified":"2025-07-25T10:29:14+00:00","author":{"@id":"https:\/\/vof-news.eu\/de\/#\/schema\/person\/f6a2a4309f0561835797fd8c19b333ed"},"description":"Der ukrainische Pr\u00e4sident Wolodymyr Selenskyj will mit seinem Einlenken bei einem umstrittenen Gesetz zu den Antikorruptionsbeh\u00f6rden seines Landes angemessen auf Proteste gegen das Gesetz reagiert haben. \"Es ist v\u00f6llig normal, zu reagieren, wenn Menschen etwas nicht wollen, oder wenn ihnen etwas nicht gef\u00e4llt\", sagte er. \"F\u00fcr mich war es sehr wichtig, dass wir zugeh\u00f6rt und angemessen reagiert haben.\"","breadcrumb":{"@id":"https:\/\/vof-news.eu\/de\/selenskyj-nennt-proteste-als-grund-fur-einlenken-bei-korruptionsgesetz\/#breadcrumb"},"inLanguage":"de","potentialAction":[{"@type":"ReadAction","target":["https:\/\/vof-news.eu\/de\/selenskyj-nennt-proteste-als-grund-fur-einlenken-bei-korruptionsgesetz\/"]}]},{"@type":"ImageObject","inLanguage":"de","@id":"https:\/\/vof-news.eu\/de\/selenskyj-nennt-proteste-als-grund-fur-einlenken-bei-korruptionsgesetz\/#primaryimage","url":"https:\/\/vof-news.eu\/wp-content\/uploads\/2025\/07\/wide__1000x562-87.jpg","contentUrl":"https:\/\/vof-news.eu\/wp-content\/uploads\/2025\/07\/wide__1000x562-87.jpg","width":1000,"height":562},{"@type":"BreadcrumbList","@id":"https:\/\/vof-news.eu\/de\/selenskyj-nennt-proteste-als-grund-fur-einlenken-bei-korruptionsgesetz\/#breadcrumb","itemListElement":[{"@type":"ListItem","position":1,"name":"Home","item":"https:\/\/vof-news.eu\/de\/"},{"@type":"ListItem","position":2,"name":"Selenskyj nennt Proteste als Grund f\u00fcr Einlenken bei Korruptionsgesetz"}]},{"@type":"WebSite","@id":"https:\/\/vof-news.eu\/de\/#website","url":"https:\/\/vof-news.eu\/de\/","name":"vof-news.eu","description":"","potentialAction":[{"@type":"SearchAction","target":{"@type":"EntryPoint","urlTemplate":"https:\/\/vof-news.eu\/de\/?s={search_term_string}"},"query-input":"required name=search_term_string"}],"inLanguage":"de"},{"@type":"Person","@id":"https:\/\/vof-news.eu\/de\/#\/schema\/person\/f6a2a4309f0561835797fd8c19b333ed","name":"Author","image":{"@type":"ImageObject","inLanguage":"de","@id":"https:\/\/vof-news.eu\/de\/#\/schema\/person\/image\/","url":"https:\/\/secure.gravatar.com\/avatar\/b67e614b1b25b3e9c0c239efdd2fde5ab015b5affd6f1c3c85911ca4b384e790?s=96&d=mm&r=g","contentUrl":"https:\/\/secure.gravatar.com\/avatar\/b67e614b1b25b3e9c0c239efdd2fde5ab015b5affd6f1c3c85911ca4b384e790?s=96&d=mm&r=g","caption":"Author"},"sameAs":["http:\/\/vof-news.eu"],"url":"https:\/\/vof-news.eu\/de\/author\/zwt6qxnjulxbnyg\/"}]}},"yoast_meta":{"yoast_wpseo_title":"","yoast_wpseo_metadesc":"","yoast_wpseo_canonical":""},"_links":{"self":[{"href":"https:\/\/vof-news.eu\/de\/wp-json\/wp\/v2\/posts\/258528","targetHints":{"allow":["GET"]}}],"collection":[{"href":"https:\/\/vof-news.eu\/de\/wp-json\/wp\/v2\/posts"}],"about":[{"href":"https:\/\/vof-news.eu\/de\/wp-json\/wp\/v2\/types\/post"}],"author":[{"embeddable":true,"href":"https:\/\/vof-news.eu\/de\/wp-json\/wp\/v2\/users\/1"}],"replies":[{"embeddable":true,"href":"https:\/\/vof-news.eu\/de\/wp-json\/wp\/v2\/comments?post=258528"}],"version-history":[{"count":1,"href":"https:\/\/vof-news.eu\/de\/wp-json\/wp\/v2\/posts\/258528\/revisions"}],"predecessor-version":[{"id":258535,"href":"https:\/\/vof-news.eu\/de\/wp-json\/wp\/v2\/posts\/258528\/revisions\/258535"}],"wp:featuredmedia":[{"embeddable":true,"href":"https:\/\/vof-news.eu\/de\/wp-json\/wp\/v2\/media\/258529"}],"wp:attachment":[{"href":"https:\/\/vof-news.eu\/de\/wp-json\/wp\/v2\/media?parent=258528"}],"wp:term":[{"taxonomy":"category","embeddable":true,"href":"https:\/\/vof-news.eu\/de\/wp-json\/wp\/v2\/categories?post=258528"},{"taxonomy":"post_tag","embeddable":true,"href":"https:\/\/vof-news.eu\/de\/wp-json\/wp\/v2\/tags?post=258528"}],"curies":[{"name":"wp","href":"https:\/\/api.w.org\/{rel}","templated":true}]}}