{"id":258309,"date":"2025-07-24T19:26:07","date_gmt":"2025-07-24T16:26:07","guid":{"rendered":"https:\/\/vof-news.eu\/volkswagen-in-osnabruck-vor-dem-aus-jetzt-schielt-rheinmetall-auf-das-vw-werk\/"},"modified":"2025-07-24T19:26:26","modified_gmt":"2025-07-24T16:26:26","slug":"volkswagen-in-osnabruck-vor-dem-aus-jetzt-schielt-rheinmetall-auf-das-vw-werk","status":"publish","type":"post","link":"https:\/\/vof-news.eu\/de\/volkswagen-in-osnabruck-vor-dem-aus-jetzt-schielt-rheinmetall-auf-das-vw-werk\/","title":{"rendered":"Volkswagen in Osnabr\u00fcck vor dem Aus? Jetzt schielt Rheinmetall auf das VW-Werk"},"content":{"rendered":"<p>Rheinmetall-Chef Armin Papperger hat sich offen f\u00fcr eine Ausweitung der Zusammenarbeit mit Volkswagen gezeigt \u2013 auch mit Blick auf das Werk in Osnabr\u00fcck. \u201eWir haben Kooperationen mit Volkswagen. Wir haben sogar ein Joint Venture mit Volkswagen, also mit der MAN, mit der Traton\u201c, sagte Papperger. Traton ist die Nutzfahrzeugholding des VW-Konzerns, zu der auch MAN geh\u00f6rt.<\/p>\n<p>Man sei fortlaufend im Gespr\u00e4ch, ob auch <a class=\"is-link c-block-items__link c-link--rich-text-renderer\" data-internal-tracking='{\"action\":\"click\",\"label\":\"link\",\"name\":\"Inline Element\",\"data\":{\"source\":\"\",\"target\":\"https:\/\/www.welt.de\/themen\/volkswagen-neuheiten-fahrberichte-tests\/\",\"trackingName\":\"\",\"trackingLabel\":\"\"}}' data-internal-tracking-enabled=\"true\" href=\"https:\/\/www.welt.de\/themen\/volkswagen-neuheiten-fahrberichte-tests\/\">Volkswagen<\/a>-Werke Auftr\u00e4ge f\u00fcr <a class=\"is-link c-block-items__link c-link--rich-text-renderer\" data-internal-tracking='{\"action\":\"click\",\"label\":\"link\",\"name\":\"Inline Element\",\"data\":{\"source\":\"\",\"target\":\"https:\/\/www.welt.de\/themen\/rheinmetall\/\",\"trackingName\":\"\",\"trackingLabel\":\"\"}}' data-internal-tracking-enabled=\"true\" href=\"https:\/\/www.welt.de\/themen\/rheinmetall\/\">Rheinmetall<\/a> \u00fcbernehmen k\u00f6nnten. \u201eWir sind immer offen f\u00fcr Kooperationen. Wir wachsen ja sehr stark, und wenn man w\u00e4chst, dann braucht man einen Kooperationspartner. Denn alleine kann man das nicht schaffen\u201c, so Papperger.<\/p>\n<p>Konkret zum Standort Osnabr\u00fcck erkl\u00e4rte der Konzernchef: \u201eWir haben einen Plan entwickelt, aber das h\u00e4ngt jetzt sehr stark davon ab, wie viele Auftr\u00e4ge an Fahrzeugen jetzt kommen.\u201c Rheinmetall habe die eigenen Kapazit\u00e4ten im In- und Ausland bereits stark erweitert. Sollte zus\u00e4tzlicher Bedarf entstehen, sei Osnabr\u00fcck \u201enat\u00fcrlich auch im Spiel\u201c.<\/p>\n<h3>Werk zwischen Auto und Armee?<\/h3>\n<p>Bereits im M\u00e4rz hatte eine Rheinmetall-Delegation das VW-Werk in Osnabr\u00fcck besucht. VW sprach damals von einer \u201eergebnisoffenen Diskussion\u201c ohne konkrete Ableitungen f\u00fcr den Standort. Medien hatten \u00fcber \u00dcberlegungen berichtet, dort Fahrerkabinen f\u00fcr Milit\u00e4rfahrzeuge zu fertigen.<\/p>\n<p>Das Werk in Osnabr\u00fcck besch\u00e4ftigt rund 2300 Menschen. Die Produktion der dort gebauten Porsche-Modelle soll 2026 auslaufen, Mitte 2027 dann auch die Fertigung des VW T-Roc Cabrios. Einen Folgeauftrag gibt es bislang nicht.<\/p>\n","protected":false},"excerpt":{"rendered":"<p>Rheinmetall-Chef Armin Papperger hat sich offen f\u00fcr eine Ausweitung der Zusammenarbeit mit Volkswagen gezeigt \u2013 auch mit Blick auf das Werk in Osnabr\u00fcck. \u201eWir haben Kooperationen mit Volkswagen. Wir haben sogar ein Joint Venture mit Volkswagen, also mit der MAN, mit der Traton\u201c, sagte Papperger. Traton ist die Nutzfahrzeugholding des VW-Konzerns, zu der auch MAN<\/p>\n","protected":false},"author":1,"featured_media":258310,"comment_status":"open","ping_status":"open","sticky":false,"template":"","format":"standard","meta":{"footnotes":""},"categories":[59],"tags":[],"class_list":["post-258309","post","type-post","status-publish","format-standard","has-post-thumbnail","hentry","category-business-de"],"acf":[],"yoast_head":"<!-- This site is optimized with the Yoast SEO plugin v22.9 - https:\/\/yoast.com\/wordpress\/plugins\/seo\/ -->\n<title>Volkswagen in Osnabr\u00fcck vor dem Aus? Jetzt schielt Rheinmetall auf das VW-Werk - vof-news.eu<\/title>\n<meta name=\"description\" content=\"Rheinmetall-Chef Armin Papperger hat sich offen f\u00fcr eine Ausweitung der Zusammenarbeit mit Volkswagen gezeigt \u2013 auch mit Blick auf das Werk in Osnabr\u00fcck. \u201eWir haben Kooperationen mit Volkswagen. Wir haben sogar ein Joint Venture mit Volkswagen, also mit der MAN, mit der Traton\u201c, sagte Papperger. Traton ist die Nutzfahrzeugholding des VW-Konzerns, zu der auch MAN geh\u00f6rt.Man sei fortlaufend im Gespr\u00e4ch, ob auch Volkswagen-Werke Auftr\u00e4ge f\u00fcr Rheinmetall \u00fcbernehmen k\u00f6nnten. \u201eWir sind immer offen f\u00fcr Kooperationen. Wir wachsen ja sehr stark, und wenn man w\u00e4chst, dann braucht man einen Kooperationspartner. Denn alleine kann man das nicht schaffen\u201c, so Papperger.Konkret zum Standort Osnabr\u00fcck erkl\u00e4rte der Konzernchef: \u201eWir haben einen Plan entwickelt, aber das h\u00e4ngt jetzt sehr stark davon ab, wie viele Auftr\u00e4ge an Fahrzeugen jetzt kommen.\u201c Rheinmetall habe die eigenen Kapazit\u00e4ten im In- und Ausland bereits stark erweitert. Sollte zus\u00e4tzlicher Bedarf entstehen, sei Osnabr\u00fcck \u201enat\u00fcrlich auch im Spiel\u201c.Werk zwischen Auto und Armee?Bereits im M\u00e4rz hatte eine Rheinmetall-Delegation das VW-Werk in Osnabr\u00fcck besucht. VW sprach damals von einer \u201eergebnisoffenen Diskussion\u201c ohne konkrete Ableitungen f\u00fcr den Standort. Medien hatten \u00fcber \u00dcberlegungen berichtet, dort Fahrerkabinen f\u00fcr Milit\u00e4rfahrzeuge zu fertigen.Das Werk in Osnabr\u00fcck besch\u00e4ftigt rund 2300 Menschen. Die Produktion der dort gebauten Porsche-Modelle soll 2026 auslaufen, Mitte 2027 dann auch die Fertigung des VW T-Roc Cabrios. Einen Folgeauftrag gibt es bislang nicht.\" \/>\n<meta name=\"robots\" content=\"noindex, follow, max-snippet:-1, max-image-preview:large, max-video-preview:-1\" \/>\n<meta property=\"og:locale\" content=\"de_DE\" \/>\n<meta property=\"og:type\" content=\"article\" \/>\n<meta property=\"og:title\" content=\"Volkswagen in Osnabr\u00fcck vor dem Aus? Jetzt schielt Rheinmetall auf das VW-Werk - vof-news.eu\" \/>\n<meta property=\"og:description\" content=\"Rheinmetall-Chef Armin Papperger hat sich offen f\u00fcr eine Ausweitung der Zusammenarbeit mit Volkswagen gezeigt \u2013 auch mit Blick auf das Werk in Osnabr\u00fcck. \u201eWir haben Kooperationen mit Volkswagen. Wir haben sogar ein Joint Venture mit Volkswagen, also mit der MAN, mit der Traton\u201c, sagte Papperger. Traton ist die Nutzfahrzeugholding des VW-Konzerns, zu der auch MAN geh\u00f6rt.Man sei fortlaufend im Gespr\u00e4ch, ob auch Volkswagen-Werke Auftr\u00e4ge f\u00fcr Rheinmetall \u00fcbernehmen k\u00f6nnten. \u201eWir sind immer offen f\u00fcr Kooperationen. Wir wachsen ja sehr stark, und wenn man w\u00e4chst, dann braucht man einen Kooperationspartner. Denn alleine kann man das nicht schaffen\u201c, so Papperger.Konkret zum Standort Osnabr\u00fcck erkl\u00e4rte der Konzernchef: \u201eWir haben einen Plan entwickelt, aber das h\u00e4ngt jetzt sehr stark davon ab, wie viele Auftr\u00e4ge an Fahrzeugen jetzt kommen.\u201c Rheinmetall habe die eigenen Kapazit\u00e4ten im In- und Ausland bereits stark erweitert. Sollte zus\u00e4tzlicher Bedarf entstehen, sei Osnabr\u00fcck \u201enat\u00fcrlich auch im Spiel\u201c.Werk zwischen Auto und Armee?Bereits im M\u00e4rz hatte eine Rheinmetall-Delegation das VW-Werk in Osnabr\u00fcck besucht. VW sprach damals von einer \u201eergebnisoffenen Diskussion\u201c ohne konkrete Ableitungen f\u00fcr den Standort. Medien hatten \u00fcber \u00dcberlegungen berichtet, dort Fahrerkabinen f\u00fcr Milit\u00e4rfahrzeuge zu fertigen.Das Werk in Osnabr\u00fcck besch\u00e4ftigt rund 2300 Menschen. Die Produktion der dort gebauten Porsche-Modelle soll 2026 auslaufen, Mitte 2027 dann auch die Fertigung des VW T-Roc Cabrios. Einen Folgeauftrag gibt es bislang nicht.\" \/>\n<meta property=\"og:url\" content=\"https:\/\/vof-news.eu\/de\/volkswagen-in-osnabruck-vor-dem-aus-jetzt-schielt-rheinmetall-auf-das-vw-werk\/\" \/>\n<meta property=\"og:site_name\" content=\"vof-news.eu\" \/>\n<meta property=\"article:published_time\" content=\"2025-07-24T16:26:07+00:00\" \/>\n<meta property=\"article:modified_time\" content=\"2025-07-24T16:26:26+00:00\" \/>\n<meta property=\"og:image\" content=\"https:\/\/vof-news.eu\/wp-content\/uploads\/2025\/07\/000-34j94my.webp\" \/>\n\t<meta property=\"og:image:width\" content=\"1200\" \/>\n\t<meta property=\"og:image:height\" content=\"574\" \/>\n\t<meta property=\"og:image:type\" content=\"image\/webp\" \/>\n<meta name=\"author\" content=\"Author\" \/>\n<meta name=\"twitter:card\" content=\"summary_large_image\" \/>\n<meta name=\"twitter:label1\" content=\"Verfasst von\" \/>\n\t<meta name=\"twitter:data1\" content=\"Author\" \/>\n\t<meta name=\"twitter:label2\" content=\"Gesch\u00e4tzte Lesezeit\" \/>\n\t<meta name=\"twitter:data2\" content=\"1\u00a0Minute\" \/>\n<script type=\"application\/ld+json\" class=\"yoast-schema-graph\">{\"@context\":\"https:\/\/schema.org\",\"@graph\":[{\"@type\":\"WebPage\",\"@id\":\"https:\/\/vof-news.eu\/de\/volkswagen-in-osnabruck-vor-dem-aus-jetzt-schielt-rheinmetall-auf-das-vw-werk\/\",\"url\":\"https:\/\/vof-news.eu\/de\/volkswagen-in-osnabruck-vor-dem-aus-jetzt-schielt-rheinmetall-auf-das-vw-werk\/\",\"name\":\"Volkswagen in Osnabr\u00fcck vor dem Aus? Jetzt schielt Rheinmetall auf das VW-Werk - vof-news.eu\",\"isPartOf\":{\"@id\":\"https:\/\/vof-news.eu\/de\/#website\"},\"primaryImageOfPage\":{\"@id\":\"https:\/\/vof-news.eu\/de\/volkswagen-in-osnabruck-vor-dem-aus-jetzt-schielt-rheinmetall-auf-das-vw-werk\/#primaryimage\"},\"image\":{\"@id\":\"https:\/\/vof-news.eu\/de\/volkswagen-in-osnabruck-vor-dem-aus-jetzt-schielt-rheinmetall-auf-das-vw-werk\/#primaryimage\"},\"thumbnailUrl\":\"https:\/\/vof-news.eu\/wp-content\/uploads\/2025\/07\/000-34j94my.webp\",\"datePublished\":\"2025-07-24T16:26:07+00:00\",\"dateModified\":\"2025-07-24T16:26:26+00:00\",\"author\":{\"@id\":\"https:\/\/vof-news.eu\/de\/#\/schema\/person\/f6a2a4309f0561835797fd8c19b333ed\"},\"description\":\"Rheinmetall-Chef Armin Papperger hat sich offen f\u00fcr eine Ausweitung der Zusammenarbeit mit Volkswagen gezeigt \u2013 auch mit Blick auf das Werk in Osnabr\u00fcck. \u201eWir haben Kooperationen mit Volkswagen. Wir haben sogar ein Joint Venture mit Volkswagen, also mit der MAN, mit der Traton\u201c, sagte Papperger. Traton ist die Nutzfahrzeugholding des VW-Konzerns, zu der auch MAN geh\u00f6rt.Man sei fortlaufend im Gespr\u00e4ch, ob auch Volkswagen-Werke Auftr\u00e4ge f\u00fcr Rheinmetall \u00fcbernehmen k\u00f6nnten. \u201eWir sind immer offen f\u00fcr Kooperationen. Wir wachsen ja sehr stark, und wenn man w\u00e4chst, dann braucht man einen Kooperationspartner. Denn alleine kann man das nicht schaffen\u201c, so Papperger.Konkret zum Standort Osnabr\u00fcck erkl\u00e4rte der Konzernchef: \u201eWir haben einen Plan entwickelt, aber das h\u00e4ngt jetzt sehr stark davon ab, wie viele Auftr\u00e4ge an Fahrzeugen jetzt kommen.\u201c Rheinmetall habe die eigenen Kapazit\u00e4ten im In- und Ausland bereits stark erweitert. Sollte zus\u00e4tzlicher Bedarf entstehen, sei Osnabr\u00fcck \u201enat\u00fcrlich auch im Spiel\u201c.Werk zwischen Auto und Armee?Bereits im M\u00e4rz hatte eine Rheinmetall-Delegation das VW-Werk in Osnabr\u00fcck besucht. VW sprach damals von einer \u201eergebnisoffenen Diskussion\u201c ohne konkrete Ableitungen f\u00fcr den Standort. Medien hatten \u00fcber \u00dcberlegungen berichtet, dort Fahrerkabinen f\u00fcr Milit\u00e4rfahrzeuge zu fertigen.Das Werk in Osnabr\u00fcck besch\u00e4ftigt rund 2300 Menschen. Die Produktion der dort gebauten Porsche-Modelle soll 2026 auslaufen, Mitte 2027 dann auch die Fertigung des VW T-Roc Cabrios. Einen Folgeauftrag gibt es bislang nicht.\",\"breadcrumb\":{\"@id\":\"https:\/\/vof-news.eu\/de\/volkswagen-in-osnabruck-vor-dem-aus-jetzt-schielt-rheinmetall-auf-das-vw-werk\/#breadcrumb\"},\"inLanguage\":\"de\",\"potentialAction\":[{\"@type\":\"ReadAction\",\"target\":[\"https:\/\/vof-news.eu\/de\/volkswagen-in-osnabruck-vor-dem-aus-jetzt-schielt-rheinmetall-auf-das-vw-werk\/\"]}]},{\"@type\":\"ImageObject\",\"inLanguage\":\"de\",\"@id\":\"https:\/\/vof-news.eu\/de\/volkswagen-in-osnabruck-vor-dem-aus-jetzt-schielt-rheinmetall-auf-das-vw-werk\/#primaryimage\",\"url\":\"https:\/\/vof-news.eu\/wp-content\/uploads\/2025\/07\/000-34j94my.webp\",\"contentUrl\":\"https:\/\/vof-news.eu\/wp-content\/uploads\/2025\/07\/000-34j94my.webp\",\"width\":1200,\"height\":574},{\"@type\":\"BreadcrumbList\",\"@id\":\"https:\/\/vof-news.eu\/de\/volkswagen-in-osnabruck-vor-dem-aus-jetzt-schielt-rheinmetall-auf-das-vw-werk\/#breadcrumb\",\"itemListElement\":[{\"@type\":\"ListItem\",\"position\":1,\"name\":\"Home\",\"item\":\"https:\/\/vof-news.eu\/de\/\"},{\"@type\":\"ListItem\",\"position\":2,\"name\":\"Volkswagen in Osnabr\u00fcck vor dem Aus? Jetzt schielt Rheinmetall auf das VW-Werk\"}]},{\"@type\":\"WebSite\",\"@id\":\"https:\/\/vof-news.eu\/de\/#website\",\"url\":\"https:\/\/vof-news.eu\/de\/\",\"name\":\"vof-news.eu\",\"description\":\"\",\"potentialAction\":[{\"@type\":\"SearchAction\",\"target\":{\"@type\":\"EntryPoint\",\"urlTemplate\":\"https:\/\/vof-news.eu\/de\/?s={search_term_string}\"},\"query-input\":\"required name=search_term_string\"}],\"inLanguage\":\"de\"},{\"@type\":\"Person\",\"@id\":\"https:\/\/vof-news.eu\/de\/#\/schema\/person\/f6a2a4309f0561835797fd8c19b333ed\",\"name\":\"Author\",\"image\":{\"@type\":\"ImageObject\",\"inLanguage\":\"de\",\"@id\":\"https:\/\/vof-news.eu\/de\/#\/schema\/person\/image\/\",\"url\":\"https:\/\/secure.gravatar.com\/avatar\/b67e614b1b25b3e9c0c239efdd2fde5ab015b5affd6f1c3c85911ca4b384e790?s=96&d=mm&r=g\",\"contentUrl\":\"https:\/\/secure.gravatar.com\/avatar\/b67e614b1b25b3e9c0c239efdd2fde5ab015b5affd6f1c3c85911ca4b384e790?s=96&d=mm&r=g\",\"caption\":\"Author\"},\"sameAs\":[\"http:\/\/vof-news.eu\"],\"url\":\"https:\/\/vof-news.eu\/de\/author\/zwt6qxnjulxbnyg\/\"}]}<\/script>\n<!-- \/ Yoast SEO plugin. -->","yoast_head_json":{"title":"Volkswagen in Osnabr\u00fcck vor dem Aus? Jetzt schielt Rheinmetall auf das VW-Werk - vof-news.eu","description":"Rheinmetall-Chef Armin Papperger hat sich offen f\u00fcr eine Ausweitung der Zusammenarbeit mit Volkswagen gezeigt \u2013 auch mit Blick auf das Werk in Osnabr\u00fcck. \u201eWir haben Kooperationen mit Volkswagen. Wir haben sogar ein Joint Venture mit Volkswagen, also mit der MAN, mit der Traton\u201c, sagte Papperger. Traton ist die Nutzfahrzeugholding des VW-Konzerns, zu der auch MAN geh\u00f6rt.Man sei fortlaufend im Gespr\u00e4ch, ob auch Volkswagen-Werke Auftr\u00e4ge f\u00fcr Rheinmetall \u00fcbernehmen k\u00f6nnten. \u201eWir sind immer offen f\u00fcr Kooperationen. Wir wachsen ja sehr stark, und wenn man w\u00e4chst, dann braucht man einen Kooperationspartner. Denn alleine kann man das nicht schaffen\u201c, so Papperger.Konkret zum Standort Osnabr\u00fcck erkl\u00e4rte der Konzernchef: \u201eWir haben einen Plan entwickelt, aber das h\u00e4ngt jetzt sehr stark davon ab, wie viele Auftr\u00e4ge an Fahrzeugen jetzt kommen.\u201c Rheinmetall habe die eigenen Kapazit\u00e4ten im In- und Ausland bereits stark erweitert. Sollte zus\u00e4tzlicher Bedarf entstehen, sei Osnabr\u00fcck \u201enat\u00fcrlich auch im Spiel\u201c.Werk zwischen Auto und Armee?Bereits im M\u00e4rz hatte eine Rheinmetall-Delegation das VW-Werk in Osnabr\u00fcck besucht. VW sprach damals von einer \u201eergebnisoffenen Diskussion\u201c ohne konkrete Ableitungen f\u00fcr den Standort. Medien hatten \u00fcber \u00dcberlegungen berichtet, dort Fahrerkabinen f\u00fcr Milit\u00e4rfahrzeuge zu fertigen.Das Werk in Osnabr\u00fcck besch\u00e4ftigt rund 2300 Menschen. Die Produktion der dort gebauten Porsche-Modelle soll 2026 auslaufen, Mitte 2027 dann auch die Fertigung des VW T-Roc Cabrios. Einen Folgeauftrag gibt es bislang nicht.","robots":{"index":"noindex","follow":"follow","max-snippet":"max-snippet:-1","max-image-preview":"max-image-preview:large","max-video-preview":"max-video-preview:-1"},"og_locale":"de_DE","og_type":"article","og_title":"Volkswagen in Osnabr\u00fcck vor dem Aus? Jetzt schielt Rheinmetall auf das VW-Werk - vof-news.eu","og_description":"Rheinmetall-Chef Armin Papperger hat sich offen f\u00fcr eine Ausweitung der Zusammenarbeit mit Volkswagen gezeigt \u2013 auch mit Blick auf das Werk in Osnabr\u00fcck. \u201eWir haben Kooperationen mit Volkswagen. Wir haben sogar ein Joint Venture mit Volkswagen, also mit der MAN, mit der Traton\u201c, sagte Papperger. Traton ist die Nutzfahrzeugholding des VW-Konzerns, zu der auch MAN geh\u00f6rt.Man sei fortlaufend im Gespr\u00e4ch, ob auch Volkswagen-Werke Auftr\u00e4ge f\u00fcr Rheinmetall \u00fcbernehmen k\u00f6nnten. \u201eWir sind immer offen f\u00fcr Kooperationen. Wir wachsen ja sehr stark, und wenn man w\u00e4chst, dann braucht man einen Kooperationspartner. Denn alleine kann man das nicht schaffen\u201c, so Papperger.Konkret zum Standort Osnabr\u00fcck erkl\u00e4rte der Konzernchef: \u201eWir haben einen Plan entwickelt, aber das h\u00e4ngt jetzt sehr stark davon ab, wie viele Auftr\u00e4ge an Fahrzeugen jetzt kommen.\u201c Rheinmetall habe die eigenen Kapazit\u00e4ten im In- und Ausland bereits stark erweitert. Sollte zus\u00e4tzlicher Bedarf entstehen, sei Osnabr\u00fcck \u201enat\u00fcrlich auch im Spiel\u201c.Werk zwischen Auto und Armee?Bereits im M\u00e4rz hatte eine Rheinmetall-Delegation das VW-Werk in Osnabr\u00fcck besucht. VW sprach damals von einer \u201eergebnisoffenen Diskussion\u201c ohne konkrete Ableitungen f\u00fcr den Standort. Medien hatten \u00fcber \u00dcberlegungen berichtet, dort Fahrerkabinen f\u00fcr Milit\u00e4rfahrzeuge zu fertigen.Das Werk in Osnabr\u00fcck besch\u00e4ftigt rund 2300 Menschen. Die Produktion der dort gebauten Porsche-Modelle soll 2026 auslaufen, Mitte 2027 dann auch die Fertigung des VW T-Roc Cabrios. Einen Folgeauftrag gibt es bislang nicht.","og_url":"https:\/\/vof-news.eu\/de\/volkswagen-in-osnabruck-vor-dem-aus-jetzt-schielt-rheinmetall-auf-das-vw-werk\/","og_site_name":"vof-news.eu","article_published_time":"2025-07-24T16:26:07+00:00","article_modified_time":"2025-07-24T16:26:26+00:00","og_image":[{"width":1200,"height":574,"url":"https:\/\/vof-news.eu\/wp-content\/uploads\/2025\/07\/000-34j94my.webp","type":"image\/webp"}],"author":"Author","twitter_card":"summary_large_image","twitter_misc":{"Verfasst von":"Author","Gesch\u00e4tzte Lesezeit":"1\u00a0Minute"},"schema":{"@context":"https:\/\/schema.org","@graph":[{"@type":"WebPage","@id":"https:\/\/vof-news.eu\/de\/volkswagen-in-osnabruck-vor-dem-aus-jetzt-schielt-rheinmetall-auf-das-vw-werk\/","url":"https:\/\/vof-news.eu\/de\/volkswagen-in-osnabruck-vor-dem-aus-jetzt-schielt-rheinmetall-auf-das-vw-werk\/","name":"Volkswagen in Osnabr\u00fcck vor dem Aus? Jetzt schielt Rheinmetall auf das VW-Werk - vof-news.eu","isPartOf":{"@id":"https:\/\/vof-news.eu\/de\/#website"},"primaryImageOfPage":{"@id":"https:\/\/vof-news.eu\/de\/volkswagen-in-osnabruck-vor-dem-aus-jetzt-schielt-rheinmetall-auf-das-vw-werk\/#primaryimage"},"image":{"@id":"https:\/\/vof-news.eu\/de\/volkswagen-in-osnabruck-vor-dem-aus-jetzt-schielt-rheinmetall-auf-das-vw-werk\/#primaryimage"},"thumbnailUrl":"https:\/\/vof-news.eu\/wp-content\/uploads\/2025\/07\/000-34j94my.webp","datePublished":"2025-07-24T16:26:07+00:00","dateModified":"2025-07-24T16:26:26+00:00","author":{"@id":"https:\/\/vof-news.eu\/de\/#\/schema\/person\/f6a2a4309f0561835797fd8c19b333ed"},"description":"Rheinmetall-Chef Armin Papperger hat sich offen f\u00fcr eine Ausweitung der Zusammenarbeit mit Volkswagen gezeigt \u2013 auch mit Blick auf das Werk in Osnabr\u00fcck. \u201eWir haben Kooperationen mit Volkswagen. Wir haben sogar ein Joint Venture mit Volkswagen, also mit der MAN, mit der Traton\u201c, sagte Papperger. Traton ist die Nutzfahrzeugholding des VW-Konzerns, zu der auch MAN geh\u00f6rt.Man sei fortlaufend im Gespr\u00e4ch, ob auch Volkswagen-Werke Auftr\u00e4ge f\u00fcr Rheinmetall \u00fcbernehmen k\u00f6nnten. \u201eWir sind immer offen f\u00fcr Kooperationen. Wir wachsen ja sehr stark, und wenn man w\u00e4chst, dann braucht man einen Kooperationspartner. Denn alleine kann man das nicht schaffen\u201c, so Papperger.Konkret zum Standort Osnabr\u00fcck erkl\u00e4rte der Konzernchef: \u201eWir haben einen Plan entwickelt, aber das h\u00e4ngt jetzt sehr stark davon ab, wie viele Auftr\u00e4ge an Fahrzeugen jetzt kommen.\u201c Rheinmetall habe die eigenen Kapazit\u00e4ten im In- und Ausland bereits stark erweitert. Sollte zus\u00e4tzlicher Bedarf entstehen, sei Osnabr\u00fcck \u201enat\u00fcrlich auch im Spiel\u201c.Werk zwischen Auto und Armee?Bereits im M\u00e4rz hatte eine Rheinmetall-Delegation das VW-Werk in Osnabr\u00fcck besucht. VW sprach damals von einer \u201eergebnisoffenen Diskussion\u201c ohne konkrete Ableitungen f\u00fcr den Standort. Medien hatten \u00fcber \u00dcberlegungen berichtet, dort Fahrerkabinen f\u00fcr Milit\u00e4rfahrzeuge zu fertigen.Das Werk in Osnabr\u00fcck besch\u00e4ftigt rund 2300 Menschen. Die Produktion der dort gebauten Porsche-Modelle soll 2026 auslaufen, Mitte 2027 dann auch die Fertigung des VW T-Roc Cabrios. Einen Folgeauftrag gibt es bislang nicht.","breadcrumb":{"@id":"https:\/\/vof-news.eu\/de\/volkswagen-in-osnabruck-vor-dem-aus-jetzt-schielt-rheinmetall-auf-das-vw-werk\/#breadcrumb"},"inLanguage":"de","potentialAction":[{"@type":"ReadAction","target":["https:\/\/vof-news.eu\/de\/volkswagen-in-osnabruck-vor-dem-aus-jetzt-schielt-rheinmetall-auf-das-vw-werk\/"]}]},{"@type":"ImageObject","inLanguage":"de","@id":"https:\/\/vof-news.eu\/de\/volkswagen-in-osnabruck-vor-dem-aus-jetzt-schielt-rheinmetall-auf-das-vw-werk\/#primaryimage","url":"https:\/\/vof-news.eu\/wp-content\/uploads\/2025\/07\/000-34j94my.webp","contentUrl":"https:\/\/vof-news.eu\/wp-content\/uploads\/2025\/07\/000-34j94my.webp","width":1200,"height":574},{"@type":"BreadcrumbList","@id":"https:\/\/vof-news.eu\/de\/volkswagen-in-osnabruck-vor-dem-aus-jetzt-schielt-rheinmetall-auf-das-vw-werk\/#breadcrumb","itemListElement":[{"@type":"ListItem","position":1,"name":"Home","item":"https:\/\/vof-news.eu\/de\/"},{"@type":"ListItem","position":2,"name":"Volkswagen in Osnabr\u00fcck vor dem Aus? Jetzt schielt Rheinmetall auf das VW-Werk"}]},{"@type":"WebSite","@id":"https:\/\/vof-news.eu\/de\/#website","url":"https:\/\/vof-news.eu\/de\/","name":"vof-news.eu","description":"","potentialAction":[{"@type":"SearchAction","target":{"@type":"EntryPoint","urlTemplate":"https:\/\/vof-news.eu\/de\/?s={search_term_string}"},"query-input":"required name=search_term_string"}],"inLanguage":"de"},{"@type":"Person","@id":"https:\/\/vof-news.eu\/de\/#\/schema\/person\/f6a2a4309f0561835797fd8c19b333ed","name":"Author","image":{"@type":"ImageObject","inLanguage":"de","@id":"https:\/\/vof-news.eu\/de\/#\/schema\/person\/image\/","url":"https:\/\/secure.gravatar.com\/avatar\/b67e614b1b25b3e9c0c239efdd2fde5ab015b5affd6f1c3c85911ca4b384e790?s=96&d=mm&r=g","contentUrl":"https:\/\/secure.gravatar.com\/avatar\/b67e614b1b25b3e9c0c239efdd2fde5ab015b5affd6f1c3c85911ca4b384e790?s=96&d=mm&r=g","caption":"Author"},"sameAs":["http:\/\/vof-news.eu"],"url":"https:\/\/vof-news.eu\/de\/author\/zwt6qxnjulxbnyg\/"}]}},"yoast_meta":{"yoast_wpseo_title":"","yoast_wpseo_metadesc":"","yoast_wpseo_canonical":""},"_links":{"self":[{"href":"https:\/\/vof-news.eu\/de\/wp-json\/wp\/v2\/posts\/258309","targetHints":{"allow":["GET"]}}],"collection":[{"href":"https:\/\/vof-news.eu\/de\/wp-json\/wp\/v2\/posts"}],"about":[{"href":"https:\/\/vof-news.eu\/de\/wp-json\/wp\/v2\/types\/post"}],"author":[{"embeddable":true,"href":"https:\/\/vof-news.eu\/de\/wp-json\/wp\/v2\/users\/1"}],"replies":[{"embeddable":true,"href":"https:\/\/vof-news.eu\/de\/wp-json\/wp\/v2\/comments?post=258309"}],"version-history":[{"count":1,"href":"https:\/\/vof-news.eu\/de\/wp-json\/wp\/v2\/posts\/258309\/revisions"}],"predecessor-version":[{"id":258316,"href":"https:\/\/vof-news.eu\/de\/wp-json\/wp\/v2\/posts\/258309\/revisions\/258316"}],"wp:featuredmedia":[{"embeddable":true,"href":"https:\/\/vof-news.eu\/de\/wp-json\/wp\/v2\/media\/258310"}],"wp:attachment":[{"href":"https:\/\/vof-news.eu\/de\/wp-json\/wp\/v2\/media?parent=258309"}],"wp:term":[{"taxonomy":"category","embeddable":true,"href":"https:\/\/vof-news.eu\/de\/wp-json\/wp\/v2\/categories?post=258309"},{"taxonomy":"post_tag","embeddable":true,"href":"https:\/\/vof-news.eu\/de\/wp-json\/wp\/v2\/tags?post=258309"}],"curies":[{"name":"wp","href":"https:\/\/api.w.org\/{rel}","templated":true}]}}