{"id":258037,"date":"2025-07-24T01:28:12","date_gmt":"2025-07-23T22:28:12","guid":{"rendered":"https:\/\/vof-news.eu\/selenskyj-will-gesetz-zu-antikorruptionsbehorden-erneut-andern\/"},"modified":"2025-07-24T01:29:16","modified_gmt":"2025-07-23T22:29:16","slug":"selenskyj-will-gesetz-zu-antikorruptionsbehorden-erneut-andern","status":"publish","type":"post","link":"https:\/\/vof-news.eu\/de\/selenskyj-will-gesetz-zu-antikorruptionsbehorden-erneut-andern\/","title":{"rendered":"Selenskyj will Gesetz zu Antikorruptionsbeh\u00f6rden erneut \u00e4ndern"},"content":{"rendered":"<div>\n<p>Nach Kritik im In- und Ausland hat der ukrainische Pr\u00e4sident <span><a href=\"https:\/\/www.zeit.de\/thema\/wolodymyr-selenskyj\" rel=\"nofollow\">Wolodymyr Selenskyj<\/a><\/span> abermals eine Gesetzes\u00e4nderung f\u00fcr die Antikorruptionsbeh\u00f6rden angek\u00fcndigt. Er werde dem Parlament einen neuen Gesetzesentwurf vorlegen, sagte Selenskyj in seiner abendlichen Videoansprache.\u00a0Es werde die Antwort auf &#8222;alle Sorgen der Demonstranten&#8220; sein und die<br \/>\nUnabh\u00e4ngigkeit der Beh\u00f6rden zur Korruptionsbek\u00e4mpfung gew\u00e4hrleisten.\u00a0Details nannte Selenskyj allerdings nicht.\n<\/p>\n<p>Der Staatschef warf den Beh\u00f6rden erneut vor, unter &#8222;russischem Einfluss&#8220; zu stehen. Das neue Gesetz werde das verhindern. Die urspr\u00fcngliche Gesetzes\u00e4nderung hatte Selenskyj zun\u00e4chst\u00a0<a href=\"https:\/\/www.zeit.de\/politik\/ausland\/2025-07\/ukraine-wolodymyr-selenskyj-korruption-behoerden-proteste\" rel=\"nofollow\">gegen Kritik verteidigt<\/a>.\n<\/p>\n<p>Am Dienstag war das eilig ins Parlament eingebrachte Gesetz mit gro\u00dfer<br \/>\nMehrheit gebilligt und anschlie\u00dfend von Selenskyj unterzeichnet worden.<br \/>\nEs sieht vor, die bislang unabh\u00e4ngigen Antikorruptionsbeh\u00f6rden \u2013 das\u00a0Nationale Antikorruptionsb\u00fcro (NABU) sowie die Spezialisierte Antikorruptionsstaatsanwaltschaft (<span><a href=\"https:\/\/www.zeit.de\/thema\/sap\" rel=\"nofollow\">SAP<\/a><\/span>) \u2013\u00a0der<br \/>\nGeneralstaatsanwaltschaft zu unterstellen. Der Generalstaatsanwalt wird<br \/>\nin der <a href=\"https:\/\/www.zeit.de\/politik\/ausland\/ukraine-krieg-russland-newsblog-live\" rel=\"nofollow\">Ukraine<\/a><br \/>\n wiederum direkt vom Pr\u00e4sidenten ernannt. Kritiker bef\u00fcrchten deshalb Einflussnahme.\n<\/p>\n<p>Anfang der Woche hatte es zudem <a href=\"https:\/\/www.zeit.de\/politik\/ausland\/2025-07\/sbu-ukrainischer-geheimdienst-razzien-gegen-antikorruptionsbuero\" rel=\"nofollow\">umstrittene Razzien bei Mitarbeitern<\/a>\u00a0von NABU und SAP gegeben. Auch sie waren mit mutma\u00dflicher Kollaboration mit Russland begr\u00fcndet worden.\n<\/p>\n<h2>Erneut demonstrieren Tausende<\/h2>\n<p>Trotz der Ank\u00fcndigung Selenskyjs gingen in Kyjiw am Mittwochabend den zweiten Tag infolge Tausende auf die Stra\u00dfe. Die Teilnehmerinnen und Teilnehmer fordern ein Veto gegen das Gesetz. Auch in weiteren Gro\u00dfst\u00e4dten war zu Protesten aufgerufen worden. Es sind die gr\u00f6\u00dften Demonstrationen seit dem Beginn des russischen Angriffskriegs gegen die <span><a href=\"https:\/\/www.zeit.de\/politik\/ausland\/ukraine-krieg-russland-newsblog-live\" rel=\"nofollow\">Ukraine<\/a><\/span> im Februar 2022.\n<\/p>\n<p>Auch international stie\u00df Selenskyj mit der Gesetzes\u00e4nderung auf Unmut. Die EU kritisierte, dass das Gesetz den Kampf gegen die Korruption in der Ukraine schw\u00e4che. Deutschlands Au\u00dfenminister Johann Wadephul (CDU) warnte: Die Einschr\u00e4nkung der Unabh\u00e4ngigkeit der ukrainischen Antikorruptionsbeh\u00f6rde w\u00fcrde den <a href=\"https:\/\/www.zeit.de\/politik\/ausland\/2025-07\/korruption-ukraine-wolodymyr-selenskyj-bekaempfung-proteste\" rel=\"nofollow\">Weg der Ukraine in die EU belasten<\/a>.\n<\/p>\n<\/p>\n<\/div>\n","protected":false},"excerpt":{"rendered":"<p>Nach Kritik im In- und Ausland hat der ukrainische Pr\u00e4sident Wolodymyr Selenskyj abermals eine Gesetzes\u00e4nderung f\u00fcr die Antikorruptionsbeh\u00f6rden angek\u00fcndigt. Er werde dem Parlament einen neuen Gesetzesentwurf vorlegen, sagte Selenskyj in seiner abendlichen Videoansprache.\u00a0Es werde die Antwort auf &#8222;alle Sorgen der Demonstranten&#8220; sein und die Unabh\u00e4ngigkeit der Beh\u00f6rden zur Korruptionsbek\u00e4mpfung gew\u00e4hrleisten.\u00a0Details nannte Selenskyj allerdings nicht. Der<\/p>\n","protected":false},"author":1,"featured_media":258038,"comment_status":"open","ping_status":"open","sticky":false,"template":"","format":"standard","meta":{"footnotes":""},"categories":[116],"tags":[],"class_list":["post-258037","post","type-post","status-publish","format-standard","has-post-thumbnail","hentry","category-war-chronicles-de"],"acf":[],"yoast_head":"<!-- This site is optimized with the Yoast SEO plugin v22.9 - https:\/\/yoast.com\/wordpress\/plugins\/seo\/ -->\n<title>Selenskyj will Gesetz zu Antikorruptionsbeh\u00f6rden erneut \u00e4ndern - vof-news.eu<\/title>\n<meta name=\"description\" content=\"Nach Kritik im In- und Ausland hat der ukrainische Pr\u00e4sident Wolodymyr Selenskyj abermals eine Gesetzes\u00e4nderung f\u00fcr die Antikorruptionsbeh\u00f6rden angek\u00fcndigt. Er werde dem Parlament einen neuen Gesetzesentwurf vorlegen, sagte Selenskyj in seiner abendlichen Videoansprache.\u00a0Es werde die Antwort auf &quot;alle Sorgen der Demonstranten&quot; sein und die\" \/>\n<meta name=\"robots\" content=\"noindex, follow, max-snippet:-1, max-image-preview:large, max-video-preview:-1\" \/>\n<meta property=\"og:locale\" content=\"de_DE\" \/>\n<meta property=\"og:type\" content=\"article\" \/>\n<meta property=\"og:title\" content=\"Selenskyj will Gesetz zu Antikorruptionsbeh\u00f6rden erneut \u00e4ndern - vof-news.eu\" \/>\n<meta property=\"og:description\" content=\"Nach Kritik im In- und Ausland hat der ukrainische Pr\u00e4sident Wolodymyr Selenskyj abermals eine Gesetzes\u00e4nderung f\u00fcr die Antikorruptionsbeh\u00f6rden angek\u00fcndigt. Er werde dem Parlament einen neuen Gesetzesentwurf vorlegen, sagte Selenskyj in seiner abendlichen Videoansprache.\u00a0Es werde die Antwort auf &quot;alle Sorgen der Demonstranten&quot; sein und die\" \/>\n<meta property=\"og:url\" content=\"https:\/\/vof-news.eu\/de\/selenskyj-will-gesetz-zu-antikorruptionsbehorden-erneut-andern\/\" \/>\n<meta property=\"og:site_name\" content=\"vof-news.eu\" \/>\n<meta property=\"article:published_time\" content=\"2025-07-23T22:28:12+00:00\" \/>\n<meta property=\"article:modified_time\" content=\"2025-07-23T22:29:16+00:00\" \/>\n<meta property=\"og:image\" content=\"https:\/\/vof-news.eu\/wp-content\/uploads\/2025\/07\/wide__1000x562-83.jpg\" \/>\n\t<meta property=\"og:image:width\" content=\"1000\" \/>\n\t<meta property=\"og:image:height\" content=\"562\" \/>\n\t<meta property=\"og:image:type\" content=\"image\/jpeg\" \/>\n<meta name=\"author\" content=\"Author\" \/>\n<meta name=\"twitter:card\" content=\"summary_large_image\" \/>\n<meta name=\"twitter:label1\" content=\"Verfasst von\" \/>\n\t<meta name=\"twitter:data1\" content=\"Author\" \/>\n\t<meta name=\"twitter:label2\" content=\"Gesch\u00e4tzte Lesezeit\" \/>\n\t<meta name=\"twitter:data2\" content=\"1\u00a0Minute\" \/>\n<script type=\"application\/ld+json\" class=\"yoast-schema-graph\">{\"@context\":\"https:\/\/schema.org\",\"@graph\":[{\"@type\":\"WebPage\",\"@id\":\"https:\/\/vof-news.eu\/de\/selenskyj-will-gesetz-zu-antikorruptionsbehorden-erneut-andern\/\",\"url\":\"https:\/\/vof-news.eu\/de\/selenskyj-will-gesetz-zu-antikorruptionsbehorden-erneut-andern\/\",\"name\":\"Selenskyj will Gesetz zu Antikorruptionsbeh\u00f6rden erneut \u00e4ndern - vof-news.eu\",\"isPartOf\":{\"@id\":\"https:\/\/vof-news.eu\/de\/#website\"},\"primaryImageOfPage\":{\"@id\":\"https:\/\/vof-news.eu\/de\/selenskyj-will-gesetz-zu-antikorruptionsbehorden-erneut-andern\/#primaryimage\"},\"image\":{\"@id\":\"https:\/\/vof-news.eu\/de\/selenskyj-will-gesetz-zu-antikorruptionsbehorden-erneut-andern\/#primaryimage\"},\"thumbnailUrl\":\"https:\/\/vof-news.eu\/wp-content\/uploads\/2025\/07\/wide__1000x562-83.jpg\",\"datePublished\":\"2025-07-23T22:28:12+00:00\",\"dateModified\":\"2025-07-23T22:29:16+00:00\",\"author\":{\"@id\":\"https:\/\/vof-news.eu\/de\/#\/schema\/person\/f6a2a4309f0561835797fd8c19b333ed\"},\"description\":\"Nach Kritik im In- und Ausland hat der ukrainische Pr\u00e4sident Wolodymyr Selenskyj abermals eine Gesetzes\u00e4nderung f\u00fcr die Antikorruptionsbeh\u00f6rden angek\u00fcndigt. Er werde dem Parlament einen neuen Gesetzesentwurf vorlegen, sagte Selenskyj in seiner abendlichen Videoansprache.\u00a0Es werde die Antwort auf \\\"alle Sorgen der Demonstranten\\\" sein und die\",\"breadcrumb\":{\"@id\":\"https:\/\/vof-news.eu\/de\/selenskyj-will-gesetz-zu-antikorruptionsbehorden-erneut-andern\/#breadcrumb\"},\"inLanguage\":\"de\",\"potentialAction\":[{\"@type\":\"ReadAction\",\"target\":[\"https:\/\/vof-news.eu\/de\/selenskyj-will-gesetz-zu-antikorruptionsbehorden-erneut-andern\/\"]}]},{\"@type\":\"ImageObject\",\"inLanguage\":\"de\",\"@id\":\"https:\/\/vof-news.eu\/de\/selenskyj-will-gesetz-zu-antikorruptionsbehorden-erneut-andern\/#primaryimage\",\"url\":\"https:\/\/vof-news.eu\/wp-content\/uploads\/2025\/07\/wide__1000x562-83.jpg\",\"contentUrl\":\"https:\/\/vof-news.eu\/wp-content\/uploads\/2025\/07\/wide__1000x562-83.jpg\",\"width\":1000,\"height\":562},{\"@type\":\"BreadcrumbList\",\"@id\":\"https:\/\/vof-news.eu\/de\/selenskyj-will-gesetz-zu-antikorruptionsbehorden-erneut-andern\/#breadcrumb\",\"itemListElement\":[{\"@type\":\"ListItem\",\"position\":1,\"name\":\"Home\",\"item\":\"https:\/\/vof-news.eu\/de\/\"},{\"@type\":\"ListItem\",\"position\":2,\"name\":\"Selenskyj will Gesetz zu Antikorruptionsbeh\u00f6rden erneut \u00e4ndern\"}]},{\"@type\":\"WebSite\",\"@id\":\"https:\/\/vof-news.eu\/de\/#website\",\"url\":\"https:\/\/vof-news.eu\/de\/\",\"name\":\"vof-news.eu\",\"description\":\"\",\"potentialAction\":[{\"@type\":\"SearchAction\",\"target\":{\"@type\":\"EntryPoint\",\"urlTemplate\":\"https:\/\/vof-news.eu\/de\/?s={search_term_string}\"},\"query-input\":\"required name=search_term_string\"}],\"inLanguage\":\"de\"},{\"@type\":\"Person\",\"@id\":\"https:\/\/vof-news.eu\/de\/#\/schema\/person\/f6a2a4309f0561835797fd8c19b333ed\",\"name\":\"Author\",\"image\":{\"@type\":\"ImageObject\",\"inLanguage\":\"de\",\"@id\":\"https:\/\/vof-news.eu\/de\/#\/schema\/person\/image\/\",\"url\":\"https:\/\/secure.gravatar.com\/avatar\/b67e614b1b25b3e9c0c239efdd2fde5ab015b5affd6f1c3c85911ca4b384e790?s=96&d=mm&r=g\",\"contentUrl\":\"https:\/\/secure.gravatar.com\/avatar\/b67e614b1b25b3e9c0c239efdd2fde5ab015b5affd6f1c3c85911ca4b384e790?s=96&d=mm&r=g\",\"caption\":\"Author\"},\"sameAs\":[\"http:\/\/vof-news.eu\"],\"url\":\"https:\/\/vof-news.eu\/de\/author\/zwt6qxnjulxbnyg\/\"}]}<\/script>\n<!-- \/ Yoast SEO plugin. -->","yoast_head_json":{"title":"Selenskyj will Gesetz zu Antikorruptionsbeh\u00f6rden erneut \u00e4ndern - vof-news.eu","description":"Nach Kritik im In- und Ausland hat der ukrainische Pr\u00e4sident Wolodymyr Selenskyj abermals eine Gesetzes\u00e4nderung f\u00fcr die Antikorruptionsbeh\u00f6rden angek\u00fcndigt. Er werde dem Parlament einen neuen Gesetzesentwurf vorlegen, sagte Selenskyj in seiner abendlichen Videoansprache.\u00a0Es werde die Antwort auf \"alle Sorgen der Demonstranten\" sein und die","robots":{"index":"noindex","follow":"follow","max-snippet":"max-snippet:-1","max-image-preview":"max-image-preview:large","max-video-preview":"max-video-preview:-1"},"og_locale":"de_DE","og_type":"article","og_title":"Selenskyj will Gesetz zu Antikorruptionsbeh\u00f6rden erneut \u00e4ndern - vof-news.eu","og_description":"Nach Kritik im In- und Ausland hat der ukrainische Pr\u00e4sident Wolodymyr Selenskyj abermals eine Gesetzes\u00e4nderung f\u00fcr die Antikorruptionsbeh\u00f6rden angek\u00fcndigt. Er werde dem Parlament einen neuen Gesetzesentwurf vorlegen, sagte Selenskyj in seiner abendlichen Videoansprache.\u00a0Es werde die Antwort auf \"alle Sorgen der Demonstranten\" sein und die","og_url":"https:\/\/vof-news.eu\/de\/selenskyj-will-gesetz-zu-antikorruptionsbehorden-erneut-andern\/","og_site_name":"vof-news.eu","article_published_time":"2025-07-23T22:28:12+00:00","article_modified_time":"2025-07-23T22:29:16+00:00","og_image":[{"width":1000,"height":562,"url":"https:\/\/vof-news.eu\/wp-content\/uploads\/2025\/07\/wide__1000x562-83.jpg","type":"image\/jpeg"}],"author":"Author","twitter_card":"summary_large_image","twitter_misc":{"Verfasst von":"Author","Gesch\u00e4tzte Lesezeit":"1\u00a0Minute"},"schema":{"@context":"https:\/\/schema.org","@graph":[{"@type":"WebPage","@id":"https:\/\/vof-news.eu\/de\/selenskyj-will-gesetz-zu-antikorruptionsbehorden-erneut-andern\/","url":"https:\/\/vof-news.eu\/de\/selenskyj-will-gesetz-zu-antikorruptionsbehorden-erneut-andern\/","name":"Selenskyj will Gesetz zu Antikorruptionsbeh\u00f6rden erneut \u00e4ndern - vof-news.eu","isPartOf":{"@id":"https:\/\/vof-news.eu\/de\/#website"},"primaryImageOfPage":{"@id":"https:\/\/vof-news.eu\/de\/selenskyj-will-gesetz-zu-antikorruptionsbehorden-erneut-andern\/#primaryimage"},"image":{"@id":"https:\/\/vof-news.eu\/de\/selenskyj-will-gesetz-zu-antikorruptionsbehorden-erneut-andern\/#primaryimage"},"thumbnailUrl":"https:\/\/vof-news.eu\/wp-content\/uploads\/2025\/07\/wide__1000x562-83.jpg","datePublished":"2025-07-23T22:28:12+00:00","dateModified":"2025-07-23T22:29:16+00:00","author":{"@id":"https:\/\/vof-news.eu\/de\/#\/schema\/person\/f6a2a4309f0561835797fd8c19b333ed"},"description":"Nach Kritik im In- und Ausland hat der ukrainische Pr\u00e4sident Wolodymyr Selenskyj abermals eine Gesetzes\u00e4nderung f\u00fcr die Antikorruptionsbeh\u00f6rden angek\u00fcndigt. Er werde dem Parlament einen neuen Gesetzesentwurf vorlegen, sagte Selenskyj in seiner abendlichen Videoansprache.\u00a0Es werde die Antwort auf \"alle Sorgen der Demonstranten\" sein und die","breadcrumb":{"@id":"https:\/\/vof-news.eu\/de\/selenskyj-will-gesetz-zu-antikorruptionsbehorden-erneut-andern\/#breadcrumb"},"inLanguage":"de","potentialAction":[{"@type":"ReadAction","target":["https:\/\/vof-news.eu\/de\/selenskyj-will-gesetz-zu-antikorruptionsbehorden-erneut-andern\/"]}]},{"@type":"ImageObject","inLanguage":"de","@id":"https:\/\/vof-news.eu\/de\/selenskyj-will-gesetz-zu-antikorruptionsbehorden-erneut-andern\/#primaryimage","url":"https:\/\/vof-news.eu\/wp-content\/uploads\/2025\/07\/wide__1000x562-83.jpg","contentUrl":"https:\/\/vof-news.eu\/wp-content\/uploads\/2025\/07\/wide__1000x562-83.jpg","width":1000,"height":562},{"@type":"BreadcrumbList","@id":"https:\/\/vof-news.eu\/de\/selenskyj-will-gesetz-zu-antikorruptionsbehorden-erneut-andern\/#breadcrumb","itemListElement":[{"@type":"ListItem","position":1,"name":"Home","item":"https:\/\/vof-news.eu\/de\/"},{"@type":"ListItem","position":2,"name":"Selenskyj will Gesetz zu Antikorruptionsbeh\u00f6rden erneut \u00e4ndern"}]},{"@type":"WebSite","@id":"https:\/\/vof-news.eu\/de\/#website","url":"https:\/\/vof-news.eu\/de\/","name":"vof-news.eu","description":"","potentialAction":[{"@type":"SearchAction","target":{"@type":"EntryPoint","urlTemplate":"https:\/\/vof-news.eu\/de\/?s={search_term_string}"},"query-input":"required name=search_term_string"}],"inLanguage":"de"},{"@type":"Person","@id":"https:\/\/vof-news.eu\/de\/#\/schema\/person\/f6a2a4309f0561835797fd8c19b333ed","name":"Author","image":{"@type":"ImageObject","inLanguage":"de","@id":"https:\/\/vof-news.eu\/de\/#\/schema\/person\/image\/","url":"https:\/\/secure.gravatar.com\/avatar\/b67e614b1b25b3e9c0c239efdd2fde5ab015b5affd6f1c3c85911ca4b384e790?s=96&d=mm&r=g","contentUrl":"https:\/\/secure.gravatar.com\/avatar\/b67e614b1b25b3e9c0c239efdd2fde5ab015b5affd6f1c3c85911ca4b384e790?s=96&d=mm&r=g","caption":"Author"},"sameAs":["http:\/\/vof-news.eu"],"url":"https:\/\/vof-news.eu\/de\/author\/zwt6qxnjulxbnyg\/"}]}},"yoast_meta":{"yoast_wpseo_title":"","yoast_wpseo_metadesc":"","yoast_wpseo_canonical":""},"_links":{"self":[{"href":"https:\/\/vof-news.eu\/de\/wp-json\/wp\/v2\/posts\/258037","targetHints":{"allow":["GET"]}}],"collection":[{"href":"https:\/\/vof-news.eu\/de\/wp-json\/wp\/v2\/posts"}],"about":[{"href":"https:\/\/vof-news.eu\/de\/wp-json\/wp\/v2\/types\/post"}],"author":[{"embeddable":true,"href":"https:\/\/vof-news.eu\/de\/wp-json\/wp\/v2\/users\/1"}],"replies":[{"embeddable":true,"href":"https:\/\/vof-news.eu\/de\/wp-json\/wp\/v2\/comments?post=258037"}],"version-history":[{"count":1,"href":"https:\/\/vof-news.eu\/de\/wp-json\/wp\/v2\/posts\/258037\/revisions"}],"predecessor-version":[{"id":258044,"href":"https:\/\/vof-news.eu\/de\/wp-json\/wp\/v2\/posts\/258037\/revisions\/258044"}],"wp:featuredmedia":[{"embeddable":true,"href":"https:\/\/vof-news.eu\/de\/wp-json\/wp\/v2\/media\/258038"}],"wp:attachment":[{"href":"https:\/\/vof-news.eu\/de\/wp-json\/wp\/v2\/media?parent=258037"}],"wp:term":[{"taxonomy":"category","embeddable":true,"href":"https:\/\/vof-news.eu\/de\/wp-json\/wp\/v2\/categories?post=258037"},{"taxonomy":"post_tag","embeddable":true,"href":"https:\/\/vof-news.eu\/de\/wp-json\/wp\/v2\/tags?post=258037"}],"curies":[{"name":"wp","href":"https:\/\/api.w.org\/{rel}","templated":true}]}}