{"id":257877,"date":"2025-07-23T17:28:15","date_gmt":"2025-07-23T14:28:15","guid":{"rendered":"https:\/\/vof-news.eu\/kulturburger-drinnen-buhrufer-drausen\/"},"modified":"2025-07-23T17:28:41","modified_gmt":"2025-07-23T14:28:41","slug":"kulturburger-drinnen-buhrufer-drausen","status":"publish","type":"post","link":"https:\/\/vof-news.eu\/de\/kulturburger-drinnen-buhrufer-drausen\/","title":{"rendered":"Kulturb\u00fcrger drinnen, Buhrufer drau\u00dfen"},"content":{"rendered":"<div>\n<p>Um kurz nach halb sieben abends liegt eine meteorologische<br \/>\nUnsicherheit \u00fcber der Stadt Berlin. Gerade ist, wie schon mehrmals an dem Tag,<br \/>\nein Regen niedergegangen, als gelte es, alle S\u00fcnden der Welt wegzuwaschen. Nun<br \/>\nstehen am Gendarmenmarkt vor einem der drei Eing\u00e4nge zum Open-Air-Konzert von<br \/>\n<span><a href=\"https:\/\/www.zeit.de\/thema\/anna-netrebko\" rel=\"nofollow\">Anna Netrebko<\/a><\/span>, das am Abend zuvor wegen s\u00fcndenwegwaschenden Regens verschoben<br \/>\nwerden musste, vielleicht 50 Protestierende und rufen: &#8222;Keine B\u00fchne f\u00fcr<br \/>\nPutins Unterst\u00fctzerin.&#8220;\u00a0\n<\/p>\n<p>Der Ukraine-Solidarit\u00e4tsverein Vitsche hat zu dem Protest<br \/>\naufgerufen, an allen drei Zug\u00e4ngen zu dem Konzert sollen sich Demonstrierende<br \/>\nvor den Absperrungen versammeln. Die russisch-\u00f6sterreichische Sopranistin<br \/>\nNetrebko tritt an diesem Abend gemeinsam mit dem aserbaidschanischen Tenor<br \/>\nYusif Eyvazov auf, die beiden waren privat mal ein Paar und sind es nicht mehr,<br \/>\nnur noch k\u00fcnstlerisch Partner. Gegen Eyvazov gibt es keine Sprechch\u00f6re.\n<\/p>\n<p>Es geht gegen Anna Netrebko, es geht gegen die Veranstalter<br \/>\nund letztlich auch und vor allem gegen die Besucher des Abschlusskonzerts der<br \/>\nReihe &#8222;Classic Open Air&#8220; auf dem Gendarmenmarkt. Was soll Kunst in diesen<br \/>\nZeiten, da Krieg herrscht anderswo, das ist ja eine Frage, die immer wieder<br \/>\ndiskutiert wird. Soll man, kann man als Kulturmensch die Widerspr\u00fcche<br \/>\nwegl\u00e4cheln und reine Musik konsumieren?\n<\/p>\n<p>&#8222;&#8220;rufen die Leute vorm Konzerteingang nun,<br \/>\nw\u00e4hrend ein Kind mit blauen Gummistiefeln in den Pf\u00fctzen planscht. Anna<br \/>\nNetrebko, ruft eine Frau sehr heiser in ein Mikrofon, habe sich nie gegen den<br \/>\nKrieg Russlands gegen die <span><a href=\"https:\/\/www.zeit.de\/thema\/krieg-in-ukraine\" rel=\"nofollow\">Ukraine<\/a><\/span> ausgesprochen, sie habe sogar einmal ihren<br \/>\nGeburtstag mit Putin gefeiert. Sie habe gezeigt, auf wessen Seite sie stehe.<br \/>\nEine Besucherin filmt das kurz mit dem Handy und geht dann zum Einlass, um ihre<br \/>\nTasche kontrollieren zu lassen.\n<\/p>\n<p>Es sind vor allem \u00e4ltere Leute, die sich auf den<br \/>\nGendarmenmarkt schieben. Sie sind halbwegs wetterfest angezogen, manche<br \/>\nversuchen noch, etwas Eleganz zu bewahren. Freiluftkonzerte werden im Zeitalter<br \/>\nder Klimakrise auch eine Art Outdoorsport mit Survivalcharakter, vielleicht<br \/>\nist dieses Risiko auch Teil des Kulturkitzels. Die Wolken t\u00fcrmen sich dunkel<br \/>\n\u00fcber dem hellen Steinbau des Konzerthauses auf. Wird das Wetter halten?\n<\/p>\n<p>Mehr als 1.200 Tage und N\u00e4chte sind vergangen, seit Russland<br \/>\ndie Ukraine im Jahr 2022 angegriffen hat, der eigentliche Krieg selbst dauert<br \/>\nseit 2014 und wurde hingenommen, von der damaligen Regierung Merkel wie von der<br \/>\nWelt. Die Regierung Scholz scholzte sich dann um einen klaren Kurs herum.<br \/>\nFriedrich Merz organisiert heute Waffen aus den USA und seine Rolle im<br \/>\ngeopolitischen Kartenhaus. Wem nutzt also dieser Protest vor einem<br \/>\nOpen-Air-Konzert?\n<\/p>\n<p>Ein Mann in einem schwarzen Allzweckanorak, er tr\u00e4gt drei<br \/>\nRosen in der Hand, stellt sich direkt vor die Protestierenden und sch\u00fcttelt den<br \/>\nKopf. Ein anderer Mann macht eine wegwerfende Geste, w\u00e4hrend die kleine Menge<br \/>\nruft: &#8222;Russland ist ein Terrorstaat.&#8220; Ein weiterer Mann, Typ gut gebr\u00e4unter<br \/>\nOberstudienrat in Rente, ruft etwas in die Richtung der blau-gelben Fahnen, das<br \/>\nschwer zu verstehen, aber sicher nicht nett ist. Welche gesellschaftlichen<br \/>\nFragen also werden hier verhandelt?\n<\/p>\n<p>Nat\u00fcrlich wird es auch und vielleicht vor allem unter<br \/>\nNetrebko-Fans Russlandfreunde und AfD-W\u00e4hler geben, statistisch m\u00fcsste es ja<br \/>\nmehr oder weniger jeder vierte sein, hier wohl eher mehr. Es hat also einen<br \/>\nSinn, wenn sich die Wut der Protestierenden, die sehr ordentlich Abstand<br \/>\nhalten, gegen diese Menschen richtet, die sich nicht sch\u00e4men, sondern im<br \/>\nGegenteil fundamental ungest\u00f6rt sein wollen, ganz sicher bei ihrem Musikgenuss,<br \/>\nwom\u00f6glich auch in ihrer Weltsicht.\n<\/p>\n<p>Im Wirtshaus an der Ecke, &#8222;Erdinger am Gendarmenmarkt&#8220; hei\u00dft<br \/>\nes, hat sich zum Beispiel eine Frau mit elegantem roten Hut und tiefer Br\u00e4une<br \/>\nplatziert und h\u00e4lt l\u00e4chelnd ein Schild in die H\u00f6he, auf dem steht: &#8222;Danke f\u00fcr<br \/>\nRusslands Kultur!&#8220; Sie ist mit ein paar Freundinnen da, alle fortgeschrittenes<br \/>\nAlter, eine hat eine Stofftasche dabei: &#8222;&#8220;.\n<\/p>\n<\/div>\n","protected":false},"excerpt":{"rendered":"<p>Um kurz nach halb sieben abends liegt eine meteorologische Unsicherheit \u00fcber der Stadt Berlin. Gerade ist, wie schon mehrmals an dem Tag, ein Regen niedergegangen, als gelte es, alle S\u00fcnden der Welt wegzuwaschen. Nun stehen am Gendarmenmarkt vor einem der drei Eing\u00e4nge zum Open-Air-Konzert von Anna Netrebko, das am Abend zuvor wegen s\u00fcndenwegwaschenden Regens verschoben<\/p>\n","protected":false},"author":1,"featured_media":0,"comment_status":"open","ping_status":"open","sticky":false,"template":"","format":"standard","meta":{"footnotes":""},"categories":[116],"tags":[],"class_list":["post-257877","post","type-post","status-publish","format-standard","hentry","category-war-chronicles-de"],"acf":[],"yoast_head":"<!-- This site is optimized with the Yoast SEO plugin v22.9 - https:\/\/yoast.com\/wordpress\/plugins\/seo\/ -->\n<title>Kulturb\u00fcrger drinnen, Buhrufer drau\u00dfen - vof-news.eu<\/title>\n<meta name=\"description\" content=\"Um kurz nach halb sieben abends liegt eine meteorologische\" \/>\n<meta name=\"robots\" content=\"noindex, follow, max-snippet:-1, max-image-preview:large, max-video-preview:-1\" \/>\n<meta property=\"og:locale\" content=\"de_DE\" \/>\n<meta property=\"og:type\" content=\"article\" \/>\n<meta property=\"og:title\" content=\"Kulturb\u00fcrger drinnen, Buhrufer drau\u00dfen - vof-news.eu\" \/>\n<meta property=\"og:description\" content=\"Um kurz nach halb sieben abends liegt eine meteorologische\" \/>\n<meta property=\"og:url\" content=\"https:\/\/vof-news.eu\/de\/kulturburger-drinnen-buhrufer-drausen\/\" \/>\n<meta property=\"og:site_name\" content=\"vof-news.eu\" \/>\n<meta property=\"article:published_time\" content=\"2025-07-23T14:28:15+00:00\" \/>\n<meta property=\"article:modified_time\" content=\"2025-07-23T14:28:41+00:00\" \/>\n<meta name=\"author\" content=\"Author\" \/>\n<meta name=\"twitter:card\" content=\"summary_large_image\" \/>\n<meta name=\"twitter:label1\" content=\"Verfasst von\" \/>\n\t<meta name=\"twitter:data1\" content=\"Author\" \/>\n\t<meta name=\"twitter:label2\" content=\"Gesch\u00e4tzte Lesezeit\" \/>\n\t<meta name=\"twitter:data2\" content=\"3\u00a0Minuten\" \/>\n<script type=\"application\/ld+json\" class=\"yoast-schema-graph\">{\"@context\":\"https:\/\/schema.org\",\"@graph\":[{\"@type\":\"WebPage\",\"@id\":\"https:\/\/vof-news.eu\/de\/kulturburger-drinnen-buhrufer-drausen\/\",\"url\":\"https:\/\/vof-news.eu\/de\/kulturburger-drinnen-buhrufer-drausen\/\",\"name\":\"Kulturb\u00fcrger drinnen, Buhrufer drau\u00dfen - vof-news.eu\",\"isPartOf\":{\"@id\":\"https:\/\/vof-news.eu\/de\/#website\"},\"datePublished\":\"2025-07-23T14:28:15+00:00\",\"dateModified\":\"2025-07-23T14:28:41+00:00\",\"author\":{\"@id\":\"https:\/\/vof-news.eu\/de\/#\/schema\/person\/f6a2a4309f0561835797fd8c19b333ed\"},\"description\":\"Um kurz nach halb sieben abends liegt eine meteorologische\",\"breadcrumb\":{\"@id\":\"https:\/\/vof-news.eu\/de\/kulturburger-drinnen-buhrufer-drausen\/#breadcrumb\"},\"inLanguage\":\"de\",\"potentialAction\":[{\"@type\":\"ReadAction\",\"target\":[\"https:\/\/vof-news.eu\/de\/kulturburger-drinnen-buhrufer-drausen\/\"]}]},{\"@type\":\"BreadcrumbList\",\"@id\":\"https:\/\/vof-news.eu\/de\/kulturburger-drinnen-buhrufer-drausen\/#breadcrumb\",\"itemListElement\":[{\"@type\":\"ListItem\",\"position\":1,\"name\":\"Home\",\"item\":\"https:\/\/vof-news.eu\/de\/\"},{\"@type\":\"ListItem\",\"position\":2,\"name\":\"Kulturb\u00fcrger drinnen, Buhrufer drau\u00dfen\"}]},{\"@type\":\"WebSite\",\"@id\":\"https:\/\/vof-news.eu\/de\/#website\",\"url\":\"https:\/\/vof-news.eu\/de\/\",\"name\":\"vof-news.eu\",\"description\":\"\",\"potentialAction\":[{\"@type\":\"SearchAction\",\"target\":{\"@type\":\"EntryPoint\",\"urlTemplate\":\"https:\/\/vof-news.eu\/de\/?s={search_term_string}\"},\"query-input\":\"required name=search_term_string\"}],\"inLanguage\":\"de\"},{\"@type\":\"Person\",\"@id\":\"https:\/\/vof-news.eu\/de\/#\/schema\/person\/f6a2a4309f0561835797fd8c19b333ed\",\"name\":\"Author\",\"image\":{\"@type\":\"ImageObject\",\"inLanguage\":\"de\",\"@id\":\"https:\/\/vof-news.eu\/de\/#\/schema\/person\/image\/\",\"url\":\"https:\/\/secure.gravatar.com\/avatar\/b67e614b1b25b3e9c0c239efdd2fde5ab015b5affd6f1c3c85911ca4b384e790?s=96&d=mm&r=g\",\"contentUrl\":\"https:\/\/secure.gravatar.com\/avatar\/b67e614b1b25b3e9c0c239efdd2fde5ab015b5affd6f1c3c85911ca4b384e790?s=96&d=mm&r=g\",\"caption\":\"Author\"},\"sameAs\":[\"http:\/\/vof-news.eu\"],\"url\":\"https:\/\/vof-news.eu\/de\/author\/zwt6qxnjulxbnyg\/\"}]}<\/script>\n<!-- \/ Yoast SEO plugin. -->","yoast_head_json":{"title":"Kulturb\u00fcrger drinnen, Buhrufer drau\u00dfen - vof-news.eu","description":"Um kurz nach halb sieben abends liegt eine meteorologische","robots":{"index":"noindex","follow":"follow","max-snippet":"max-snippet:-1","max-image-preview":"max-image-preview:large","max-video-preview":"max-video-preview:-1"},"og_locale":"de_DE","og_type":"article","og_title":"Kulturb\u00fcrger drinnen, Buhrufer drau\u00dfen - vof-news.eu","og_description":"Um kurz nach halb sieben abends liegt eine meteorologische","og_url":"https:\/\/vof-news.eu\/de\/kulturburger-drinnen-buhrufer-drausen\/","og_site_name":"vof-news.eu","article_published_time":"2025-07-23T14:28:15+00:00","article_modified_time":"2025-07-23T14:28:41+00:00","author":"Author","twitter_card":"summary_large_image","twitter_misc":{"Verfasst von":"Author","Gesch\u00e4tzte Lesezeit":"3\u00a0Minuten"},"schema":{"@context":"https:\/\/schema.org","@graph":[{"@type":"WebPage","@id":"https:\/\/vof-news.eu\/de\/kulturburger-drinnen-buhrufer-drausen\/","url":"https:\/\/vof-news.eu\/de\/kulturburger-drinnen-buhrufer-drausen\/","name":"Kulturb\u00fcrger drinnen, Buhrufer drau\u00dfen - vof-news.eu","isPartOf":{"@id":"https:\/\/vof-news.eu\/de\/#website"},"datePublished":"2025-07-23T14:28:15+00:00","dateModified":"2025-07-23T14:28:41+00:00","author":{"@id":"https:\/\/vof-news.eu\/de\/#\/schema\/person\/f6a2a4309f0561835797fd8c19b333ed"},"description":"Um kurz nach halb sieben abends liegt eine meteorologische","breadcrumb":{"@id":"https:\/\/vof-news.eu\/de\/kulturburger-drinnen-buhrufer-drausen\/#breadcrumb"},"inLanguage":"de","potentialAction":[{"@type":"ReadAction","target":["https:\/\/vof-news.eu\/de\/kulturburger-drinnen-buhrufer-drausen\/"]}]},{"@type":"BreadcrumbList","@id":"https:\/\/vof-news.eu\/de\/kulturburger-drinnen-buhrufer-drausen\/#breadcrumb","itemListElement":[{"@type":"ListItem","position":1,"name":"Home","item":"https:\/\/vof-news.eu\/de\/"},{"@type":"ListItem","position":2,"name":"Kulturb\u00fcrger drinnen, Buhrufer drau\u00dfen"}]},{"@type":"WebSite","@id":"https:\/\/vof-news.eu\/de\/#website","url":"https:\/\/vof-news.eu\/de\/","name":"vof-news.eu","description":"","potentialAction":[{"@type":"SearchAction","target":{"@type":"EntryPoint","urlTemplate":"https:\/\/vof-news.eu\/de\/?s={search_term_string}"},"query-input":"required name=search_term_string"}],"inLanguage":"de"},{"@type":"Person","@id":"https:\/\/vof-news.eu\/de\/#\/schema\/person\/f6a2a4309f0561835797fd8c19b333ed","name":"Author","image":{"@type":"ImageObject","inLanguage":"de","@id":"https:\/\/vof-news.eu\/de\/#\/schema\/person\/image\/","url":"https:\/\/secure.gravatar.com\/avatar\/b67e614b1b25b3e9c0c239efdd2fde5ab015b5affd6f1c3c85911ca4b384e790?s=96&d=mm&r=g","contentUrl":"https:\/\/secure.gravatar.com\/avatar\/b67e614b1b25b3e9c0c239efdd2fde5ab015b5affd6f1c3c85911ca4b384e790?s=96&d=mm&r=g","caption":"Author"},"sameAs":["http:\/\/vof-news.eu"],"url":"https:\/\/vof-news.eu\/de\/author\/zwt6qxnjulxbnyg\/"}]}},"yoast_meta":{"yoast_wpseo_title":"","yoast_wpseo_metadesc":"","yoast_wpseo_canonical":""},"_links":{"self":[{"href":"https:\/\/vof-news.eu\/de\/wp-json\/wp\/v2\/posts\/257877","targetHints":{"allow":["GET"]}}],"collection":[{"href":"https:\/\/vof-news.eu\/de\/wp-json\/wp\/v2\/posts"}],"about":[{"href":"https:\/\/vof-news.eu\/de\/wp-json\/wp\/v2\/types\/post"}],"author":[{"embeddable":true,"href":"https:\/\/vof-news.eu\/de\/wp-json\/wp\/v2\/users\/1"}],"replies":[{"embeddable":true,"href":"https:\/\/vof-news.eu\/de\/wp-json\/wp\/v2\/comments?post=257877"}],"version-history":[{"count":1,"href":"https:\/\/vof-news.eu\/de\/wp-json\/wp\/v2\/posts\/257877\/revisions"}],"predecessor-version":[{"id":257878,"href":"https:\/\/vof-news.eu\/de\/wp-json\/wp\/v2\/posts\/257877\/revisions\/257878"}],"wp:attachment":[{"href":"https:\/\/vof-news.eu\/de\/wp-json\/wp\/v2\/media?parent=257877"}],"wp:term":[{"taxonomy":"category","embeddable":true,"href":"https:\/\/vof-news.eu\/de\/wp-json\/wp\/v2\/categories?post=257877"},{"taxonomy":"post_tag","embeddable":true,"href":"https:\/\/vof-news.eu\/de\/wp-json\/wp\/v2\/tags?post=257877"}],"curies":[{"name":"wp","href":"https:\/\/api.w.org\/{rel}","templated":true}]}}