{"id":256679,"date":"2025-07-20T03:26:04","date_gmt":"2025-07-20T00:26:04","guid":{"rendered":"https:\/\/vof-news.eu\/verbrenner-verbot-fur-firmenflotten-und-mietautos\/"},"modified":"2025-07-20T03:26:24","modified_gmt":"2025-07-20T00:26:24","slug":"verbrenner-verbot-fur-firmenflotten-und-mietautos","status":"publish","type":"post","link":"https:\/\/vof-news.eu\/de\/verbrenner-verbot-fur-firmenflotten-und-mietautos\/","title":{"rendered":"Verbrenner-Verbot f\u00fcr Firmenflotten und Mietautos"},"content":{"rendered":"<p>Die EU-Kommission plant nach Angaben der \u201eBild am Sonntag\u201c ab dem Jahr 2030 ein Verbrenner-Verbot f\u00fcr Mietwagenanbieter und Firmenflotten. Davon w\u00e4ren 60 Prozent des Neuwagengesch\u00e4fts betroffen, wie die &#8222;Bild am Sonntag&#8220; aus EU-Kreisen erfuhr. Der Rest des Absatzes entfalle auf Privatkunden. EU-weit wurden im vergangenen Jahr 10,6 Millionen Fahrzeuge verkauft.<\/p>\n<p>Bereits im Sp\u00e4tsommer will die EU-Kommission laut Bild die Neuregelung vorstellen und auf den parlamentarischen Weg bringen. EU-Rat und EU-Parlament m\u00fcssen dann zustimmen. Die EU best\u00e4tigte, dass an einer Neuregelung gearbeitet werde. Zu Details \u00e4u\u00dferte sich eine Sprecherin nicht.<\/p>\n<p>Der EU-Abgeordnete Markus Ferber (CSU) appellierte an Kommissionspr\u00e4sidentin Ursula von der Leyen, das Vorhaben zu kassieren. Kommt die Regelung, dann w\u00fcrden nur E-Autos angeschafft, um Quoten zu erf\u00fcllen, wie Ferber in einem Brief an von der Leyen schrieb, der der \u201eBild\u201c vorlag.<\/p>\n<p>Der Vorstand des Mietwagenanbieters Sixt, Nico Gabriel, bezeichnete das geplante Verbrenner-Verbot als praxisfremd. \u201eUrlauber werden kaum noch Mietwagen nutzen, Verbraucher werden praktisch keine Fahrzeuge mehr leasen k\u00f6nnen.\u201c In der ganzen EU fehle es schlicht an Lades\u00e4ulen. Die Folge: Letztlich d\u00fcrften Mietautos teurer werden, berichteten laut \u201eBild\u201c auch andere Anbieter.<\/p>\n","protected":false},"excerpt":{"rendered":"<p>Die EU-Kommission plant nach Angaben der \u201eBild am Sonntag\u201c ab dem Jahr 2030 ein Verbrenner-Verbot f\u00fcr Mietwagenanbieter und Firmenflotten. Davon w\u00e4ren 60 Prozent des Neuwagengesch\u00e4fts betroffen, wie die &#8222;Bild am Sonntag&#8220; aus EU-Kreisen erfuhr. Der Rest des Absatzes entfalle auf Privatkunden. EU-weit wurden im vergangenen Jahr 10,6 Millionen Fahrzeuge verkauft. Bereits im Sp\u00e4tsommer will die<\/p>\n","protected":false},"author":1,"featured_media":256680,"comment_status":"open","ping_status":"open","sticky":false,"template":"","format":"standard","meta":{"footnotes":""},"categories":[59],"tags":[],"class_list":["post-256679","post","type-post","status-publish","format-standard","has-post-thumbnail","hentry","category-business-de"],"acf":[],"yoast_head":"<!-- This site is optimized with the Yoast SEO plugin v22.9 - https:\/\/yoast.com\/wordpress\/plugins\/seo\/ -->\n<title>Verbrenner-Verbot f\u00fcr Firmenflotten und Mietautos - vof-news.eu<\/title>\n<meta name=\"description\" content=\"Die EU-Kommission plant nach Angaben der \u201eBild am Sonntag\u201c ab dem Jahr 2030 ein Verbrenner-Verbot f\u00fcr Mietwagenanbieter und Firmenflotten. Davon w\u00e4ren 60 Prozent des Neuwagengesch\u00e4fts betroffen, wie die &quot;Bild am Sonntag&quot; aus EU-Kreisen erfuhr. Der Rest des Absatzes entfalle auf Privatkunden. EU-weit wurden im vergangenen Jahr 10,6 Millionen Fahrzeuge verkauft.Bereits im Sp\u00e4tsommer will die EU-Kommission laut Bild die Neuregelung vorstellen und auf den parlamentarischen Weg bringen. EU-Rat und EU-Parlament m\u00fcssen dann zustimmen. Die EU best\u00e4tigte, dass an einer Neuregelung gearbeitet werde. Zu Details \u00e4u\u00dferte sich eine Sprecherin nicht.Der EU-Abgeordnete Markus Ferber (CSU) appellierte an Kommissionspr\u00e4sidentin Ursula von der Leyen, das Vorhaben zu kassieren. Kommt die Regelung, dann w\u00fcrden nur E-Autos angeschafft, um Quoten zu erf\u00fcllen, wie Ferber in einem Brief an von der Leyen schrieb, der der \u201eBild\u201c vorlag.Der Vorstand des Mietwagenanbieters Sixt, Nico Gabriel, bezeichnete das geplante Verbrenner-Verbot als praxisfremd. \u201eUrlauber werden kaum noch Mietwagen nutzen, Verbraucher werden praktisch keine Fahrzeuge mehr leasen k\u00f6nnen.\u201c In der ganzen EU fehle es schlicht an Lades\u00e4ulen. Die Folge: Letztlich d\u00fcrften Mietautos teurer werden, berichteten laut \u201eBild\u201c auch andere Anbieter.\" \/>\n<meta name=\"robots\" content=\"noindex, follow, max-snippet:-1, max-image-preview:large, max-video-preview:-1\" \/>\n<meta property=\"og:locale\" content=\"de_DE\" \/>\n<meta property=\"og:type\" content=\"article\" \/>\n<meta property=\"og:title\" content=\"Verbrenner-Verbot f\u00fcr Firmenflotten und Mietautos - vof-news.eu\" \/>\n<meta property=\"og:description\" content=\"Die EU-Kommission plant nach Angaben der \u201eBild am Sonntag\u201c ab dem Jahr 2030 ein Verbrenner-Verbot f\u00fcr Mietwagenanbieter und Firmenflotten. Davon w\u00e4ren 60 Prozent des Neuwagengesch\u00e4fts betroffen, wie die &quot;Bild am Sonntag&quot; aus EU-Kreisen erfuhr. Der Rest des Absatzes entfalle auf Privatkunden. EU-weit wurden im vergangenen Jahr 10,6 Millionen Fahrzeuge verkauft.Bereits im Sp\u00e4tsommer will die EU-Kommission laut Bild die Neuregelung vorstellen und auf den parlamentarischen Weg bringen. EU-Rat und EU-Parlament m\u00fcssen dann zustimmen. Die EU best\u00e4tigte, dass an einer Neuregelung gearbeitet werde. Zu Details \u00e4u\u00dferte sich eine Sprecherin nicht.Der EU-Abgeordnete Markus Ferber (CSU) appellierte an Kommissionspr\u00e4sidentin Ursula von der Leyen, das Vorhaben zu kassieren. Kommt die Regelung, dann w\u00fcrden nur E-Autos angeschafft, um Quoten zu erf\u00fcllen, wie Ferber in einem Brief an von der Leyen schrieb, der der \u201eBild\u201c vorlag.Der Vorstand des Mietwagenanbieters Sixt, Nico Gabriel, bezeichnete das geplante Verbrenner-Verbot als praxisfremd. \u201eUrlauber werden kaum noch Mietwagen nutzen, Verbraucher werden praktisch keine Fahrzeuge mehr leasen k\u00f6nnen.\u201c In der ganzen EU fehle es schlicht an Lades\u00e4ulen. Die Folge: Letztlich d\u00fcrften Mietautos teurer werden, berichteten laut \u201eBild\u201c auch andere Anbieter.\" \/>\n<meta property=\"og:url\" content=\"https:\/\/vof-news.eu\/de\/verbrenner-verbot-fur-firmenflotten-und-mietautos\/\" \/>\n<meta property=\"og:site_name\" content=\"vof-news.eu\" \/>\n<meta property=\"article:published_time\" content=\"2025-07-20T00:26:04+00:00\" \/>\n<meta property=\"article:modified_time\" content=\"2025-07-20T00:26:24+00:00\" \/>\n<meta property=\"og:image\" content=\"https:\/\/vof-news.eu\/wp-content\/uploads\/2025\/07\/stromtankstelle.webp\" \/>\n\t<meta property=\"og:image:width\" content=\"1200\" \/>\n\t<meta property=\"og:image:height\" content=\"574\" \/>\n\t<meta property=\"og:image:type\" content=\"image\/webp\" \/>\n<meta name=\"author\" content=\"Author\" \/>\n<meta name=\"twitter:card\" content=\"summary_large_image\" \/>\n<meta name=\"twitter:label1\" content=\"Verfasst von\" \/>\n\t<meta name=\"twitter:data1\" content=\"Author\" \/>\n\t<meta name=\"twitter:label2\" content=\"Gesch\u00e4tzte Lesezeit\" \/>\n\t<meta name=\"twitter:data2\" content=\"1\u00a0Minute\" \/>\n<script type=\"application\/ld+json\" class=\"yoast-schema-graph\">{\"@context\":\"https:\/\/schema.org\",\"@graph\":[{\"@type\":\"WebPage\",\"@id\":\"https:\/\/vof-news.eu\/de\/verbrenner-verbot-fur-firmenflotten-und-mietautos\/\",\"url\":\"https:\/\/vof-news.eu\/de\/verbrenner-verbot-fur-firmenflotten-und-mietautos\/\",\"name\":\"Verbrenner-Verbot f\u00fcr Firmenflotten und Mietautos - vof-news.eu\",\"isPartOf\":{\"@id\":\"https:\/\/vof-news.eu\/de\/#website\"},\"primaryImageOfPage\":{\"@id\":\"https:\/\/vof-news.eu\/de\/verbrenner-verbot-fur-firmenflotten-und-mietautos\/#primaryimage\"},\"image\":{\"@id\":\"https:\/\/vof-news.eu\/de\/verbrenner-verbot-fur-firmenflotten-und-mietautos\/#primaryimage\"},\"thumbnailUrl\":\"https:\/\/vof-news.eu\/wp-content\/uploads\/2025\/07\/stromtankstelle.webp\",\"datePublished\":\"2025-07-20T00:26:04+00:00\",\"dateModified\":\"2025-07-20T00:26:24+00:00\",\"author\":{\"@id\":\"https:\/\/vof-news.eu\/de\/#\/schema\/person\/f6a2a4309f0561835797fd8c19b333ed\"},\"description\":\"Die EU-Kommission plant nach Angaben der \u201eBild am Sonntag\u201c ab dem Jahr 2030 ein Verbrenner-Verbot f\u00fcr Mietwagenanbieter und Firmenflotten. Davon w\u00e4ren 60 Prozent des Neuwagengesch\u00e4fts betroffen, wie die \\\"Bild am Sonntag\\\" aus EU-Kreisen erfuhr. Der Rest des Absatzes entfalle auf Privatkunden. EU-weit wurden im vergangenen Jahr 10,6 Millionen Fahrzeuge verkauft.Bereits im Sp\u00e4tsommer will die EU-Kommission laut Bild die Neuregelung vorstellen und auf den parlamentarischen Weg bringen. EU-Rat und EU-Parlament m\u00fcssen dann zustimmen. Die EU best\u00e4tigte, dass an einer Neuregelung gearbeitet werde. Zu Details \u00e4u\u00dferte sich eine Sprecherin nicht.Der EU-Abgeordnete Markus Ferber (CSU) appellierte an Kommissionspr\u00e4sidentin Ursula von der Leyen, das Vorhaben zu kassieren. Kommt die Regelung, dann w\u00fcrden nur E-Autos angeschafft, um Quoten zu erf\u00fcllen, wie Ferber in einem Brief an von der Leyen schrieb, der der \u201eBild\u201c vorlag.Der Vorstand des Mietwagenanbieters Sixt, Nico Gabriel, bezeichnete das geplante Verbrenner-Verbot als praxisfremd. \u201eUrlauber werden kaum noch Mietwagen nutzen, Verbraucher werden praktisch keine Fahrzeuge mehr leasen k\u00f6nnen.\u201c In der ganzen EU fehle es schlicht an Lades\u00e4ulen. Die Folge: Letztlich d\u00fcrften Mietautos teurer werden, berichteten laut \u201eBild\u201c auch andere Anbieter.\",\"breadcrumb\":{\"@id\":\"https:\/\/vof-news.eu\/de\/verbrenner-verbot-fur-firmenflotten-und-mietautos\/#breadcrumb\"},\"inLanguage\":\"de\",\"potentialAction\":[{\"@type\":\"ReadAction\",\"target\":[\"https:\/\/vof-news.eu\/de\/verbrenner-verbot-fur-firmenflotten-und-mietautos\/\"]}]},{\"@type\":\"ImageObject\",\"inLanguage\":\"de\",\"@id\":\"https:\/\/vof-news.eu\/de\/verbrenner-verbot-fur-firmenflotten-und-mietautos\/#primaryimage\",\"url\":\"https:\/\/vof-news.eu\/wp-content\/uploads\/2025\/07\/stromtankstelle.webp\",\"contentUrl\":\"https:\/\/vof-news.eu\/wp-content\/uploads\/2025\/07\/stromtankstelle.webp\",\"width\":1200,\"height\":574},{\"@type\":\"BreadcrumbList\",\"@id\":\"https:\/\/vof-news.eu\/de\/verbrenner-verbot-fur-firmenflotten-und-mietautos\/#breadcrumb\",\"itemListElement\":[{\"@type\":\"ListItem\",\"position\":1,\"name\":\"Home\",\"item\":\"https:\/\/vof-news.eu\/de\/\"},{\"@type\":\"ListItem\",\"position\":2,\"name\":\"Verbrenner-Verbot f\u00fcr Firmenflotten und Mietautos\"}]},{\"@type\":\"WebSite\",\"@id\":\"https:\/\/vof-news.eu\/de\/#website\",\"url\":\"https:\/\/vof-news.eu\/de\/\",\"name\":\"vof-news.eu\",\"description\":\"\",\"potentialAction\":[{\"@type\":\"SearchAction\",\"target\":{\"@type\":\"EntryPoint\",\"urlTemplate\":\"https:\/\/vof-news.eu\/de\/?s={search_term_string}\"},\"query-input\":\"required name=search_term_string\"}],\"inLanguage\":\"de\"},{\"@type\":\"Person\",\"@id\":\"https:\/\/vof-news.eu\/de\/#\/schema\/person\/f6a2a4309f0561835797fd8c19b333ed\",\"name\":\"Author\",\"image\":{\"@type\":\"ImageObject\",\"inLanguage\":\"de\",\"@id\":\"https:\/\/vof-news.eu\/de\/#\/schema\/person\/image\/\",\"url\":\"https:\/\/secure.gravatar.com\/avatar\/b67e614b1b25b3e9c0c239efdd2fde5ab015b5affd6f1c3c85911ca4b384e790?s=96&d=mm&r=g\",\"contentUrl\":\"https:\/\/secure.gravatar.com\/avatar\/b67e614b1b25b3e9c0c239efdd2fde5ab015b5affd6f1c3c85911ca4b384e790?s=96&d=mm&r=g\",\"caption\":\"Author\"},\"sameAs\":[\"http:\/\/vof-news.eu\"],\"url\":\"https:\/\/vof-news.eu\/de\/author\/zwt6qxnjulxbnyg\/\"}]}<\/script>\n<!-- \/ Yoast SEO plugin. -->","yoast_head_json":{"title":"Verbrenner-Verbot f\u00fcr Firmenflotten und Mietautos - vof-news.eu","description":"Die EU-Kommission plant nach Angaben der \u201eBild am Sonntag\u201c ab dem Jahr 2030 ein Verbrenner-Verbot f\u00fcr Mietwagenanbieter und Firmenflotten. Davon w\u00e4ren 60 Prozent des Neuwagengesch\u00e4fts betroffen, wie die \"Bild am Sonntag\" aus EU-Kreisen erfuhr. Der Rest des Absatzes entfalle auf Privatkunden. EU-weit wurden im vergangenen Jahr 10,6 Millionen Fahrzeuge verkauft.Bereits im Sp\u00e4tsommer will die EU-Kommission laut Bild die Neuregelung vorstellen und auf den parlamentarischen Weg bringen. EU-Rat und EU-Parlament m\u00fcssen dann zustimmen. Die EU best\u00e4tigte, dass an einer Neuregelung gearbeitet werde. Zu Details \u00e4u\u00dferte sich eine Sprecherin nicht.Der EU-Abgeordnete Markus Ferber (CSU) appellierte an Kommissionspr\u00e4sidentin Ursula von der Leyen, das Vorhaben zu kassieren. Kommt die Regelung, dann w\u00fcrden nur E-Autos angeschafft, um Quoten zu erf\u00fcllen, wie Ferber in einem Brief an von der Leyen schrieb, der der \u201eBild\u201c vorlag.Der Vorstand des Mietwagenanbieters Sixt, Nico Gabriel, bezeichnete das geplante Verbrenner-Verbot als praxisfremd. \u201eUrlauber werden kaum noch Mietwagen nutzen, Verbraucher werden praktisch keine Fahrzeuge mehr leasen k\u00f6nnen.\u201c In der ganzen EU fehle es schlicht an Lades\u00e4ulen. Die Folge: Letztlich d\u00fcrften Mietautos teurer werden, berichteten laut \u201eBild\u201c auch andere Anbieter.","robots":{"index":"noindex","follow":"follow","max-snippet":"max-snippet:-1","max-image-preview":"max-image-preview:large","max-video-preview":"max-video-preview:-1"},"og_locale":"de_DE","og_type":"article","og_title":"Verbrenner-Verbot f\u00fcr Firmenflotten und Mietautos - vof-news.eu","og_description":"Die EU-Kommission plant nach Angaben der \u201eBild am Sonntag\u201c ab dem Jahr 2030 ein Verbrenner-Verbot f\u00fcr Mietwagenanbieter und Firmenflotten. Davon w\u00e4ren 60 Prozent des Neuwagengesch\u00e4fts betroffen, wie die \"Bild am Sonntag\" aus EU-Kreisen erfuhr. Der Rest des Absatzes entfalle auf Privatkunden. EU-weit wurden im vergangenen Jahr 10,6 Millionen Fahrzeuge verkauft.Bereits im Sp\u00e4tsommer will die EU-Kommission laut Bild die Neuregelung vorstellen und auf den parlamentarischen Weg bringen. EU-Rat und EU-Parlament m\u00fcssen dann zustimmen. Die EU best\u00e4tigte, dass an einer Neuregelung gearbeitet werde. Zu Details \u00e4u\u00dferte sich eine Sprecherin nicht.Der EU-Abgeordnete Markus Ferber (CSU) appellierte an Kommissionspr\u00e4sidentin Ursula von der Leyen, das Vorhaben zu kassieren. Kommt die Regelung, dann w\u00fcrden nur E-Autos angeschafft, um Quoten zu erf\u00fcllen, wie Ferber in einem Brief an von der Leyen schrieb, der der \u201eBild\u201c vorlag.Der Vorstand des Mietwagenanbieters Sixt, Nico Gabriel, bezeichnete das geplante Verbrenner-Verbot als praxisfremd. \u201eUrlauber werden kaum noch Mietwagen nutzen, Verbraucher werden praktisch keine Fahrzeuge mehr leasen k\u00f6nnen.\u201c In der ganzen EU fehle es schlicht an Lades\u00e4ulen. Die Folge: Letztlich d\u00fcrften Mietautos teurer werden, berichteten laut \u201eBild\u201c auch andere Anbieter.","og_url":"https:\/\/vof-news.eu\/de\/verbrenner-verbot-fur-firmenflotten-und-mietautos\/","og_site_name":"vof-news.eu","article_published_time":"2025-07-20T00:26:04+00:00","article_modified_time":"2025-07-20T00:26:24+00:00","og_image":[{"width":1200,"height":574,"url":"https:\/\/vof-news.eu\/wp-content\/uploads\/2025\/07\/stromtankstelle.webp","type":"image\/webp"}],"author":"Author","twitter_card":"summary_large_image","twitter_misc":{"Verfasst von":"Author","Gesch\u00e4tzte Lesezeit":"1\u00a0Minute"},"schema":{"@context":"https:\/\/schema.org","@graph":[{"@type":"WebPage","@id":"https:\/\/vof-news.eu\/de\/verbrenner-verbot-fur-firmenflotten-und-mietautos\/","url":"https:\/\/vof-news.eu\/de\/verbrenner-verbot-fur-firmenflotten-und-mietautos\/","name":"Verbrenner-Verbot f\u00fcr Firmenflotten und Mietautos - vof-news.eu","isPartOf":{"@id":"https:\/\/vof-news.eu\/de\/#website"},"primaryImageOfPage":{"@id":"https:\/\/vof-news.eu\/de\/verbrenner-verbot-fur-firmenflotten-und-mietautos\/#primaryimage"},"image":{"@id":"https:\/\/vof-news.eu\/de\/verbrenner-verbot-fur-firmenflotten-und-mietautos\/#primaryimage"},"thumbnailUrl":"https:\/\/vof-news.eu\/wp-content\/uploads\/2025\/07\/stromtankstelle.webp","datePublished":"2025-07-20T00:26:04+00:00","dateModified":"2025-07-20T00:26:24+00:00","author":{"@id":"https:\/\/vof-news.eu\/de\/#\/schema\/person\/f6a2a4309f0561835797fd8c19b333ed"},"description":"Die EU-Kommission plant nach Angaben der \u201eBild am Sonntag\u201c ab dem Jahr 2030 ein Verbrenner-Verbot f\u00fcr Mietwagenanbieter und Firmenflotten. Davon w\u00e4ren 60 Prozent des Neuwagengesch\u00e4fts betroffen, wie die \"Bild am Sonntag\" aus EU-Kreisen erfuhr. Der Rest des Absatzes entfalle auf Privatkunden. EU-weit wurden im vergangenen Jahr 10,6 Millionen Fahrzeuge verkauft.Bereits im Sp\u00e4tsommer will die EU-Kommission laut Bild die Neuregelung vorstellen und auf den parlamentarischen Weg bringen. EU-Rat und EU-Parlament m\u00fcssen dann zustimmen. Die EU best\u00e4tigte, dass an einer Neuregelung gearbeitet werde. Zu Details \u00e4u\u00dferte sich eine Sprecherin nicht.Der EU-Abgeordnete Markus Ferber (CSU) appellierte an Kommissionspr\u00e4sidentin Ursula von der Leyen, das Vorhaben zu kassieren. Kommt die Regelung, dann w\u00fcrden nur E-Autos angeschafft, um Quoten zu erf\u00fcllen, wie Ferber in einem Brief an von der Leyen schrieb, der der \u201eBild\u201c vorlag.Der Vorstand des Mietwagenanbieters Sixt, Nico Gabriel, bezeichnete das geplante Verbrenner-Verbot als praxisfremd. \u201eUrlauber werden kaum noch Mietwagen nutzen, Verbraucher werden praktisch keine Fahrzeuge mehr leasen k\u00f6nnen.\u201c In der ganzen EU fehle es schlicht an Lades\u00e4ulen. Die Folge: Letztlich d\u00fcrften Mietautos teurer werden, berichteten laut \u201eBild\u201c auch andere Anbieter.","breadcrumb":{"@id":"https:\/\/vof-news.eu\/de\/verbrenner-verbot-fur-firmenflotten-und-mietautos\/#breadcrumb"},"inLanguage":"de","potentialAction":[{"@type":"ReadAction","target":["https:\/\/vof-news.eu\/de\/verbrenner-verbot-fur-firmenflotten-und-mietautos\/"]}]},{"@type":"ImageObject","inLanguage":"de","@id":"https:\/\/vof-news.eu\/de\/verbrenner-verbot-fur-firmenflotten-und-mietautos\/#primaryimage","url":"https:\/\/vof-news.eu\/wp-content\/uploads\/2025\/07\/stromtankstelle.webp","contentUrl":"https:\/\/vof-news.eu\/wp-content\/uploads\/2025\/07\/stromtankstelle.webp","width":1200,"height":574},{"@type":"BreadcrumbList","@id":"https:\/\/vof-news.eu\/de\/verbrenner-verbot-fur-firmenflotten-und-mietautos\/#breadcrumb","itemListElement":[{"@type":"ListItem","position":1,"name":"Home","item":"https:\/\/vof-news.eu\/de\/"},{"@type":"ListItem","position":2,"name":"Verbrenner-Verbot f\u00fcr Firmenflotten und Mietautos"}]},{"@type":"WebSite","@id":"https:\/\/vof-news.eu\/de\/#website","url":"https:\/\/vof-news.eu\/de\/","name":"vof-news.eu","description":"","potentialAction":[{"@type":"SearchAction","target":{"@type":"EntryPoint","urlTemplate":"https:\/\/vof-news.eu\/de\/?s={search_term_string}"},"query-input":"required name=search_term_string"}],"inLanguage":"de"},{"@type":"Person","@id":"https:\/\/vof-news.eu\/de\/#\/schema\/person\/f6a2a4309f0561835797fd8c19b333ed","name":"Author","image":{"@type":"ImageObject","inLanguage":"de","@id":"https:\/\/vof-news.eu\/de\/#\/schema\/person\/image\/","url":"https:\/\/secure.gravatar.com\/avatar\/b67e614b1b25b3e9c0c239efdd2fde5ab015b5affd6f1c3c85911ca4b384e790?s=96&d=mm&r=g","contentUrl":"https:\/\/secure.gravatar.com\/avatar\/b67e614b1b25b3e9c0c239efdd2fde5ab015b5affd6f1c3c85911ca4b384e790?s=96&d=mm&r=g","caption":"Author"},"sameAs":["http:\/\/vof-news.eu"],"url":"https:\/\/vof-news.eu\/de\/author\/zwt6qxnjulxbnyg\/"}]}},"yoast_meta":{"yoast_wpseo_title":"","yoast_wpseo_metadesc":"","yoast_wpseo_canonical":""},"_links":{"self":[{"href":"https:\/\/vof-news.eu\/de\/wp-json\/wp\/v2\/posts\/256679","targetHints":{"allow":["GET"]}}],"collection":[{"href":"https:\/\/vof-news.eu\/de\/wp-json\/wp\/v2\/posts"}],"about":[{"href":"https:\/\/vof-news.eu\/de\/wp-json\/wp\/v2\/types\/post"}],"author":[{"embeddable":true,"href":"https:\/\/vof-news.eu\/de\/wp-json\/wp\/v2\/users\/1"}],"replies":[{"embeddable":true,"href":"https:\/\/vof-news.eu\/de\/wp-json\/wp\/v2\/comments?post=256679"}],"version-history":[{"count":1,"href":"https:\/\/vof-news.eu\/de\/wp-json\/wp\/v2\/posts\/256679\/revisions"}],"predecessor-version":[{"id":256686,"href":"https:\/\/vof-news.eu\/de\/wp-json\/wp\/v2\/posts\/256679\/revisions\/256686"}],"wp:featuredmedia":[{"embeddable":true,"href":"https:\/\/vof-news.eu\/de\/wp-json\/wp\/v2\/media\/256680"}],"wp:attachment":[{"href":"https:\/\/vof-news.eu\/de\/wp-json\/wp\/v2\/media?parent=256679"}],"wp:term":[{"taxonomy":"category","embeddable":true,"href":"https:\/\/vof-news.eu\/de\/wp-json\/wp\/v2\/categories?post=256679"},{"taxonomy":"post_tag","embeddable":true,"href":"https:\/\/vof-news.eu\/de\/wp-json\/wp\/v2\/tags?post=256679"}],"curies":[{"name":"wp","href":"https:\/\/api.w.org\/{rel}","templated":true}]}}