{"id":256621,"date":"2025-07-19T21:29:07","date_gmt":"2025-07-19T18:29:07","guid":{"rendered":"https:\/\/vof-news.eu\/fruherer-spd-chef-platzeck-verteidigt-reisen-nach-moskau\/"},"modified":"2025-07-19T21:30:19","modified_gmt":"2025-07-19T18:30:19","slug":"fruherer-spd-chef-platzeck-verteidigt-reisen-nach-moskau","status":"publish","type":"post","link":"https:\/\/vof-news.eu\/de\/fruherer-spd-chef-platzeck-verteidigt-reisen-nach-moskau\/","title":{"rendered":"Fr\u00fcherer SPD-Chef Platzeck verteidigt Reisen nach Moskau"},"content":{"rendered":"<div>\n<p>Der fr\u00fchere SPD-Vorsitzende <span><a href=\"https:\/\/www.zeit.de\/thema\/matthias-platzeck\" rel=\"nofollow\">Matthias Platzeck<\/a><\/span>\u00a0hat seine Reisen nach Moskau w\u00e4hrend des russischen Angriffskriegs gegen die Ukraine gerechtfertigt.\u00a0Vermutungen, dass es bei den Treffen auch um die<br \/>\nGaswirtschaft oder die Reaktivierung der Nordstream-Pipeline gegangen sei, wies\u00a0Platzeck\u00a0im Gespr\u00e4ch mit dem <a href=\"https:\/\/www.tagesspiegel.de\/politik\/nach-bekanntwerden-von-geheimreisen-nach-moskau-matthias-platzeck-verteidigt-sich-14052254.html\" rel=\"nofollow\"><\/a> zur\u00fcck. &#8222;Zum Thema Gaswirtschaft und Nord Stream habe ich mit niemandem<br \/>\ngeredet, weder in Russland, noch sonstwo.&#8220;\u00a0Details zu den Reisen und Gespr\u00e4chspartnern auf russischer Seite nannte er nicht.\n<\/p>\n<p>Es gehe ihm nicht<br \/>\num wirtschaftliche Interessen, sagte Platzeck weiter. Er handle als Privatperson, &#8222;ohne irgendeinen Auftrag, ohne eine Funktion&#8220;.\u00a0&#8222;Mich bewegen Fragestellungen und Probleme, die derzeit viele Menschen, nicht nur in unserem Land, umtreiben und besch\u00e4ftigen: Wie kann dieser grausame Krieg enden, wie soll die Welt danach aussehen?&#8220;, sagte der ehemalige SPD-Vorsitzende, der von 2002 bis 2013 auch Ministerpr\u00e4sident von Brandenburg war.\n<\/p>\n<p>Platzeck\u00a0verwies auf die Bedeutung einer &#8222;aktiven Diplomatie auf vielen Ebenen und in vielen Spielarten&#8220; sowie &#8222;Fragen der Abr\u00fcstung und R\u00fcstungskontrolle&#8220;. Er habe dazu selbst &#8222;mehr Fragen als Antworten, aber dar\u00fcber eine Diskussion zu f\u00fchren, ohne gleich mit Verd\u00e4chtigungen und Unterstellungen oder gar dem Holzhammer zu arbeiten, w\u00fcrde unserer Gesellschaft und dem Zusammenhalt guttun&#8220;, sagte der SPD-Politiker.\n<\/p>\n<h2>Opposition kritisiert Moskau-Besuche<\/h2>\n<p>Platzeck\u00a0war laut gemeinsamen Recherchen von mit dem  und der russischen Oppositionsplattform  seit Beginn des Krieges in der <span><a href=\"https:\/\/www.zeit.de\/politik\/ausland\/ukraine-krieg-russland-newsblog-live\" rel=\"nofollow\">Ukraine<\/a><\/span> <a href=\"https:\/\/www.zeit.de\/politik\/deutschland\/2025-07\/matthias-platzeck-spd-russland-reisen-ukrainekrieg\" rel=\"nofollow\">mindestens neunmal zu Gespr\u00e4chen in Moskau<\/a>. Bei einigen der Fl\u00fcge wurde Platzeck laut Flugdaten von dem fr\u00fcheren Kanzleramtschef Ronald Pofalla (CDU) sowie dem gesch\u00e4ftsf\u00fchrenden Vorstand des deutsch-russischen Forums, Martin Hoffmann, <a href=\"https:\/\/www.zeit.de\/2025\/19\/geheimtreffen-baku-russland-baku-connection-hotel-four-seasons-petersburger-dialog\" rel=\"nofollow\">begleitet<\/a>.\n<\/p>\n<p>Kritik kam vor allem aus der Opposition. Katharina Dr\u00f6ge, Fraktionschefin der Gr\u00fcnen im Bundestag, forderte eine<br \/>\nvollst\u00e4ndige Aufkl\u00e4rung der &#8222;Moskau-Connection&#8220; durch die <span><a href=\"https:\/\/www.zeit.de\/thema\/spd\" rel=\"nofollow\">SPD<\/a><\/span> und die<br \/>\nUnion. &#8222;Dass es immer wieder neue Berichte \u00fcber Geheimtreffen von<br \/>\nPolitikern der SPD, aber auch der Union mit russischen Vertretern gibt,<br \/>\nzeigt, wie tief die Verstrickungen beider Parteien mit Russland sind&#8220;,<br \/>\nsagte sie ebenfalls dem . Es sei erschreckend, dass auch nach<br \/>\nKriegsbeginn &#8222;die dubiosen Gespr\u00e4che nicht abrei\u00dfen&#8220;.\n<\/p>\n<p>Der Brandenburger CDU-Chef Jan Redmann warnte hinsichtlich Platzeck: &#8222;Sein Agieren schw\u00e4cht die Position Deutschlands und Europas.&#8220; Der SPD-Politiker trage damit nicht zum Frieden bei. &#8222;Nach jedem seiner Besuche hat Russland noch<br \/>\n mehr Menschen in der Ukraine get\u00f6tet.&#8220;\n<\/p>\n<h2>SPD-Politiker ordnen Besuche unterschiedlich ein<\/h2>\n<p>Innerhalb der SPD zeigte sich erneut die <a href=\"https:\/\/www.zeit.de\/2025\/26\/ralf-stegner-michael-roth-spd-manifest-frieden-ukraine-russland\" rel=\"nofollow\">Gespaltenheit im Umgang mit Russland<\/a>. Der SPD-Au\u00dfenpolitiker und ehemalige Bundestagsabgeordnete Michael Roth sagte,\u00a0Platzeck m\u00fcsse sich vorwerfen lassen, &#8222;selbstbezogen und verantwortungslos gegen\u00fcber seiner eigenen Partei zu agieren&#8220;.\u00a0Durch Aktionen wie Platzecks geheimgehaltene <span><a href=\"https:\/\/www.zeit.de\/thema\/reisen\" rel=\"nofollow\">Reisen<\/a><\/span> werde insbesondere<br \/>\nin Mittelosteuropa m\u00fchsam erarbeitetes Vertrauen in die deutsche<br \/>\nSozialdemokratie &#8222;immer wieder aufs Neue unterh\u00f6hlt&#8220;.\u00a0\n<\/p>\n<p>Brandenburgs Ministerpr\u00e4sident Dietmar Woidke (SPD)\u00a0sagte hingegen, dass es grunds\u00e4tzlich wichtig sei, &#8222;diplomatische Kan\u00e4le offenzuhalten&#8220;. Nur so bestehe die Chance auf<br \/>\nDeeskalation und eine friedliche L\u00f6sung. Dies sei &#8222;ebenso wichtig wie<br \/>\ndie klare Unterst\u00fctzung der Ukraine, die v\u00f6lkerrechtswidrig von Russland<br \/>\n angegriffen wurde&#8220;.\n<\/p>\n<\/div>\n","protected":false},"excerpt":{"rendered":"<p>Der fr\u00fchere SPD-Vorsitzende Matthias Platzeck\u00a0hat seine Reisen nach Moskau w\u00e4hrend des russischen Angriffskriegs gegen die Ukraine gerechtfertigt.\u00a0Vermutungen, dass es bei den Treffen auch um die Gaswirtschaft oder die Reaktivierung der Nordstream-Pipeline gegangen sei, wies\u00a0Platzeck\u00a0im Gespr\u00e4ch mit dem zur\u00fcck. &#8222;Zum Thema Gaswirtschaft und Nord Stream habe ich mit niemandem geredet, weder in Russland, noch sonstwo.&#8220;\u00a0Details zu<\/p>\n","protected":false},"author":1,"featured_media":256622,"comment_status":"open","ping_status":"open","sticky":false,"template":"","format":"standard","meta":{"footnotes":""},"categories":[116],"tags":[],"class_list":["post-256621","post","type-post","status-publish","format-standard","has-post-thumbnail","hentry","category-war-chronicles-de"],"acf":[],"yoast_head":"<!-- This site is optimized with the Yoast SEO plugin v22.9 - https:\/\/yoast.com\/wordpress\/plugins\/seo\/ -->\n<title>Fr\u00fcherer SPD-Chef Platzeck verteidigt Reisen nach Moskau - vof-news.eu<\/title>\n<meta name=\"description\" content=\"Der fr\u00fchere SPD-Vorsitzende Matthias Platzeck\u00a0hat seine Reisen nach Moskau w\u00e4hrend des russischen Angriffskriegs gegen die Ukraine gerechtfertigt.\u00a0Vermutungen, dass es bei den Treffen auch um die\" \/>\n<meta name=\"robots\" content=\"noindex, follow, max-snippet:-1, max-image-preview:large, max-video-preview:-1\" \/>\n<meta property=\"og:locale\" content=\"de_DE\" \/>\n<meta property=\"og:type\" content=\"article\" \/>\n<meta property=\"og:title\" content=\"Fr\u00fcherer SPD-Chef Platzeck verteidigt Reisen nach Moskau - vof-news.eu\" \/>\n<meta property=\"og:description\" content=\"Der fr\u00fchere SPD-Vorsitzende Matthias Platzeck\u00a0hat seine Reisen nach Moskau w\u00e4hrend des russischen Angriffskriegs gegen die Ukraine gerechtfertigt.\u00a0Vermutungen, dass es bei den Treffen auch um die\" \/>\n<meta property=\"og:url\" content=\"https:\/\/vof-news.eu\/de\/fruherer-spd-chef-platzeck-verteidigt-reisen-nach-moskau\/\" \/>\n<meta property=\"og:site_name\" content=\"vof-news.eu\" \/>\n<meta property=\"article:published_time\" content=\"2025-07-19T18:29:07+00:00\" \/>\n<meta property=\"article:modified_time\" content=\"2025-07-19T18:30:19+00:00\" \/>\n<meta property=\"og:image\" content=\"https:\/\/vof-news.eu\/wp-content\/uploads\/2025\/07\/wide__1000x562-68.jpg\" \/>\n\t<meta property=\"og:image:width\" content=\"1000\" \/>\n\t<meta property=\"og:image:height\" content=\"562\" \/>\n\t<meta property=\"og:image:type\" content=\"image\/jpeg\" \/>\n<meta name=\"author\" content=\"Author\" \/>\n<meta name=\"twitter:card\" content=\"summary_large_image\" \/>\n<meta name=\"twitter:label1\" content=\"Verfasst von\" \/>\n\t<meta name=\"twitter:data1\" content=\"Author\" \/>\n\t<meta name=\"twitter:label2\" content=\"Gesch\u00e4tzte Lesezeit\" \/>\n\t<meta name=\"twitter:data2\" content=\"2\u00a0Minuten\" \/>\n<script type=\"application\/ld+json\" class=\"yoast-schema-graph\">{\"@context\":\"https:\/\/schema.org\",\"@graph\":[{\"@type\":\"WebPage\",\"@id\":\"https:\/\/vof-news.eu\/de\/fruherer-spd-chef-platzeck-verteidigt-reisen-nach-moskau\/\",\"url\":\"https:\/\/vof-news.eu\/de\/fruherer-spd-chef-platzeck-verteidigt-reisen-nach-moskau\/\",\"name\":\"Fr\u00fcherer SPD-Chef Platzeck verteidigt Reisen nach Moskau - vof-news.eu\",\"isPartOf\":{\"@id\":\"https:\/\/vof-news.eu\/de\/#website\"},\"primaryImageOfPage\":{\"@id\":\"https:\/\/vof-news.eu\/de\/fruherer-spd-chef-platzeck-verteidigt-reisen-nach-moskau\/#primaryimage\"},\"image\":{\"@id\":\"https:\/\/vof-news.eu\/de\/fruherer-spd-chef-platzeck-verteidigt-reisen-nach-moskau\/#primaryimage\"},\"thumbnailUrl\":\"https:\/\/vof-news.eu\/wp-content\/uploads\/2025\/07\/wide__1000x562-68.jpg\",\"datePublished\":\"2025-07-19T18:29:07+00:00\",\"dateModified\":\"2025-07-19T18:30:19+00:00\",\"author\":{\"@id\":\"https:\/\/vof-news.eu\/de\/#\/schema\/person\/f6a2a4309f0561835797fd8c19b333ed\"},\"description\":\"Der fr\u00fchere SPD-Vorsitzende Matthias Platzeck\u00a0hat seine Reisen nach Moskau w\u00e4hrend des russischen Angriffskriegs gegen die Ukraine gerechtfertigt.\u00a0Vermutungen, dass es bei den Treffen auch um die\",\"breadcrumb\":{\"@id\":\"https:\/\/vof-news.eu\/de\/fruherer-spd-chef-platzeck-verteidigt-reisen-nach-moskau\/#breadcrumb\"},\"inLanguage\":\"de\",\"potentialAction\":[{\"@type\":\"ReadAction\",\"target\":[\"https:\/\/vof-news.eu\/de\/fruherer-spd-chef-platzeck-verteidigt-reisen-nach-moskau\/\"]}]},{\"@type\":\"ImageObject\",\"inLanguage\":\"de\",\"@id\":\"https:\/\/vof-news.eu\/de\/fruherer-spd-chef-platzeck-verteidigt-reisen-nach-moskau\/#primaryimage\",\"url\":\"https:\/\/vof-news.eu\/wp-content\/uploads\/2025\/07\/wide__1000x562-68.jpg\",\"contentUrl\":\"https:\/\/vof-news.eu\/wp-content\/uploads\/2025\/07\/wide__1000x562-68.jpg\",\"width\":1000,\"height\":562},{\"@type\":\"BreadcrumbList\",\"@id\":\"https:\/\/vof-news.eu\/de\/fruherer-spd-chef-platzeck-verteidigt-reisen-nach-moskau\/#breadcrumb\",\"itemListElement\":[{\"@type\":\"ListItem\",\"position\":1,\"name\":\"Home\",\"item\":\"https:\/\/vof-news.eu\/de\/\"},{\"@type\":\"ListItem\",\"position\":2,\"name\":\"Fr\u00fcherer SPD-Chef Platzeck verteidigt Reisen nach Moskau\"}]},{\"@type\":\"WebSite\",\"@id\":\"https:\/\/vof-news.eu\/de\/#website\",\"url\":\"https:\/\/vof-news.eu\/de\/\",\"name\":\"vof-news.eu\",\"description\":\"\",\"potentialAction\":[{\"@type\":\"SearchAction\",\"target\":{\"@type\":\"EntryPoint\",\"urlTemplate\":\"https:\/\/vof-news.eu\/de\/?s={search_term_string}\"},\"query-input\":\"required name=search_term_string\"}],\"inLanguage\":\"de\"},{\"@type\":\"Person\",\"@id\":\"https:\/\/vof-news.eu\/de\/#\/schema\/person\/f6a2a4309f0561835797fd8c19b333ed\",\"name\":\"Author\",\"image\":{\"@type\":\"ImageObject\",\"inLanguage\":\"de\",\"@id\":\"https:\/\/vof-news.eu\/de\/#\/schema\/person\/image\/\",\"url\":\"https:\/\/secure.gravatar.com\/avatar\/b67e614b1b25b3e9c0c239efdd2fde5ab015b5affd6f1c3c85911ca4b384e790?s=96&d=mm&r=g\",\"contentUrl\":\"https:\/\/secure.gravatar.com\/avatar\/b67e614b1b25b3e9c0c239efdd2fde5ab015b5affd6f1c3c85911ca4b384e790?s=96&d=mm&r=g\",\"caption\":\"Author\"},\"sameAs\":[\"http:\/\/vof-news.eu\"],\"url\":\"https:\/\/vof-news.eu\/de\/author\/zwt6qxnjulxbnyg\/\"}]}<\/script>\n<!-- \/ Yoast SEO plugin. -->","yoast_head_json":{"title":"Fr\u00fcherer SPD-Chef Platzeck verteidigt Reisen nach Moskau - vof-news.eu","description":"Der fr\u00fchere SPD-Vorsitzende Matthias Platzeck\u00a0hat seine Reisen nach Moskau w\u00e4hrend des russischen Angriffskriegs gegen die Ukraine gerechtfertigt.\u00a0Vermutungen, dass es bei den Treffen auch um die","robots":{"index":"noindex","follow":"follow","max-snippet":"max-snippet:-1","max-image-preview":"max-image-preview:large","max-video-preview":"max-video-preview:-1"},"og_locale":"de_DE","og_type":"article","og_title":"Fr\u00fcherer SPD-Chef Platzeck verteidigt Reisen nach Moskau - vof-news.eu","og_description":"Der fr\u00fchere SPD-Vorsitzende Matthias Platzeck\u00a0hat seine Reisen nach Moskau w\u00e4hrend des russischen Angriffskriegs gegen die Ukraine gerechtfertigt.\u00a0Vermutungen, dass es bei den Treffen auch um die","og_url":"https:\/\/vof-news.eu\/de\/fruherer-spd-chef-platzeck-verteidigt-reisen-nach-moskau\/","og_site_name":"vof-news.eu","article_published_time":"2025-07-19T18:29:07+00:00","article_modified_time":"2025-07-19T18:30:19+00:00","og_image":[{"width":1000,"height":562,"url":"https:\/\/vof-news.eu\/wp-content\/uploads\/2025\/07\/wide__1000x562-68.jpg","type":"image\/jpeg"}],"author":"Author","twitter_card":"summary_large_image","twitter_misc":{"Verfasst von":"Author","Gesch\u00e4tzte Lesezeit":"2\u00a0Minuten"},"schema":{"@context":"https:\/\/schema.org","@graph":[{"@type":"WebPage","@id":"https:\/\/vof-news.eu\/de\/fruherer-spd-chef-platzeck-verteidigt-reisen-nach-moskau\/","url":"https:\/\/vof-news.eu\/de\/fruherer-spd-chef-platzeck-verteidigt-reisen-nach-moskau\/","name":"Fr\u00fcherer SPD-Chef Platzeck verteidigt Reisen nach Moskau - vof-news.eu","isPartOf":{"@id":"https:\/\/vof-news.eu\/de\/#website"},"primaryImageOfPage":{"@id":"https:\/\/vof-news.eu\/de\/fruherer-spd-chef-platzeck-verteidigt-reisen-nach-moskau\/#primaryimage"},"image":{"@id":"https:\/\/vof-news.eu\/de\/fruherer-spd-chef-platzeck-verteidigt-reisen-nach-moskau\/#primaryimage"},"thumbnailUrl":"https:\/\/vof-news.eu\/wp-content\/uploads\/2025\/07\/wide__1000x562-68.jpg","datePublished":"2025-07-19T18:29:07+00:00","dateModified":"2025-07-19T18:30:19+00:00","author":{"@id":"https:\/\/vof-news.eu\/de\/#\/schema\/person\/f6a2a4309f0561835797fd8c19b333ed"},"description":"Der fr\u00fchere SPD-Vorsitzende Matthias Platzeck\u00a0hat seine Reisen nach Moskau w\u00e4hrend des russischen Angriffskriegs gegen die Ukraine gerechtfertigt.\u00a0Vermutungen, dass es bei den Treffen auch um die","breadcrumb":{"@id":"https:\/\/vof-news.eu\/de\/fruherer-spd-chef-platzeck-verteidigt-reisen-nach-moskau\/#breadcrumb"},"inLanguage":"de","potentialAction":[{"@type":"ReadAction","target":["https:\/\/vof-news.eu\/de\/fruherer-spd-chef-platzeck-verteidigt-reisen-nach-moskau\/"]}]},{"@type":"ImageObject","inLanguage":"de","@id":"https:\/\/vof-news.eu\/de\/fruherer-spd-chef-platzeck-verteidigt-reisen-nach-moskau\/#primaryimage","url":"https:\/\/vof-news.eu\/wp-content\/uploads\/2025\/07\/wide__1000x562-68.jpg","contentUrl":"https:\/\/vof-news.eu\/wp-content\/uploads\/2025\/07\/wide__1000x562-68.jpg","width":1000,"height":562},{"@type":"BreadcrumbList","@id":"https:\/\/vof-news.eu\/de\/fruherer-spd-chef-platzeck-verteidigt-reisen-nach-moskau\/#breadcrumb","itemListElement":[{"@type":"ListItem","position":1,"name":"Home","item":"https:\/\/vof-news.eu\/de\/"},{"@type":"ListItem","position":2,"name":"Fr\u00fcherer SPD-Chef Platzeck verteidigt Reisen nach Moskau"}]},{"@type":"WebSite","@id":"https:\/\/vof-news.eu\/de\/#website","url":"https:\/\/vof-news.eu\/de\/","name":"vof-news.eu","description":"","potentialAction":[{"@type":"SearchAction","target":{"@type":"EntryPoint","urlTemplate":"https:\/\/vof-news.eu\/de\/?s={search_term_string}"},"query-input":"required name=search_term_string"}],"inLanguage":"de"},{"@type":"Person","@id":"https:\/\/vof-news.eu\/de\/#\/schema\/person\/f6a2a4309f0561835797fd8c19b333ed","name":"Author","image":{"@type":"ImageObject","inLanguage":"de","@id":"https:\/\/vof-news.eu\/de\/#\/schema\/person\/image\/","url":"https:\/\/secure.gravatar.com\/avatar\/b67e614b1b25b3e9c0c239efdd2fde5ab015b5affd6f1c3c85911ca4b384e790?s=96&d=mm&r=g","contentUrl":"https:\/\/secure.gravatar.com\/avatar\/b67e614b1b25b3e9c0c239efdd2fde5ab015b5affd6f1c3c85911ca4b384e790?s=96&d=mm&r=g","caption":"Author"},"sameAs":["http:\/\/vof-news.eu"],"url":"https:\/\/vof-news.eu\/de\/author\/zwt6qxnjulxbnyg\/"}]}},"yoast_meta":{"yoast_wpseo_title":"","yoast_wpseo_metadesc":"","yoast_wpseo_canonical":""},"_links":{"self":[{"href":"https:\/\/vof-news.eu\/de\/wp-json\/wp\/v2\/posts\/256621","targetHints":{"allow":["GET"]}}],"collection":[{"href":"https:\/\/vof-news.eu\/de\/wp-json\/wp\/v2\/posts"}],"about":[{"href":"https:\/\/vof-news.eu\/de\/wp-json\/wp\/v2\/types\/post"}],"author":[{"embeddable":true,"href":"https:\/\/vof-news.eu\/de\/wp-json\/wp\/v2\/users\/1"}],"replies":[{"embeddable":true,"href":"https:\/\/vof-news.eu\/de\/wp-json\/wp\/v2\/comments?post=256621"}],"version-history":[{"count":1,"href":"https:\/\/vof-news.eu\/de\/wp-json\/wp\/v2\/posts\/256621\/revisions"}],"predecessor-version":[{"id":256628,"href":"https:\/\/vof-news.eu\/de\/wp-json\/wp\/v2\/posts\/256621\/revisions\/256628"}],"wp:featuredmedia":[{"embeddable":true,"href":"https:\/\/vof-news.eu\/de\/wp-json\/wp\/v2\/media\/256622"}],"wp:attachment":[{"href":"https:\/\/vof-news.eu\/de\/wp-json\/wp\/v2\/media?parent=256621"}],"wp:term":[{"taxonomy":"category","embeddable":true,"href":"https:\/\/vof-news.eu\/de\/wp-json\/wp\/v2\/categories?post=256621"},{"taxonomy":"post_tag","embeddable":true,"href":"https:\/\/vof-news.eu\/de\/wp-json\/wp\/v2\/tags?post=256621"}],"curies":[{"name":"wp","href":"https:\/\/api.w.org\/{rel}","templated":true}]}}