{"id":256391,"date":"2025-07-19T03:26:05","date_gmt":"2025-07-19T00:26:05","guid":{"rendered":"https:\/\/vof-news.eu\/bahnchef-droht-mit-kurzungen-des-angebots-wenn-der-staat-nicht-mehr-geld-gibt\/"},"modified":"2025-07-19T03:26:23","modified_gmt":"2025-07-19T00:26:23","slug":"bahnchef-droht-mit-kurzungen-des-angebots-wenn-der-staat-nicht-mehr-geld-gibt","status":"publish","type":"post","link":"https:\/\/vof-news.eu\/de\/bahnchef-droht-mit-kurzungen-des-angebots-wenn-der-staat-nicht-mehr-geld-gibt\/","title":{"rendered":"Bahnchef droht mit K\u00fcrzungen des Angebots \u2013 wenn der Staat nicht mehr Geld gibt"},"content":{"rendered":"<p>Bahnchef Richard Lutz droht mit Einschnitten im Bahnangebot, falls eine Trassenpreisreform nicht kommt. \u201eDie Trassenpreise sind in den letzten Jahren im Fernverkehr und im G\u00fcterverkehr \u00fcberproportional gestiegen, alleine in diesem Jahr zwischen 15 und 20 Prozent\u201c, sagte Lutz im Gespr\u00e4ch mit WELT AM SONNTAG. <\/p>\n<p>\u201eDiese Unwucht muss durch eine Reform bereinigt werden.\u201c So stehe es auch im Koalitionsvertrag. Ein Ausgleich der steigenden Kosten durch h\u00f6here Ticketpreise mache keinen Sinn, \u201eweil wir dann zu viel Menge verlieren\u201c und Umsatz und Ergebnis s\u00e4nken. \u201eDeshalb w\u00fcrde es in einem solchen Szenario vor allem um Angebotsreduzierungen gehen, um die notwendigen Kosteneinsparungen zu realisieren.\u201c <\/p>\n<p>Wenn die politischen Rahmenbedingungen es nicht herg\u00e4ben, \u201em\u00fcssen wir uns in den marktwirtschaftlich und wettbewerblich organisierten M\u00e4rkten auf jene Verkehre beschr\u00e4nken, die eigenwirtschaftlich darstellbar sind.\u201c<\/p>\n<p>Trotz der geplanten Investitionen von \u00fcber 100 Milliarden Euro bis 2029 sieht Lutz gravierende Finanzierungsl\u00fccken ab 2027: \u201eGegen\u00fcber dem Bedarf, den wir ja gemeinsam mit dem Ministerium erarbeitet und abgestimmt haben, gibt es ab 2027 noch Finanzierungsl\u00fccken, die wir hoffentlich in den n\u00e4chsten Monaten und Jahren noch schlie\u00dfen k\u00f6nnen.\u201c Die Eisenbahn in Deutschland sei in einer strukturellen Krise, so Lutz: \u201eSie ist vielerorts veraltet, st\u00f6ranf\u00e4llig und \u00fcberlastet.\u201c Die P\u00fcnktlichkeit sei sowohl im Personen- als auch im G\u00fcterverkehr \u00fcberhaupt nicht zufriedenstellend, und viele Kunden empf\u00e4nden die Zuverl\u00e4ssigkeit zu Recht als kritisch.<\/p>\n<p>Zu ausbleibenden personellen Konsequenzen im Vorstand angesichts des schlechten Zustands des Bahnkonzerns sagte Lutz: \u201eNat\u00fcrlich m\u00fcssen wir uns als Vorstand an unseren Ergebnissen messen lassen.\u201c Zwar gebe es Fortschritte bei Fahrzeugverf\u00fcgbarkeit und Personalengp\u00e4ssen, doch r\u00e4umt er ein: \u201eBeim Thema P\u00fcnktlichkeit, vor allem im Fernverkehr, haben wir unsere eigenen Anspr\u00fcche aber nicht erreicht.\u201c Die Ursachen sieht Lutz haupts\u00e4chlich in einer \u00fcber Jahrzehnte unterfinanzierten Infrastruktur.<\/p>\n<p>Auf die Frage, ob er selbst um seinen Posten f\u00fcrchte, antwortete der Bahnchef: \u201eIch verschwende keine Zeit damit, \u00fcber meinen eigenen Job und meine eigene Zukunft zu spekulieren. Ich habe eine Verantwortung, und die nehme ich wahr. Jeden Tag.\u201c Entscheidend sei, dass die Bahn die strukturellen Probleme aktiv angehe.<\/p>\n","protected":false},"excerpt":{"rendered":"<p>Bahnchef Richard Lutz droht mit Einschnitten im Bahnangebot, falls eine Trassenpreisreform nicht kommt. \u201eDie Trassenpreise sind in den letzten Jahren im Fernverkehr und im G\u00fcterverkehr \u00fcberproportional gestiegen, alleine in diesem Jahr zwischen 15 und 20 Prozent\u201c, sagte Lutz im Gespr\u00e4ch mit WELT AM SONNTAG. \u201eDiese Unwucht muss durch eine Reform bereinigt werden.\u201c So stehe es<\/p>\n","protected":false},"author":1,"featured_media":256392,"comment_status":"open","ping_status":"open","sticky":false,"template":"","format":"standard","meta":{"footnotes":""},"categories":[59],"tags":[],"class_list":["post-256391","post","type-post","status-publish","format-standard","has-post-thumbnail","hentry","category-business-de"],"acf":[],"yoast_head":"<!-- This site is optimized with the Yoast SEO plugin v22.9 - https:\/\/yoast.com\/wordpress\/plugins\/seo\/ -->\n<title>Bahnchef droht mit K\u00fcrzungen des Angebots \u2013 wenn der Staat nicht mehr Geld gibt - vof-news.eu<\/title>\n<meta name=\"description\" content=\"Bahnchef Richard Lutz droht mit Einschnitten im Bahnangebot, falls eine Trassenpreisreform nicht kommt. \u201eDie Trassenpreise sind in den letzten Jahren im Fernverkehr und im G\u00fcterverkehr \u00fcberproportional gestiegen, alleine in diesem Jahr zwischen 15 und 20 Prozent\u201c, sagte Lutz im Gespr\u00e4ch mit WELT AM SONNTAG. \u201eDiese Unwucht muss durch eine Reform bereinigt werden.\u201c So stehe es auch im Koalitionsvertrag. Ein Ausgleich der steigenden Kosten durch h\u00f6here Ticketpreise mache keinen Sinn, \u201eweil wir dann zu viel Menge verlieren\u201c und Umsatz und Ergebnis s\u00e4nken. \u201eDeshalb w\u00fcrde es in einem solchen Szenario vor allem um Angebotsreduzierungen gehen, um die notwendigen Kosteneinsparungen zu realisieren.\u201c Wenn die politischen Rahmenbedingungen es nicht herg\u00e4ben, \u201em\u00fcssen wir uns in den marktwirtschaftlich und wettbewerblich organisierten M\u00e4rkten auf jene Verkehre beschr\u00e4nken, die eigenwirtschaftlich darstellbar sind.\u201cTrotz der geplanten Investitionen von \u00fcber 100 Milliarden Euro bis 2029 sieht Lutz gravierende Finanzierungsl\u00fccken ab 2027: \u201eGegen\u00fcber dem Bedarf, den wir ja gemeinsam mit dem Ministerium erarbeitet und abgestimmt haben, gibt es ab 2027 noch Finanzierungsl\u00fccken, die wir hoffentlich in den n\u00e4chsten Monaten und Jahren noch schlie\u00dfen k\u00f6nnen.\u201c Die Eisenbahn in Deutschland sei in einer strukturellen Krise, so Lutz: \u201eSie ist vielerorts veraltet, st\u00f6ranf\u00e4llig und \u00fcberlastet.\u201c Die P\u00fcnktlichkeit sei sowohl im Personen- als auch im G\u00fcterverkehr \u00fcberhaupt nicht zufriedenstellend, und viele Kunden empf\u00e4nden die Zuverl\u00e4ssigkeit zu Recht als kritisch.Zu ausbleibenden personellen Konsequenzen im Vorstand angesichts des schlechten Zustands des Bahnkonzerns sagte Lutz: \u201eNat\u00fcrlich m\u00fcssen wir uns als Vorstand an unseren Ergebnissen messen lassen.\u201c Zwar gebe es Fortschritte bei Fahrzeugverf\u00fcgbarkeit und Personalengp\u00e4ssen, doch r\u00e4umt er ein: \u201eBeim Thema P\u00fcnktlichkeit, vor allem im Fernverkehr, haben wir unsere eigenen Anspr\u00fcche aber nicht erreicht.\u201c Die Ursachen sieht Lutz haupts\u00e4chlich in einer \u00fcber Jahrzehnte unterfinanzierten Infrastruktur.Auf die Frage, ob er selbst um seinen Posten f\u00fcrchte, antwortete der Bahnchef: \u201eIch verschwende keine Zeit damit, \u00fcber meinen eigenen Job und meine eigene Zukunft zu spekulieren. Ich habe eine Verantwortung, und die nehme ich wahr. Jeden Tag.\u201c Entscheidend sei, dass die Bahn die strukturellen Probleme aktiv angehe.\" \/>\n<meta name=\"robots\" content=\"noindex, follow, max-snippet:-1, max-image-preview:large, max-video-preview:-1\" \/>\n<meta property=\"og:locale\" content=\"de_DE\" \/>\n<meta property=\"og:type\" content=\"article\" \/>\n<meta property=\"og:title\" content=\"Bahnchef droht mit K\u00fcrzungen des Angebots \u2013 wenn der Staat nicht mehr Geld gibt - vof-news.eu\" \/>\n<meta property=\"og:description\" content=\"Bahnchef Richard Lutz droht mit Einschnitten im Bahnangebot, falls eine Trassenpreisreform nicht kommt. \u201eDie Trassenpreise sind in den letzten Jahren im Fernverkehr und im G\u00fcterverkehr \u00fcberproportional gestiegen, alleine in diesem Jahr zwischen 15 und 20 Prozent\u201c, sagte Lutz im Gespr\u00e4ch mit WELT AM SONNTAG. \u201eDiese Unwucht muss durch eine Reform bereinigt werden.\u201c So stehe es auch im Koalitionsvertrag. Ein Ausgleich der steigenden Kosten durch h\u00f6here Ticketpreise mache keinen Sinn, \u201eweil wir dann zu viel Menge verlieren\u201c und Umsatz und Ergebnis s\u00e4nken. \u201eDeshalb w\u00fcrde es in einem solchen Szenario vor allem um Angebotsreduzierungen gehen, um die notwendigen Kosteneinsparungen zu realisieren.\u201c Wenn die politischen Rahmenbedingungen es nicht herg\u00e4ben, \u201em\u00fcssen wir uns in den marktwirtschaftlich und wettbewerblich organisierten M\u00e4rkten auf jene Verkehre beschr\u00e4nken, die eigenwirtschaftlich darstellbar sind.\u201cTrotz der geplanten Investitionen von \u00fcber 100 Milliarden Euro bis 2029 sieht Lutz gravierende Finanzierungsl\u00fccken ab 2027: \u201eGegen\u00fcber dem Bedarf, den wir ja gemeinsam mit dem Ministerium erarbeitet und abgestimmt haben, gibt es ab 2027 noch Finanzierungsl\u00fccken, die wir hoffentlich in den n\u00e4chsten Monaten und Jahren noch schlie\u00dfen k\u00f6nnen.\u201c Die Eisenbahn in Deutschland sei in einer strukturellen Krise, so Lutz: \u201eSie ist vielerorts veraltet, st\u00f6ranf\u00e4llig und \u00fcberlastet.\u201c Die P\u00fcnktlichkeit sei sowohl im Personen- als auch im G\u00fcterverkehr \u00fcberhaupt nicht zufriedenstellend, und viele Kunden empf\u00e4nden die Zuverl\u00e4ssigkeit zu Recht als kritisch.Zu ausbleibenden personellen Konsequenzen im Vorstand angesichts des schlechten Zustands des Bahnkonzerns sagte Lutz: \u201eNat\u00fcrlich m\u00fcssen wir uns als Vorstand an unseren Ergebnissen messen lassen.\u201c Zwar gebe es Fortschritte bei Fahrzeugverf\u00fcgbarkeit und Personalengp\u00e4ssen, doch r\u00e4umt er ein: \u201eBeim Thema P\u00fcnktlichkeit, vor allem im Fernverkehr, haben wir unsere eigenen Anspr\u00fcche aber nicht erreicht.\u201c Die Ursachen sieht Lutz haupts\u00e4chlich in einer \u00fcber Jahrzehnte unterfinanzierten Infrastruktur.Auf die Frage, ob er selbst um seinen Posten f\u00fcrchte, antwortete der Bahnchef: \u201eIch verschwende keine Zeit damit, \u00fcber meinen eigenen Job und meine eigene Zukunft zu spekulieren. Ich habe eine Verantwortung, und die nehme ich wahr. Jeden Tag.\u201c Entscheidend sei, dass die Bahn die strukturellen Probleme aktiv angehe.\" \/>\n<meta property=\"og:url\" content=\"https:\/\/vof-news.eu\/de\/bahnchef-droht-mit-kurzungen-des-angebots-wenn-der-staat-nicht-mehr-geld-gibt\/\" \/>\n<meta property=\"og:site_name\" content=\"vof-news.eu\" \/>\n<meta property=\"article:published_time\" content=\"2025-07-19T00:26:05+00:00\" \/>\n<meta property=\"article:modified_time\" content=\"2025-07-19T00:26:23+00:00\" \/>\n<meta property=\"og:image\" content=\"https:\/\/vof-news.eu\/wp-content\/uploads\/2025\/07\/db-vorstandsvorsitzender-lutz.webp\" \/>\n\t<meta property=\"og:image:width\" content=\"1200\" \/>\n\t<meta property=\"og:image:height\" content=\"574\" \/>\n\t<meta property=\"og:image:type\" content=\"image\/webp\" \/>\n<meta name=\"author\" content=\"Author\" \/>\n<meta name=\"twitter:card\" content=\"summary_large_image\" \/>\n<meta name=\"twitter:label1\" content=\"Verfasst von\" \/>\n\t<meta name=\"twitter:data1\" content=\"Author\" \/>\n\t<meta name=\"twitter:label2\" content=\"Gesch\u00e4tzte Lesezeit\" \/>\n\t<meta name=\"twitter:data2\" content=\"2\u00a0Minuten\" \/>\n<script type=\"application\/ld+json\" class=\"yoast-schema-graph\">{\"@context\":\"https:\/\/schema.org\",\"@graph\":[{\"@type\":\"WebPage\",\"@id\":\"https:\/\/vof-news.eu\/de\/bahnchef-droht-mit-kurzungen-des-angebots-wenn-der-staat-nicht-mehr-geld-gibt\/\",\"url\":\"https:\/\/vof-news.eu\/de\/bahnchef-droht-mit-kurzungen-des-angebots-wenn-der-staat-nicht-mehr-geld-gibt\/\",\"name\":\"Bahnchef droht mit K\u00fcrzungen des Angebots \u2013 wenn der Staat nicht mehr Geld gibt - vof-news.eu\",\"isPartOf\":{\"@id\":\"https:\/\/vof-news.eu\/de\/#website\"},\"primaryImageOfPage\":{\"@id\":\"https:\/\/vof-news.eu\/de\/bahnchef-droht-mit-kurzungen-des-angebots-wenn-der-staat-nicht-mehr-geld-gibt\/#primaryimage\"},\"image\":{\"@id\":\"https:\/\/vof-news.eu\/de\/bahnchef-droht-mit-kurzungen-des-angebots-wenn-der-staat-nicht-mehr-geld-gibt\/#primaryimage\"},\"thumbnailUrl\":\"https:\/\/vof-news.eu\/wp-content\/uploads\/2025\/07\/db-vorstandsvorsitzender-lutz.webp\",\"datePublished\":\"2025-07-19T00:26:05+00:00\",\"dateModified\":\"2025-07-19T00:26:23+00:00\",\"author\":{\"@id\":\"https:\/\/vof-news.eu\/de\/#\/schema\/person\/f6a2a4309f0561835797fd8c19b333ed\"},\"description\":\"Bahnchef Richard Lutz droht mit Einschnitten im Bahnangebot, falls eine Trassenpreisreform nicht kommt. \u201eDie Trassenpreise sind in den letzten Jahren im Fernverkehr und im G\u00fcterverkehr \u00fcberproportional gestiegen, alleine in diesem Jahr zwischen 15 und 20 Prozent\u201c, sagte Lutz im Gespr\u00e4ch mit WELT AM SONNTAG. \u201eDiese Unwucht muss durch eine Reform bereinigt werden.\u201c So stehe es auch im Koalitionsvertrag. Ein Ausgleich der steigenden Kosten durch h\u00f6here Ticketpreise mache keinen Sinn, \u201eweil wir dann zu viel Menge verlieren\u201c und Umsatz und Ergebnis s\u00e4nken. \u201eDeshalb w\u00fcrde es in einem solchen Szenario vor allem um Angebotsreduzierungen gehen, um die notwendigen Kosteneinsparungen zu realisieren.\u201c Wenn die politischen Rahmenbedingungen es nicht herg\u00e4ben, \u201em\u00fcssen wir uns in den marktwirtschaftlich und wettbewerblich organisierten M\u00e4rkten auf jene Verkehre beschr\u00e4nken, die eigenwirtschaftlich darstellbar sind.\u201cTrotz der geplanten Investitionen von \u00fcber 100 Milliarden Euro bis 2029 sieht Lutz gravierende Finanzierungsl\u00fccken ab 2027: \u201eGegen\u00fcber dem Bedarf, den wir ja gemeinsam mit dem Ministerium erarbeitet und abgestimmt haben, gibt es ab 2027 noch Finanzierungsl\u00fccken, die wir hoffentlich in den n\u00e4chsten Monaten und Jahren noch schlie\u00dfen k\u00f6nnen.\u201c Die Eisenbahn in Deutschland sei in einer strukturellen Krise, so Lutz: \u201eSie ist vielerorts veraltet, st\u00f6ranf\u00e4llig und \u00fcberlastet.\u201c Die P\u00fcnktlichkeit sei sowohl im Personen- als auch im G\u00fcterverkehr \u00fcberhaupt nicht zufriedenstellend, und viele Kunden empf\u00e4nden die Zuverl\u00e4ssigkeit zu Recht als kritisch.Zu ausbleibenden personellen Konsequenzen im Vorstand angesichts des schlechten Zustands des Bahnkonzerns sagte Lutz: \u201eNat\u00fcrlich m\u00fcssen wir uns als Vorstand an unseren Ergebnissen messen lassen.\u201c Zwar gebe es Fortschritte bei Fahrzeugverf\u00fcgbarkeit und Personalengp\u00e4ssen, doch r\u00e4umt er ein: \u201eBeim Thema P\u00fcnktlichkeit, vor allem im Fernverkehr, haben wir unsere eigenen Anspr\u00fcche aber nicht erreicht.\u201c Die Ursachen sieht Lutz haupts\u00e4chlich in einer \u00fcber Jahrzehnte unterfinanzierten Infrastruktur.Auf die Frage, ob er selbst um seinen Posten f\u00fcrchte, antwortete der Bahnchef: \u201eIch verschwende keine Zeit damit, \u00fcber meinen eigenen Job und meine eigene Zukunft zu spekulieren. Ich habe eine Verantwortung, und die nehme ich wahr. Jeden Tag.\u201c Entscheidend sei, dass die Bahn die strukturellen Probleme aktiv angehe.\",\"breadcrumb\":{\"@id\":\"https:\/\/vof-news.eu\/de\/bahnchef-droht-mit-kurzungen-des-angebots-wenn-der-staat-nicht-mehr-geld-gibt\/#breadcrumb\"},\"inLanguage\":\"de\",\"potentialAction\":[{\"@type\":\"ReadAction\",\"target\":[\"https:\/\/vof-news.eu\/de\/bahnchef-droht-mit-kurzungen-des-angebots-wenn-der-staat-nicht-mehr-geld-gibt\/\"]}]},{\"@type\":\"ImageObject\",\"inLanguage\":\"de\",\"@id\":\"https:\/\/vof-news.eu\/de\/bahnchef-droht-mit-kurzungen-des-angebots-wenn-der-staat-nicht-mehr-geld-gibt\/#primaryimage\",\"url\":\"https:\/\/vof-news.eu\/wp-content\/uploads\/2025\/07\/db-vorstandsvorsitzender-lutz.webp\",\"contentUrl\":\"https:\/\/vof-news.eu\/wp-content\/uploads\/2025\/07\/db-vorstandsvorsitzender-lutz.webp\",\"width\":1200,\"height\":574},{\"@type\":\"BreadcrumbList\",\"@id\":\"https:\/\/vof-news.eu\/de\/bahnchef-droht-mit-kurzungen-des-angebots-wenn-der-staat-nicht-mehr-geld-gibt\/#breadcrumb\",\"itemListElement\":[{\"@type\":\"ListItem\",\"position\":1,\"name\":\"Home\",\"item\":\"https:\/\/vof-news.eu\/de\/\"},{\"@type\":\"ListItem\",\"position\":2,\"name\":\"Bahnchef droht mit K\u00fcrzungen des Angebots \u2013 wenn der Staat nicht mehr Geld gibt\"}]},{\"@type\":\"WebSite\",\"@id\":\"https:\/\/vof-news.eu\/de\/#website\",\"url\":\"https:\/\/vof-news.eu\/de\/\",\"name\":\"vof-news.eu\",\"description\":\"\",\"potentialAction\":[{\"@type\":\"SearchAction\",\"target\":{\"@type\":\"EntryPoint\",\"urlTemplate\":\"https:\/\/vof-news.eu\/de\/?s={search_term_string}\"},\"query-input\":\"required name=search_term_string\"}],\"inLanguage\":\"de\"},{\"@type\":\"Person\",\"@id\":\"https:\/\/vof-news.eu\/de\/#\/schema\/person\/f6a2a4309f0561835797fd8c19b333ed\",\"name\":\"Author\",\"image\":{\"@type\":\"ImageObject\",\"inLanguage\":\"de\",\"@id\":\"https:\/\/vof-news.eu\/de\/#\/schema\/person\/image\/\",\"url\":\"https:\/\/secure.gravatar.com\/avatar\/b67e614b1b25b3e9c0c239efdd2fde5ab015b5affd6f1c3c85911ca4b384e790?s=96&d=mm&r=g\",\"contentUrl\":\"https:\/\/secure.gravatar.com\/avatar\/b67e614b1b25b3e9c0c239efdd2fde5ab015b5affd6f1c3c85911ca4b384e790?s=96&d=mm&r=g\",\"caption\":\"Author\"},\"sameAs\":[\"http:\/\/vof-news.eu\"],\"url\":\"https:\/\/vof-news.eu\/de\/author\/zwt6qxnjulxbnyg\/\"}]}<\/script>\n<!-- \/ Yoast SEO plugin. -->","yoast_head_json":{"title":"Bahnchef droht mit K\u00fcrzungen des Angebots \u2013 wenn der Staat nicht mehr Geld gibt - vof-news.eu","description":"Bahnchef Richard Lutz droht mit Einschnitten im Bahnangebot, falls eine Trassenpreisreform nicht kommt. \u201eDie Trassenpreise sind in den letzten Jahren im Fernverkehr und im G\u00fcterverkehr \u00fcberproportional gestiegen, alleine in diesem Jahr zwischen 15 und 20 Prozent\u201c, sagte Lutz im Gespr\u00e4ch mit WELT AM SONNTAG. \u201eDiese Unwucht muss durch eine Reform bereinigt werden.\u201c So stehe es auch im Koalitionsvertrag. Ein Ausgleich der steigenden Kosten durch h\u00f6here Ticketpreise mache keinen Sinn, \u201eweil wir dann zu viel Menge verlieren\u201c und Umsatz und Ergebnis s\u00e4nken. \u201eDeshalb w\u00fcrde es in einem solchen Szenario vor allem um Angebotsreduzierungen gehen, um die notwendigen Kosteneinsparungen zu realisieren.\u201c Wenn die politischen Rahmenbedingungen es nicht herg\u00e4ben, \u201em\u00fcssen wir uns in den marktwirtschaftlich und wettbewerblich organisierten M\u00e4rkten auf jene Verkehre beschr\u00e4nken, die eigenwirtschaftlich darstellbar sind.\u201cTrotz der geplanten Investitionen von \u00fcber 100 Milliarden Euro bis 2029 sieht Lutz gravierende Finanzierungsl\u00fccken ab 2027: \u201eGegen\u00fcber dem Bedarf, den wir ja gemeinsam mit dem Ministerium erarbeitet und abgestimmt haben, gibt es ab 2027 noch Finanzierungsl\u00fccken, die wir hoffentlich in den n\u00e4chsten Monaten und Jahren noch schlie\u00dfen k\u00f6nnen.\u201c Die Eisenbahn in Deutschland sei in einer strukturellen Krise, so Lutz: \u201eSie ist vielerorts veraltet, st\u00f6ranf\u00e4llig und \u00fcberlastet.\u201c Die P\u00fcnktlichkeit sei sowohl im Personen- als auch im G\u00fcterverkehr \u00fcberhaupt nicht zufriedenstellend, und viele Kunden empf\u00e4nden die Zuverl\u00e4ssigkeit zu Recht als kritisch.Zu ausbleibenden personellen Konsequenzen im Vorstand angesichts des schlechten Zustands des Bahnkonzerns sagte Lutz: \u201eNat\u00fcrlich m\u00fcssen wir uns als Vorstand an unseren Ergebnissen messen lassen.\u201c Zwar gebe es Fortschritte bei Fahrzeugverf\u00fcgbarkeit und Personalengp\u00e4ssen, doch r\u00e4umt er ein: \u201eBeim Thema P\u00fcnktlichkeit, vor allem im Fernverkehr, haben wir unsere eigenen Anspr\u00fcche aber nicht erreicht.\u201c Die Ursachen sieht Lutz haupts\u00e4chlich in einer \u00fcber Jahrzehnte unterfinanzierten Infrastruktur.Auf die Frage, ob er selbst um seinen Posten f\u00fcrchte, antwortete der Bahnchef: \u201eIch verschwende keine Zeit damit, \u00fcber meinen eigenen Job und meine eigene Zukunft zu spekulieren. Ich habe eine Verantwortung, und die nehme ich wahr. Jeden Tag.\u201c Entscheidend sei, dass die Bahn die strukturellen Probleme aktiv angehe.","robots":{"index":"noindex","follow":"follow","max-snippet":"max-snippet:-1","max-image-preview":"max-image-preview:large","max-video-preview":"max-video-preview:-1"},"og_locale":"de_DE","og_type":"article","og_title":"Bahnchef droht mit K\u00fcrzungen des Angebots \u2013 wenn der Staat nicht mehr Geld gibt - vof-news.eu","og_description":"Bahnchef Richard Lutz droht mit Einschnitten im Bahnangebot, falls eine Trassenpreisreform nicht kommt. \u201eDie Trassenpreise sind in den letzten Jahren im Fernverkehr und im G\u00fcterverkehr \u00fcberproportional gestiegen, alleine in diesem Jahr zwischen 15 und 20 Prozent\u201c, sagte Lutz im Gespr\u00e4ch mit WELT AM SONNTAG. \u201eDiese Unwucht muss durch eine Reform bereinigt werden.\u201c So stehe es auch im Koalitionsvertrag. Ein Ausgleich der steigenden Kosten durch h\u00f6here Ticketpreise mache keinen Sinn, \u201eweil wir dann zu viel Menge verlieren\u201c und Umsatz und Ergebnis s\u00e4nken. \u201eDeshalb w\u00fcrde es in einem solchen Szenario vor allem um Angebotsreduzierungen gehen, um die notwendigen Kosteneinsparungen zu realisieren.\u201c Wenn die politischen Rahmenbedingungen es nicht herg\u00e4ben, \u201em\u00fcssen wir uns in den marktwirtschaftlich und wettbewerblich organisierten M\u00e4rkten auf jene Verkehre beschr\u00e4nken, die eigenwirtschaftlich darstellbar sind.\u201cTrotz der geplanten Investitionen von \u00fcber 100 Milliarden Euro bis 2029 sieht Lutz gravierende Finanzierungsl\u00fccken ab 2027: \u201eGegen\u00fcber dem Bedarf, den wir ja gemeinsam mit dem Ministerium erarbeitet und abgestimmt haben, gibt es ab 2027 noch Finanzierungsl\u00fccken, die wir hoffentlich in den n\u00e4chsten Monaten und Jahren noch schlie\u00dfen k\u00f6nnen.\u201c Die Eisenbahn in Deutschland sei in einer strukturellen Krise, so Lutz: \u201eSie ist vielerorts veraltet, st\u00f6ranf\u00e4llig und \u00fcberlastet.\u201c Die P\u00fcnktlichkeit sei sowohl im Personen- als auch im G\u00fcterverkehr \u00fcberhaupt nicht zufriedenstellend, und viele Kunden empf\u00e4nden die Zuverl\u00e4ssigkeit zu Recht als kritisch.Zu ausbleibenden personellen Konsequenzen im Vorstand angesichts des schlechten Zustands des Bahnkonzerns sagte Lutz: \u201eNat\u00fcrlich m\u00fcssen wir uns als Vorstand an unseren Ergebnissen messen lassen.\u201c Zwar gebe es Fortschritte bei Fahrzeugverf\u00fcgbarkeit und Personalengp\u00e4ssen, doch r\u00e4umt er ein: \u201eBeim Thema P\u00fcnktlichkeit, vor allem im Fernverkehr, haben wir unsere eigenen Anspr\u00fcche aber nicht erreicht.\u201c Die Ursachen sieht Lutz haupts\u00e4chlich in einer \u00fcber Jahrzehnte unterfinanzierten Infrastruktur.Auf die Frage, ob er selbst um seinen Posten f\u00fcrchte, antwortete der Bahnchef: \u201eIch verschwende keine Zeit damit, \u00fcber meinen eigenen Job und meine eigene Zukunft zu spekulieren. Ich habe eine Verantwortung, und die nehme ich wahr. Jeden Tag.\u201c Entscheidend sei, dass die Bahn die strukturellen Probleme aktiv angehe.","og_url":"https:\/\/vof-news.eu\/de\/bahnchef-droht-mit-kurzungen-des-angebots-wenn-der-staat-nicht-mehr-geld-gibt\/","og_site_name":"vof-news.eu","article_published_time":"2025-07-19T00:26:05+00:00","article_modified_time":"2025-07-19T00:26:23+00:00","og_image":[{"width":1200,"height":574,"url":"https:\/\/vof-news.eu\/wp-content\/uploads\/2025\/07\/db-vorstandsvorsitzender-lutz.webp","type":"image\/webp"}],"author":"Author","twitter_card":"summary_large_image","twitter_misc":{"Verfasst von":"Author","Gesch\u00e4tzte Lesezeit":"2\u00a0Minuten"},"schema":{"@context":"https:\/\/schema.org","@graph":[{"@type":"WebPage","@id":"https:\/\/vof-news.eu\/de\/bahnchef-droht-mit-kurzungen-des-angebots-wenn-der-staat-nicht-mehr-geld-gibt\/","url":"https:\/\/vof-news.eu\/de\/bahnchef-droht-mit-kurzungen-des-angebots-wenn-der-staat-nicht-mehr-geld-gibt\/","name":"Bahnchef droht mit K\u00fcrzungen des Angebots \u2013 wenn der Staat nicht mehr Geld gibt - vof-news.eu","isPartOf":{"@id":"https:\/\/vof-news.eu\/de\/#website"},"primaryImageOfPage":{"@id":"https:\/\/vof-news.eu\/de\/bahnchef-droht-mit-kurzungen-des-angebots-wenn-der-staat-nicht-mehr-geld-gibt\/#primaryimage"},"image":{"@id":"https:\/\/vof-news.eu\/de\/bahnchef-droht-mit-kurzungen-des-angebots-wenn-der-staat-nicht-mehr-geld-gibt\/#primaryimage"},"thumbnailUrl":"https:\/\/vof-news.eu\/wp-content\/uploads\/2025\/07\/db-vorstandsvorsitzender-lutz.webp","datePublished":"2025-07-19T00:26:05+00:00","dateModified":"2025-07-19T00:26:23+00:00","author":{"@id":"https:\/\/vof-news.eu\/de\/#\/schema\/person\/f6a2a4309f0561835797fd8c19b333ed"},"description":"Bahnchef Richard Lutz droht mit Einschnitten im Bahnangebot, falls eine Trassenpreisreform nicht kommt. \u201eDie Trassenpreise sind in den letzten Jahren im Fernverkehr und im G\u00fcterverkehr \u00fcberproportional gestiegen, alleine in diesem Jahr zwischen 15 und 20 Prozent\u201c, sagte Lutz im Gespr\u00e4ch mit WELT AM SONNTAG. \u201eDiese Unwucht muss durch eine Reform bereinigt werden.\u201c So stehe es auch im Koalitionsvertrag. Ein Ausgleich der steigenden Kosten durch h\u00f6here Ticketpreise mache keinen Sinn, \u201eweil wir dann zu viel Menge verlieren\u201c und Umsatz und Ergebnis s\u00e4nken. \u201eDeshalb w\u00fcrde es in einem solchen Szenario vor allem um Angebotsreduzierungen gehen, um die notwendigen Kosteneinsparungen zu realisieren.\u201c Wenn die politischen Rahmenbedingungen es nicht herg\u00e4ben, \u201em\u00fcssen wir uns in den marktwirtschaftlich und wettbewerblich organisierten M\u00e4rkten auf jene Verkehre beschr\u00e4nken, die eigenwirtschaftlich darstellbar sind.\u201cTrotz der geplanten Investitionen von \u00fcber 100 Milliarden Euro bis 2029 sieht Lutz gravierende Finanzierungsl\u00fccken ab 2027: \u201eGegen\u00fcber dem Bedarf, den wir ja gemeinsam mit dem Ministerium erarbeitet und abgestimmt haben, gibt es ab 2027 noch Finanzierungsl\u00fccken, die wir hoffentlich in den n\u00e4chsten Monaten und Jahren noch schlie\u00dfen k\u00f6nnen.\u201c Die Eisenbahn in Deutschland sei in einer strukturellen Krise, so Lutz: \u201eSie ist vielerorts veraltet, st\u00f6ranf\u00e4llig und \u00fcberlastet.\u201c Die P\u00fcnktlichkeit sei sowohl im Personen- als auch im G\u00fcterverkehr \u00fcberhaupt nicht zufriedenstellend, und viele Kunden empf\u00e4nden die Zuverl\u00e4ssigkeit zu Recht als kritisch.Zu ausbleibenden personellen Konsequenzen im Vorstand angesichts des schlechten Zustands des Bahnkonzerns sagte Lutz: \u201eNat\u00fcrlich m\u00fcssen wir uns als Vorstand an unseren Ergebnissen messen lassen.\u201c Zwar gebe es Fortschritte bei Fahrzeugverf\u00fcgbarkeit und Personalengp\u00e4ssen, doch r\u00e4umt er ein: \u201eBeim Thema P\u00fcnktlichkeit, vor allem im Fernverkehr, haben wir unsere eigenen Anspr\u00fcche aber nicht erreicht.\u201c Die Ursachen sieht Lutz haupts\u00e4chlich in einer \u00fcber Jahrzehnte unterfinanzierten Infrastruktur.Auf die Frage, ob er selbst um seinen Posten f\u00fcrchte, antwortete der Bahnchef: \u201eIch verschwende keine Zeit damit, \u00fcber meinen eigenen Job und meine eigene Zukunft zu spekulieren. Ich habe eine Verantwortung, und die nehme ich wahr. Jeden Tag.\u201c Entscheidend sei, dass die Bahn die strukturellen Probleme aktiv angehe.","breadcrumb":{"@id":"https:\/\/vof-news.eu\/de\/bahnchef-droht-mit-kurzungen-des-angebots-wenn-der-staat-nicht-mehr-geld-gibt\/#breadcrumb"},"inLanguage":"de","potentialAction":[{"@type":"ReadAction","target":["https:\/\/vof-news.eu\/de\/bahnchef-droht-mit-kurzungen-des-angebots-wenn-der-staat-nicht-mehr-geld-gibt\/"]}]},{"@type":"ImageObject","inLanguage":"de","@id":"https:\/\/vof-news.eu\/de\/bahnchef-droht-mit-kurzungen-des-angebots-wenn-der-staat-nicht-mehr-geld-gibt\/#primaryimage","url":"https:\/\/vof-news.eu\/wp-content\/uploads\/2025\/07\/db-vorstandsvorsitzender-lutz.webp","contentUrl":"https:\/\/vof-news.eu\/wp-content\/uploads\/2025\/07\/db-vorstandsvorsitzender-lutz.webp","width":1200,"height":574},{"@type":"BreadcrumbList","@id":"https:\/\/vof-news.eu\/de\/bahnchef-droht-mit-kurzungen-des-angebots-wenn-der-staat-nicht-mehr-geld-gibt\/#breadcrumb","itemListElement":[{"@type":"ListItem","position":1,"name":"Home","item":"https:\/\/vof-news.eu\/de\/"},{"@type":"ListItem","position":2,"name":"Bahnchef droht mit K\u00fcrzungen des Angebots \u2013 wenn der Staat nicht mehr Geld gibt"}]},{"@type":"WebSite","@id":"https:\/\/vof-news.eu\/de\/#website","url":"https:\/\/vof-news.eu\/de\/","name":"vof-news.eu","description":"","potentialAction":[{"@type":"SearchAction","target":{"@type":"EntryPoint","urlTemplate":"https:\/\/vof-news.eu\/de\/?s={search_term_string}"},"query-input":"required name=search_term_string"}],"inLanguage":"de"},{"@type":"Person","@id":"https:\/\/vof-news.eu\/de\/#\/schema\/person\/f6a2a4309f0561835797fd8c19b333ed","name":"Author","image":{"@type":"ImageObject","inLanguage":"de","@id":"https:\/\/vof-news.eu\/de\/#\/schema\/person\/image\/","url":"https:\/\/secure.gravatar.com\/avatar\/b67e614b1b25b3e9c0c239efdd2fde5ab015b5affd6f1c3c85911ca4b384e790?s=96&d=mm&r=g","contentUrl":"https:\/\/secure.gravatar.com\/avatar\/b67e614b1b25b3e9c0c239efdd2fde5ab015b5affd6f1c3c85911ca4b384e790?s=96&d=mm&r=g","caption":"Author"},"sameAs":["http:\/\/vof-news.eu"],"url":"https:\/\/vof-news.eu\/de\/author\/zwt6qxnjulxbnyg\/"}]}},"yoast_meta":{"yoast_wpseo_title":"","yoast_wpseo_metadesc":"","yoast_wpseo_canonical":""},"_links":{"self":[{"href":"https:\/\/vof-news.eu\/de\/wp-json\/wp\/v2\/posts\/256391","targetHints":{"allow":["GET"]}}],"collection":[{"href":"https:\/\/vof-news.eu\/de\/wp-json\/wp\/v2\/posts"}],"about":[{"href":"https:\/\/vof-news.eu\/de\/wp-json\/wp\/v2\/types\/post"}],"author":[{"embeddable":true,"href":"https:\/\/vof-news.eu\/de\/wp-json\/wp\/v2\/users\/1"}],"replies":[{"embeddable":true,"href":"https:\/\/vof-news.eu\/de\/wp-json\/wp\/v2\/comments?post=256391"}],"version-history":[{"count":1,"href":"https:\/\/vof-news.eu\/de\/wp-json\/wp\/v2\/posts\/256391\/revisions"}],"predecessor-version":[{"id":256398,"href":"https:\/\/vof-news.eu\/de\/wp-json\/wp\/v2\/posts\/256391\/revisions\/256398"}],"wp:featuredmedia":[{"embeddable":true,"href":"https:\/\/vof-news.eu\/de\/wp-json\/wp\/v2\/media\/256392"}],"wp:attachment":[{"href":"https:\/\/vof-news.eu\/de\/wp-json\/wp\/v2\/media?parent=256391"}],"wp:term":[{"taxonomy":"category","embeddable":true,"href":"https:\/\/vof-news.eu\/de\/wp-json\/wp\/v2\/categories?post=256391"},{"taxonomy":"post_tag","embeddable":true,"href":"https:\/\/vof-news.eu\/de\/wp-json\/wp\/v2\/tags?post=256391"}],"curies":[{"name":"wp","href":"https:\/\/api.w.org\/{rel}","templated":true}]}}