{"id":256327,"date":"2025-07-18T21:28:09","date_gmt":"2025-07-18T18:28:09","guid":{"rendered":"https:\/\/vof-news.eu\/fruherer-spd-vorsitzender-soll-mehrfach-nach-moskau-gereist-sein\/"},"modified":"2025-07-18T21:28:56","modified_gmt":"2025-07-18T18:28:56","slug":"fruherer-spd-vorsitzender-soll-mehrfach-nach-moskau-gereist-sein","status":"publish","type":"post","link":"https:\/\/vof-news.eu\/de\/fruherer-spd-vorsitzender-soll-mehrfach-nach-moskau-gereist-sein\/","title":{"rendered":"Fr\u00fcherer SPD-Vorsitzender soll mehrfach nach Moskau gereist sein"},"content":{"rendered":"<div>\n<p>Der ehemalige SPD-Vorsitzende und brandenburgische Ministerpr\u00e4sident<br \/>\n<span><a href=\"https:\/\/www.zeit.de\/thema\/matthias-platzeck\" rel=\"nofollow\">Matthias Platzeck<\/a><\/span> hat laut Medienberichten seit Februar 2022 mindestens neun Reisen nach Moskau unternommen. Das ergaben gemeinsame Recherchen des , der  und der russischen Oppositionsplattform .\n<\/p>\n<p>Die verschiedenen Reisen des SPD-Politikers lassen sich laut  aus\u00a0Ausz\u00fcgen des russischen Ein- und Ausreiseregisters sowie Flugbuchungsdaten nachvollziehen. Auch best\u00e4tigten Vertreter zweier europ\u00e4ischer Nachrichtendienste die regelm\u00e4\u00dfigen Reisen von Platzeck. Zuletzt soll der fr\u00fchere Parteivorsitzende im M\u00e4rz 2025 nach <span><a href=\"https:\/\/www.zeit.de\/thema\/russland\" rel=\"nofollow\">Russland<\/a><\/span> gereist sein.\n<\/p>\n<p>Zu den Vorw\u00fcrfen wollte sich der fr\u00fchere L\u00e4nderchef nicht n\u00e4her \u00e4u\u00dfern, berichtete der . Platzeck, der sein Amt als Ministerpr\u00e4sident von Brandenburg 2013 an\u00a0Dietmar Woidke (<span><a href=\"https:\/\/www.zeit.de\/thema\/spd\" rel=\"nofollow\">SPD<\/a><\/span>) \u00fcbergeben hat,\u00a0sei seit mehr als zehn Jahren Privatperson. &#8222;Sie erwarten also wohl nicht im Ernst, dass ich zu meinem Privatleben irgendetwas best\u00e4tige, dementiere oder sonst wie anmerke&#8220;, schrieb er auf Anfrage.\n<\/p>\n<\/p>\n<\/div>\n","protected":false},"excerpt":{"rendered":"<p>Der ehemalige SPD-Vorsitzende und brandenburgische Ministerpr\u00e4sident Matthias Platzeck hat laut Medienberichten seit Februar 2022 mindestens neun Reisen nach Moskau unternommen. Das ergaben gemeinsame Recherchen des , der und der russischen Oppositionsplattform . Die verschiedenen Reisen des SPD-Politikers lassen sich laut aus\u00a0Ausz\u00fcgen des russischen Ein- und Ausreiseregisters sowie Flugbuchungsdaten nachvollziehen. Auch best\u00e4tigten Vertreter zweier europ\u00e4ischer Nachrichtendienste<\/p>\n","protected":false},"author":1,"featured_media":256328,"comment_status":"open","ping_status":"open","sticky":false,"template":"","format":"standard","meta":{"footnotes":""},"categories":[116],"tags":[],"class_list":["post-256327","post","type-post","status-publish","format-standard","has-post-thumbnail","hentry","category-war-chronicles-de"],"acf":[],"yoast_head":"<!-- This site is optimized with the Yoast SEO plugin v22.9 - https:\/\/yoast.com\/wordpress\/plugins\/seo\/ -->\n<title>Fr\u00fcherer SPD-Vorsitzender soll mehrfach nach Moskau gereist sein - vof-news.eu<\/title>\n<meta name=\"description\" content=\"Der ehemalige SPD-Vorsitzende und brandenburgische Ministerpr\u00e4sident\" \/>\n<meta name=\"robots\" content=\"noindex, follow, max-snippet:-1, max-image-preview:large, max-video-preview:-1\" \/>\n<meta property=\"og:locale\" content=\"de_DE\" \/>\n<meta property=\"og:type\" content=\"article\" \/>\n<meta property=\"og:title\" content=\"Fr\u00fcherer SPD-Vorsitzender soll mehrfach nach Moskau gereist sein - vof-news.eu\" \/>\n<meta property=\"og:description\" content=\"Der ehemalige SPD-Vorsitzende und brandenburgische Ministerpr\u00e4sident\" \/>\n<meta property=\"og:url\" content=\"https:\/\/vof-news.eu\/de\/fruherer-spd-vorsitzender-soll-mehrfach-nach-moskau-gereist-sein\/\" \/>\n<meta property=\"og:site_name\" content=\"vof-news.eu\" \/>\n<meta property=\"article:published_time\" content=\"2025-07-18T18:28:09+00:00\" \/>\n<meta property=\"article:modified_time\" content=\"2025-07-18T18:28:56+00:00\" \/>\n<meta property=\"og:image\" content=\"https:\/\/vof-news.eu\/wp-content\/uploads\/2025\/07\/wide__1000x562-62.jpg\" \/>\n\t<meta property=\"og:image:width\" content=\"1000\" \/>\n\t<meta property=\"og:image:height\" content=\"562\" \/>\n\t<meta property=\"og:image:type\" content=\"image\/jpeg\" \/>\n<meta name=\"author\" content=\"Author\" \/>\n<meta name=\"twitter:card\" content=\"summary_large_image\" \/>\n<meta name=\"twitter:label1\" content=\"Verfasst von\" \/>\n\t<meta name=\"twitter:data1\" content=\"Author\" \/>\n\t<meta name=\"twitter:label2\" content=\"Gesch\u00e4tzte Lesezeit\" \/>\n\t<meta name=\"twitter:data2\" content=\"1\u00a0Minute\" \/>\n<script type=\"application\/ld+json\" class=\"yoast-schema-graph\">{\"@context\":\"https:\/\/schema.org\",\"@graph\":[{\"@type\":\"WebPage\",\"@id\":\"https:\/\/vof-news.eu\/de\/fruherer-spd-vorsitzender-soll-mehrfach-nach-moskau-gereist-sein\/\",\"url\":\"https:\/\/vof-news.eu\/de\/fruherer-spd-vorsitzender-soll-mehrfach-nach-moskau-gereist-sein\/\",\"name\":\"Fr\u00fcherer SPD-Vorsitzender soll mehrfach nach Moskau gereist sein - vof-news.eu\",\"isPartOf\":{\"@id\":\"https:\/\/vof-news.eu\/de\/#website\"},\"primaryImageOfPage\":{\"@id\":\"https:\/\/vof-news.eu\/de\/fruherer-spd-vorsitzender-soll-mehrfach-nach-moskau-gereist-sein\/#primaryimage\"},\"image\":{\"@id\":\"https:\/\/vof-news.eu\/de\/fruherer-spd-vorsitzender-soll-mehrfach-nach-moskau-gereist-sein\/#primaryimage\"},\"thumbnailUrl\":\"https:\/\/vof-news.eu\/wp-content\/uploads\/2025\/07\/wide__1000x562-62.jpg\",\"datePublished\":\"2025-07-18T18:28:09+00:00\",\"dateModified\":\"2025-07-18T18:28:56+00:00\",\"author\":{\"@id\":\"https:\/\/vof-news.eu\/de\/#\/schema\/person\/f6a2a4309f0561835797fd8c19b333ed\"},\"description\":\"Der ehemalige SPD-Vorsitzende und brandenburgische Ministerpr\u00e4sident\",\"breadcrumb\":{\"@id\":\"https:\/\/vof-news.eu\/de\/fruherer-spd-vorsitzender-soll-mehrfach-nach-moskau-gereist-sein\/#breadcrumb\"},\"inLanguage\":\"de\",\"potentialAction\":[{\"@type\":\"ReadAction\",\"target\":[\"https:\/\/vof-news.eu\/de\/fruherer-spd-vorsitzender-soll-mehrfach-nach-moskau-gereist-sein\/\"]}]},{\"@type\":\"ImageObject\",\"inLanguage\":\"de\",\"@id\":\"https:\/\/vof-news.eu\/de\/fruherer-spd-vorsitzender-soll-mehrfach-nach-moskau-gereist-sein\/#primaryimage\",\"url\":\"https:\/\/vof-news.eu\/wp-content\/uploads\/2025\/07\/wide__1000x562-62.jpg\",\"contentUrl\":\"https:\/\/vof-news.eu\/wp-content\/uploads\/2025\/07\/wide__1000x562-62.jpg\",\"width\":1000,\"height\":562},{\"@type\":\"BreadcrumbList\",\"@id\":\"https:\/\/vof-news.eu\/de\/fruherer-spd-vorsitzender-soll-mehrfach-nach-moskau-gereist-sein\/#breadcrumb\",\"itemListElement\":[{\"@type\":\"ListItem\",\"position\":1,\"name\":\"Home\",\"item\":\"https:\/\/vof-news.eu\/de\/\"},{\"@type\":\"ListItem\",\"position\":2,\"name\":\"Fr\u00fcherer SPD-Vorsitzender soll mehrfach nach Moskau gereist sein\"}]},{\"@type\":\"WebSite\",\"@id\":\"https:\/\/vof-news.eu\/de\/#website\",\"url\":\"https:\/\/vof-news.eu\/de\/\",\"name\":\"vof-news.eu\",\"description\":\"\",\"potentialAction\":[{\"@type\":\"SearchAction\",\"target\":{\"@type\":\"EntryPoint\",\"urlTemplate\":\"https:\/\/vof-news.eu\/de\/?s={search_term_string}\"},\"query-input\":\"required name=search_term_string\"}],\"inLanguage\":\"de\"},{\"@type\":\"Person\",\"@id\":\"https:\/\/vof-news.eu\/de\/#\/schema\/person\/f6a2a4309f0561835797fd8c19b333ed\",\"name\":\"Author\",\"image\":{\"@type\":\"ImageObject\",\"inLanguage\":\"de\",\"@id\":\"https:\/\/vof-news.eu\/de\/#\/schema\/person\/image\/\",\"url\":\"https:\/\/secure.gravatar.com\/avatar\/b67e614b1b25b3e9c0c239efdd2fde5ab015b5affd6f1c3c85911ca4b384e790?s=96&d=mm&r=g\",\"contentUrl\":\"https:\/\/secure.gravatar.com\/avatar\/b67e614b1b25b3e9c0c239efdd2fde5ab015b5affd6f1c3c85911ca4b384e790?s=96&d=mm&r=g\",\"caption\":\"Author\"},\"sameAs\":[\"http:\/\/vof-news.eu\"],\"url\":\"https:\/\/vof-news.eu\/de\/author\/zwt6qxnjulxbnyg\/\"}]}<\/script>\n<!-- \/ Yoast SEO plugin. -->","yoast_head_json":{"title":"Fr\u00fcherer SPD-Vorsitzender soll mehrfach nach Moskau gereist sein - vof-news.eu","description":"Der ehemalige SPD-Vorsitzende und brandenburgische Ministerpr\u00e4sident","robots":{"index":"noindex","follow":"follow","max-snippet":"max-snippet:-1","max-image-preview":"max-image-preview:large","max-video-preview":"max-video-preview:-1"},"og_locale":"de_DE","og_type":"article","og_title":"Fr\u00fcherer SPD-Vorsitzender soll mehrfach nach Moskau gereist sein - vof-news.eu","og_description":"Der ehemalige SPD-Vorsitzende und brandenburgische Ministerpr\u00e4sident","og_url":"https:\/\/vof-news.eu\/de\/fruherer-spd-vorsitzender-soll-mehrfach-nach-moskau-gereist-sein\/","og_site_name":"vof-news.eu","article_published_time":"2025-07-18T18:28:09+00:00","article_modified_time":"2025-07-18T18:28:56+00:00","og_image":[{"width":1000,"height":562,"url":"https:\/\/vof-news.eu\/wp-content\/uploads\/2025\/07\/wide__1000x562-62.jpg","type":"image\/jpeg"}],"author":"Author","twitter_card":"summary_large_image","twitter_misc":{"Verfasst von":"Author","Gesch\u00e4tzte Lesezeit":"1\u00a0Minute"},"schema":{"@context":"https:\/\/schema.org","@graph":[{"@type":"WebPage","@id":"https:\/\/vof-news.eu\/de\/fruherer-spd-vorsitzender-soll-mehrfach-nach-moskau-gereist-sein\/","url":"https:\/\/vof-news.eu\/de\/fruherer-spd-vorsitzender-soll-mehrfach-nach-moskau-gereist-sein\/","name":"Fr\u00fcherer SPD-Vorsitzender soll mehrfach nach Moskau gereist sein - vof-news.eu","isPartOf":{"@id":"https:\/\/vof-news.eu\/de\/#website"},"primaryImageOfPage":{"@id":"https:\/\/vof-news.eu\/de\/fruherer-spd-vorsitzender-soll-mehrfach-nach-moskau-gereist-sein\/#primaryimage"},"image":{"@id":"https:\/\/vof-news.eu\/de\/fruherer-spd-vorsitzender-soll-mehrfach-nach-moskau-gereist-sein\/#primaryimage"},"thumbnailUrl":"https:\/\/vof-news.eu\/wp-content\/uploads\/2025\/07\/wide__1000x562-62.jpg","datePublished":"2025-07-18T18:28:09+00:00","dateModified":"2025-07-18T18:28:56+00:00","author":{"@id":"https:\/\/vof-news.eu\/de\/#\/schema\/person\/f6a2a4309f0561835797fd8c19b333ed"},"description":"Der ehemalige SPD-Vorsitzende und brandenburgische Ministerpr\u00e4sident","breadcrumb":{"@id":"https:\/\/vof-news.eu\/de\/fruherer-spd-vorsitzender-soll-mehrfach-nach-moskau-gereist-sein\/#breadcrumb"},"inLanguage":"de","potentialAction":[{"@type":"ReadAction","target":["https:\/\/vof-news.eu\/de\/fruherer-spd-vorsitzender-soll-mehrfach-nach-moskau-gereist-sein\/"]}]},{"@type":"ImageObject","inLanguage":"de","@id":"https:\/\/vof-news.eu\/de\/fruherer-spd-vorsitzender-soll-mehrfach-nach-moskau-gereist-sein\/#primaryimage","url":"https:\/\/vof-news.eu\/wp-content\/uploads\/2025\/07\/wide__1000x562-62.jpg","contentUrl":"https:\/\/vof-news.eu\/wp-content\/uploads\/2025\/07\/wide__1000x562-62.jpg","width":1000,"height":562},{"@type":"BreadcrumbList","@id":"https:\/\/vof-news.eu\/de\/fruherer-spd-vorsitzender-soll-mehrfach-nach-moskau-gereist-sein\/#breadcrumb","itemListElement":[{"@type":"ListItem","position":1,"name":"Home","item":"https:\/\/vof-news.eu\/de\/"},{"@type":"ListItem","position":2,"name":"Fr\u00fcherer SPD-Vorsitzender soll mehrfach nach Moskau gereist sein"}]},{"@type":"WebSite","@id":"https:\/\/vof-news.eu\/de\/#website","url":"https:\/\/vof-news.eu\/de\/","name":"vof-news.eu","description":"","potentialAction":[{"@type":"SearchAction","target":{"@type":"EntryPoint","urlTemplate":"https:\/\/vof-news.eu\/de\/?s={search_term_string}"},"query-input":"required name=search_term_string"}],"inLanguage":"de"},{"@type":"Person","@id":"https:\/\/vof-news.eu\/de\/#\/schema\/person\/f6a2a4309f0561835797fd8c19b333ed","name":"Author","image":{"@type":"ImageObject","inLanguage":"de","@id":"https:\/\/vof-news.eu\/de\/#\/schema\/person\/image\/","url":"https:\/\/secure.gravatar.com\/avatar\/b67e614b1b25b3e9c0c239efdd2fde5ab015b5affd6f1c3c85911ca4b384e790?s=96&d=mm&r=g","contentUrl":"https:\/\/secure.gravatar.com\/avatar\/b67e614b1b25b3e9c0c239efdd2fde5ab015b5affd6f1c3c85911ca4b384e790?s=96&d=mm&r=g","caption":"Author"},"sameAs":["http:\/\/vof-news.eu"],"url":"https:\/\/vof-news.eu\/de\/author\/zwt6qxnjulxbnyg\/"}]}},"yoast_meta":{"yoast_wpseo_title":"","yoast_wpseo_metadesc":"","yoast_wpseo_canonical":""},"_links":{"self":[{"href":"https:\/\/vof-news.eu\/de\/wp-json\/wp\/v2\/posts\/256327","targetHints":{"allow":["GET"]}}],"collection":[{"href":"https:\/\/vof-news.eu\/de\/wp-json\/wp\/v2\/posts"}],"about":[{"href":"https:\/\/vof-news.eu\/de\/wp-json\/wp\/v2\/types\/post"}],"author":[{"embeddable":true,"href":"https:\/\/vof-news.eu\/de\/wp-json\/wp\/v2\/users\/1"}],"replies":[{"embeddable":true,"href":"https:\/\/vof-news.eu\/de\/wp-json\/wp\/v2\/comments?post=256327"}],"version-history":[{"count":1,"href":"https:\/\/vof-news.eu\/de\/wp-json\/wp\/v2\/posts\/256327\/revisions"}],"predecessor-version":[{"id":256334,"href":"https:\/\/vof-news.eu\/de\/wp-json\/wp\/v2\/posts\/256327\/revisions\/256334"}],"wp:featuredmedia":[{"embeddable":true,"href":"https:\/\/vof-news.eu\/de\/wp-json\/wp\/v2\/media\/256328"}],"wp:attachment":[{"href":"https:\/\/vof-news.eu\/de\/wp-json\/wp\/v2\/media?parent=256327"}],"wp:term":[{"taxonomy":"category","embeddable":true,"href":"https:\/\/vof-news.eu\/de\/wp-json\/wp\/v2\/categories?post=256327"},{"taxonomy":"post_tag","embeddable":true,"href":"https:\/\/vof-news.eu\/de\/wp-json\/wp\/v2\/tags?post=256327"}],"curies":[{"name":"wp","href":"https:\/\/api.w.org\/{rel}","templated":true}]}}