{"id":255890,"date":"2025-07-17T17:28:56","date_gmt":"2025-07-17T14:28:56","guid":{"rendered":"https:\/\/vof-news.eu\/vielleicht-kommt-das-auch-in-den-usa-gut-an\/"},"modified":"2025-07-17T17:30:31","modified_gmt":"2025-07-17T14:30:31","slug":"vielleicht-kommt-das-auch-in-den-usa-gut-an","status":"publish","type":"post","link":"https:\/\/vof-news.eu\/de\/vielleicht-kommt-das-auch-in-den-usa-gut-an\/","title":{"rendered":"Vielleicht kommt das auch in den USA gut an"},"content":{"rendered":"<div>\n<p>Eine neue Frau an der Spitze und viele gro\u00dfe Aufgaben \u2013 das ukrainische Parlament bringt den von Pr\u00e4sident <span><a href=\"https:\/\/www.zeit.de\/thema\/wolodymyr-selenskyj\" rel=\"nofollow\">Wolodymyr Selenskyj<\/a><\/span> gew\u00fcnschten Regierungsumbau auf den Weg. Als Nachfolgerin des langj\u00e4hrigen Premiers Denys Schmyhal kommt dessen bisherige Stellvertreterin und Wirtschaftsministerin\u00a0Julija Swyrydenko ins Amt.\n<\/p>\n<p>Innenpolitisch ist dieser Schritt mitten im Sommer und dreieinhalb Jahre nach Beginn des russischen Vollangriffs nicht von allzu gro\u00dfer Bedeutung.\u00a0Swyrydenko war gegen\u00fcber Wolodymyr Selenskyj und seinem m\u00e4chtigen Stabschef Andrij Jermak stets loyal. Sie d\u00fcrfte also kaum von der bisherigen Linie abweichen. Die wird ohnehin\u00a0vom Pr\u00e4sidenten vorgegeben, dessen Partei bei den letzten<br \/>\nParlamentswahlen 2019 auch die absolute Mehrheit holte und somit fast<br \/>\nallein \u00fcber die Besetzung der Regierung entscheidet.\n<\/p>\n<p>Zwar gibt es bei Selenskyj, aber auch in der ukrainischen Gesellschaft durchaus den Wunsch nach Erneuerung der Machtstrukturen in einer Zeit, in der die Wahlen wegen des Kriegsrechts weiter ausgesetzt bleiben. Von der jungen und flexiblen Swyrydenko wird als Regierungschefin daher schon erwartet, das Kabinett aufzufrischen. Viele neue Gesichter wird es dort jedoch nicht geben \u2013 bereits amtierende Funktion\u00e4re \u00fcbernehmen schlicht neue Jobs.\n<\/p>\n<h2>Beziehungen zu den USA bleiben schwierig<\/h2>\n<p>Die aktuelle Personalrochade ist so nur in Teilen innenpolitisch motiviert. Ebenso wichtig d\u00fcrfte der Blick auf die USA unter <span><a href=\"https:\/\/www.zeit.de\/thema\/donald-trump\" rel=\"nofollow\">Donald Trump<\/a><\/span> sein. Zwar hat der <a href=\"https:\/\/www.zeit.de\/2025\/30\/us-kurswechsel-donald-trump-sanktionen-waffenlieferung-china\" rel=\"nofollow\">US-Pr\u00e4sident in den vergangenen Tagen augenscheinlich eine Kehrtwende in seiner Haltung zu Wladimir Putin und Russland hingelegt<\/a> \u2013 und den Verkauf einiger Waffenarten \u00fcber europ\u00e4ische L\u00e4nder an die Ukraine erm\u00f6glicht. Die Beziehungen der Regierungen in Washington und Kyjiw bleiben aber schwierig.\n<\/p>\n<p>Noch vor Trumps Amtsantritt hatte das Team um Selenskyj versucht, einen engen Kontakt zum Umfeld des US-Pr\u00e4sidenten zu etablieren. Unter Joe Biden war das immer direkt und einfach m\u00f6glich gewesen. Jermak, Selenskyjs engster Vertrauter, hatte mindestens w\u00f6chentlich mit dessen Sicherheitsberater Jake Sullivan telefoniert. Dringende Angelegenheiten kamen immer sofort zur Sprache.\n<\/p>\n<p>Jermak wollte diese Rolle als faktischer Chefdiplomat der <span><a href=\"https:\/\/www.zeit.de\/politik\/ausland\/ukraine-krieg-russland-newsblog-live\" rel=\"nofollow\">Ukraine<\/a><\/span> auch gegen\u00fcber der neuen Trump-Regierung weiter spielen. Wirklich erfolgreich war er damit nicht. Neben seinem durchwachsenen Englisch stie\u00df in Washington auf Unverst\u00e4ndnis, dass da einer gro\u00dfen Einfluss haben sollte, der von niemandem gew\u00e4hlt wurde und dessen Amt nicht in der ukrainischen Verfassung vorkommt. Ob das wirklich entscheidend f\u00fcr Trumps konkrete Ukrainepolitik war, etwa f\u00fcr den Skandal im Oval Office Ende Februar oder die zeitweise Aussetzung der Milit\u00e4rhilfen, erscheint jedoch fraglich. Denn letztlich h\u00e4ngen alle Entscheidungen allein am US-Pr\u00e4sidenten \u2013 und dessen pers\u00f6nliche Abneigung gegen\u00fcber seinem ukrainischen Amtskollegen ist l\u00e4ngst kein Geheimnis mehr.\n<\/p>\n<p>Die bilateralen Kontakte verliefen auf vielen Ebenen problematisch. Allerdings sollen zwei Personen, die daran auf ukrainischer Seite beteiligt waren, bei Trump und seinen Leuten gleichwohl einen guten Eindruck hinterlassen haben. Zum einen eben die k\u00fcnftige Ministerpr\u00e4sidentin\u00a0Swyrydenko, die mit\u00a0US-Finanzminister Scott Bessent direkt \u00fcber das Rohstoffabkommen verhandelte. Die Gespr\u00e4che verliefen \u00e4u\u00dferst z\u00e4h,\u00a0zumal die anfangs vereinbarte Variante des Abkommens nach dem Eklat im Wei\u00dfen Haus im M\u00fclleimer landete. Schlie\u00dflich legte die US-Regierung einen\u00a0noch frecheren, mehr als 50 Seiten langen Entwurf auf den Tisch.\u00a0Es ist wohl durchaus Swyrydenkos Verdienst, dass Anfang Mai eine f\u00fcr die Ukraine ad\u00e4quate Vereinbarung unterschrieben wurde, obwohl nicht alle W\u00fcnsche aus <span><a href=\"https:\/\/www.zeit.de\/thema\/kiew\" rel=\"nofollow\">Kyjiw<\/a><\/span> erf\u00fcllt werden konnten. Das Trump-Team war offenbar mit ihr zufrieden, obwohl sie ganz klar zu den Vertrauten des unliebsamen Jermak z\u00e4hlt.\n<\/p>\n<\/div>\n","protected":false},"excerpt":{"rendered":"<p>Eine neue Frau an der Spitze und viele gro\u00dfe Aufgaben \u2013 das ukrainische Parlament bringt den von Pr\u00e4sident Wolodymyr Selenskyj gew\u00fcnschten Regierungsumbau auf den Weg. Als Nachfolgerin des langj\u00e4hrigen Premiers Denys Schmyhal kommt dessen bisherige Stellvertreterin und Wirtschaftsministerin\u00a0Julija Swyrydenko ins Amt. Innenpolitisch ist dieser Schritt mitten im Sommer und dreieinhalb Jahre nach Beginn des russischen<\/p>\n","protected":false},"author":1,"featured_media":255891,"comment_status":"open","ping_status":"open","sticky":false,"template":"","format":"standard","meta":{"footnotes":""},"categories":[116],"tags":[],"class_list":["post-255890","post","type-post","status-publish","format-standard","has-post-thumbnail","hentry","category-war-chronicles-de"],"acf":[],"yoast_head":"<!-- This site is optimized with the Yoast SEO plugin v22.9 - https:\/\/yoast.com\/wordpress\/plugins\/seo\/ -->\n<title>Vielleicht kommt das auch in den USA gut an - vof-news.eu<\/title>\n<meta name=\"description\" content=\"Eine neue Frau an der Spitze und viele gro\u00dfe Aufgaben \u2013 das ukrainische Parlament bringt den von Pr\u00e4sident Wolodymyr Selenskyj gew\u00fcnschten Regierungsumbau auf den Weg. Als Nachfolgerin des langj\u00e4hrigen Premiers Denys Schmyhal kommt dessen bisherige Stellvertreterin und Wirtschaftsministerin\u00a0Julija Swyrydenko ins Amt.\" \/>\n<meta name=\"robots\" content=\"noindex, follow, max-snippet:-1, max-image-preview:large, max-video-preview:-1\" \/>\n<meta property=\"og:locale\" content=\"de_DE\" \/>\n<meta property=\"og:type\" content=\"article\" \/>\n<meta property=\"og:title\" content=\"Vielleicht kommt das auch in den USA gut an - vof-news.eu\" \/>\n<meta property=\"og:description\" content=\"Eine neue Frau an der Spitze und viele gro\u00dfe Aufgaben \u2013 das ukrainische Parlament bringt den von Pr\u00e4sident Wolodymyr Selenskyj gew\u00fcnschten Regierungsumbau auf den Weg. Als Nachfolgerin des langj\u00e4hrigen Premiers Denys Schmyhal kommt dessen bisherige Stellvertreterin und Wirtschaftsministerin\u00a0Julija Swyrydenko ins Amt.\" \/>\n<meta property=\"og:url\" content=\"https:\/\/vof-news.eu\/de\/vielleicht-kommt-das-auch-in-den-usa-gut-an\/\" \/>\n<meta property=\"og:site_name\" content=\"vof-news.eu\" \/>\n<meta property=\"article:published_time\" content=\"2025-07-17T14:28:56+00:00\" \/>\n<meta property=\"article:modified_time\" content=\"2025-07-17T14:30:31+00:00\" \/>\n<meta property=\"og:image\" content=\"https:\/\/vof-news.eu\/wp-content\/uploads\/2025\/07\/wide__1000x562-56.jpg\" \/>\n\t<meta property=\"og:image:width\" content=\"1000\" \/>\n\t<meta property=\"og:image:height\" content=\"562\" \/>\n\t<meta property=\"og:image:type\" content=\"image\/jpeg\" \/>\n<meta name=\"author\" content=\"Author\" \/>\n<meta name=\"twitter:card\" content=\"summary_large_image\" \/>\n<meta name=\"twitter:label1\" content=\"Verfasst von\" \/>\n\t<meta name=\"twitter:data1\" content=\"Author\" \/>\n\t<meta name=\"twitter:label2\" content=\"Gesch\u00e4tzte Lesezeit\" \/>\n\t<meta name=\"twitter:data2\" content=\"3\u00a0Minuten\" \/>\n<script type=\"application\/ld+json\" class=\"yoast-schema-graph\">{\"@context\":\"https:\/\/schema.org\",\"@graph\":[{\"@type\":\"WebPage\",\"@id\":\"https:\/\/vof-news.eu\/de\/vielleicht-kommt-das-auch-in-den-usa-gut-an\/\",\"url\":\"https:\/\/vof-news.eu\/de\/vielleicht-kommt-das-auch-in-den-usa-gut-an\/\",\"name\":\"Vielleicht kommt das auch in den USA gut an - vof-news.eu\",\"isPartOf\":{\"@id\":\"https:\/\/vof-news.eu\/de\/#website\"},\"primaryImageOfPage\":{\"@id\":\"https:\/\/vof-news.eu\/de\/vielleicht-kommt-das-auch-in-den-usa-gut-an\/#primaryimage\"},\"image\":{\"@id\":\"https:\/\/vof-news.eu\/de\/vielleicht-kommt-das-auch-in-den-usa-gut-an\/#primaryimage\"},\"thumbnailUrl\":\"https:\/\/vof-news.eu\/wp-content\/uploads\/2025\/07\/wide__1000x562-56.jpg\",\"datePublished\":\"2025-07-17T14:28:56+00:00\",\"dateModified\":\"2025-07-17T14:30:31+00:00\",\"author\":{\"@id\":\"https:\/\/vof-news.eu\/de\/#\/schema\/person\/f6a2a4309f0561835797fd8c19b333ed\"},\"description\":\"Eine neue Frau an der Spitze und viele gro\u00dfe Aufgaben \u2013 das ukrainische Parlament bringt den von Pr\u00e4sident Wolodymyr Selenskyj gew\u00fcnschten Regierungsumbau auf den Weg. Als Nachfolgerin des langj\u00e4hrigen Premiers Denys Schmyhal kommt dessen bisherige Stellvertreterin und Wirtschaftsministerin\u00a0Julija Swyrydenko ins Amt.\",\"breadcrumb\":{\"@id\":\"https:\/\/vof-news.eu\/de\/vielleicht-kommt-das-auch-in-den-usa-gut-an\/#breadcrumb\"},\"inLanguage\":\"de\",\"potentialAction\":[{\"@type\":\"ReadAction\",\"target\":[\"https:\/\/vof-news.eu\/de\/vielleicht-kommt-das-auch-in-den-usa-gut-an\/\"]}]},{\"@type\":\"ImageObject\",\"inLanguage\":\"de\",\"@id\":\"https:\/\/vof-news.eu\/de\/vielleicht-kommt-das-auch-in-den-usa-gut-an\/#primaryimage\",\"url\":\"https:\/\/vof-news.eu\/wp-content\/uploads\/2025\/07\/wide__1000x562-56.jpg\",\"contentUrl\":\"https:\/\/vof-news.eu\/wp-content\/uploads\/2025\/07\/wide__1000x562-56.jpg\",\"width\":1000,\"height\":562},{\"@type\":\"BreadcrumbList\",\"@id\":\"https:\/\/vof-news.eu\/de\/vielleicht-kommt-das-auch-in-den-usa-gut-an\/#breadcrumb\",\"itemListElement\":[{\"@type\":\"ListItem\",\"position\":1,\"name\":\"Home\",\"item\":\"https:\/\/vof-news.eu\/de\/\"},{\"@type\":\"ListItem\",\"position\":2,\"name\":\"Vielleicht kommt das auch in den USA gut an\"}]},{\"@type\":\"WebSite\",\"@id\":\"https:\/\/vof-news.eu\/de\/#website\",\"url\":\"https:\/\/vof-news.eu\/de\/\",\"name\":\"vof-news.eu\",\"description\":\"\",\"potentialAction\":[{\"@type\":\"SearchAction\",\"target\":{\"@type\":\"EntryPoint\",\"urlTemplate\":\"https:\/\/vof-news.eu\/de\/?s={search_term_string}\"},\"query-input\":\"required name=search_term_string\"}],\"inLanguage\":\"de\"},{\"@type\":\"Person\",\"@id\":\"https:\/\/vof-news.eu\/de\/#\/schema\/person\/f6a2a4309f0561835797fd8c19b333ed\",\"name\":\"Author\",\"image\":{\"@type\":\"ImageObject\",\"inLanguage\":\"de\",\"@id\":\"https:\/\/vof-news.eu\/de\/#\/schema\/person\/image\/\",\"url\":\"https:\/\/secure.gravatar.com\/avatar\/b67e614b1b25b3e9c0c239efdd2fde5ab015b5affd6f1c3c85911ca4b384e790?s=96&d=mm&r=g\",\"contentUrl\":\"https:\/\/secure.gravatar.com\/avatar\/b67e614b1b25b3e9c0c239efdd2fde5ab015b5affd6f1c3c85911ca4b384e790?s=96&d=mm&r=g\",\"caption\":\"Author\"},\"sameAs\":[\"http:\/\/vof-news.eu\"],\"url\":\"https:\/\/vof-news.eu\/de\/author\/zwt6qxnjulxbnyg\/\"}]}<\/script>\n<!-- \/ Yoast SEO plugin. -->","yoast_head_json":{"title":"Vielleicht kommt das auch in den USA gut an - vof-news.eu","description":"Eine neue Frau an der Spitze und viele gro\u00dfe Aufgaben \u2013 das ukrainische Parlament bringt den von Pr\u00e4sident Wolodymyr Selenskyj gew\u00fcnschten Regierungsumbau auf den Weg. Als Nachfolgerin des langj\u00e4hrigen Premiers Denys Schmyhal kommt dessen bisherige Stellvertreterin und Wirtschaftsministerin\u00a0Julija Swyrydenko ins Amt.","robots":{"index":"noindex","follow":"follow","max-snippet":"max-snippet:-1","max-image-preview":"max-image-preview:large","max-video-preview":"max-video-preview:-1"},"og_locale":"de_DE","og_type":"article","og_title":"Vielleicht kommt das auch in den USA gut an - vof-news.eu","og_description":"Eine neue Frau an der Spitze und viele gro\u00dfe Aufgaben \u2013 das ukrainische Parlament bringt den von Pr\u00e4sident Wolodymyr Selenskyj gew\u00fcnschten Regierungsumbau auf den Weg. Als Nachfolgerin des langj\u00e4hrigen Premiers Denys Schmyhal kommt dessen bisherige Stellvertreterin und Wirtschaftsministerin\u00a0Julija Swyrydenko ins Amt.","og_url":"https:\/\/vof-news.eu\/de\/vielleicht-kommt-das-auch-in-den-usa-gut-an\/","og_site_name":"vof-news.eu","article_published_time":"2025-07-17T14:28:56+00:00","article_modified_time":"2025-07-17T14:30:31+00:00","og_image":[{"width":1000,"height":562,"url":"https:\/\/vof-news.eu\/wp-content\/uploads\/2025\/07\/wide__1000x562-56.jpg","type":"image\/jpeg"}],"author":"Author","twitter_card":"summary_large_image","twitter_misc":{"Verfasst von":"Author","Gesch\u00e4tzte Lesezeit":"3\u00a0Minuten"},"schema":{"@context":"https:\/\/schema.org","@graph":[{"@type":"WebPage","@id":"https:\/\/vof-news.eu\/de\/vielleicht-kommt-das-auch-in-den-usa-gut-an\/","url":"https:\/\/vof-news.eu\/de\/vielleicht-kommt-das-auch-in-den-usa-gut-an\/","name":"Vielleicht kommt das auch in den USA gut an - vof-news.eu","isPartOf":{"@id":"https:\/\/vof-news.eu\/de\/#website"},"primaryImageOfPage":{"@id":"https:\/\/vof-news.eu\/de\/vielleicht-kommt-das-auch-in-den-usa-gut-an\/#primaryimage"},"image":{"@id":"https:\/\/vof-news.eu\/de\/vielleicht-kommt-das-auch-in-den-usa-gut-an\/#primaryimage"},"thumbnailUrl":"https:\/\/vof-news.eu\/wp-content\/uploads\/2025\/07\/wide__1000x562-56.jpg","datePublished":"2025-07-17T14:28:56+00:00","dateModified":"2025-07-17T14:30:31+00:00","author":{"@id":"https:\/\/vof-news.eu\/de\/#\/schema\/person\/f6a2a4309f0561835797fd8c19b333ed"},"description":"Eine neue Frau an der Spitze und viele gro\u00dfe Aufgaben \u2013 das ukrainische Parlament bringt den von Pr\u00e4sident Wolodymyr Selenskyj gew\u00fcnschten Regierungsumbau auf den Weg. Als Nachfolgerin des langj\u00e4hrigen Premiers Denys Schmyhal kommt dessen bisherige Stellvertreterin und Wirtschaftsministerin\u00a0Julija Swyrydenko ins Amt.","breadcrumb":{"@id":"https:\/\/vof-news.eu\/de\/vielleicht-kommt-das-auch-in-den-usa-gut-an\/#breadcrumb"},"inLanguage":"de","potentialAction":[{"@type":"ReadAction","target":["https:\/\/vof-news.eu\/de\/vielleicht-kommt-das-auch-in-den-usa-gut-an\/"]}]},{"@type":"ImageObject","inLanguage":"de","@id":"https:\/\/vof-news.eu\/de\/vielleicht-kommt-das-auch-in-den-usa-gut-an\/#primaryimage","url":"https:\/\/vof-news.eu\/wp-content\/uploads\/2025\/07\/wide__1000x562-56.jpg","contentUrl":"https:\/\/vof-news.eu\/wp-content\/uploads\/2025\/07\/wide__1000x562-56.jpg","width":1000,"height":562},{"@type":"BreadcrumbList","@id":"https:\/\/vof-news.eu\/de\/vielleicht-kommt-das-auch-in-den-usa-gut-an\/#breadcrumb","itemListElement":[{"@type":"ListItem","position":1,"name":"Home","item":"https:\/\/vof-news.eu\/de\/"},{"@type":"ListItem","position":2,"name":"Vielleicht kommt das auch in den USA gut an"}]},{"@type":"WebSite","@id":"https:\/\/vof-news.eu\/de\/#website","url":"https:\/\/vof-news.eu\/de\/","name":"vof-news.eu","description":"","potentialAction":[{"@type":"SearchAction","target":{"@type":"EntryPoint","urlTemplate":"https:\/\/vof-news.eu\/de\/?s={search_term_string}"},"query-input":"required name=search_term_string"}],"inLanguage":"de"},{"@type":"Person","@id":"https:\/\/vof-news.eu\/de\/#\/schema\/person\/f6a2a4309f0561835797fd8c19b333ed","name":"Author","image":{"@type":"ImageObject","inLanguage":"de","@id":"https:\/\/vof-news.eu\/de\/#\/schema\/person\/image\/","url":"https:\/\/secure.gravatar.com\/avatar\/b67e614b1b25b3e9c0c239efdd2fde5ab015b5affd6f1c3c85911ca4b384e790?s=96&d=mm&r=g","contentUrl":"https:\/\/secure.gravatar.com\/avatar\/b67e614b1b25b3e9c0c239efdd2fde5ab015b5affd6f1c3c85911ca4b384e790?s=96&d=mm&r=g","caption":"Author"},"sameAs":["http:\/\/vof-news.eu"],"url":"https:\/\/vof-news.eu\/de\/author\/zwt6qxnjulxbnyg\/"}]}},"yoast_meta":{"yoast_wpseo_title":"","yoast_wpseo_metadesc":"","yoast_wpseo_canonical":""},"_links":{"self":[{"href":"https:\/\/vof-news.eu\/de\/wp-json\/wp\/v2\/posts\/255890","targetHints":{"allow":["GET"]}}],"collection":[{"href":"https:\/\/vof-news.eu\/de\/wp-json\/wp\/v2\/posts"}],"about":[{"href":"https:\/\/vof-news.eu\/de\/wp-json\/wp\/v2\/types\/post"}],"author":[{"embeddable":true,"href":"https:\/\/vof-news.eu\/de\/wp-json\/wp\/v2\/users\/1"}],"replies":[{"embeddable":true,"href":"https:\/\/vof-news.eu\/de\/wp-json\/wp\/v2\/comments?post=255890"}],"version-history":[{"count":1,"href":"https:\/\/vof-news.eu\/de\/wp-json\/wp\/v2\/posts\/255890\/revisions"}],"predecessor-version":[{"id":255897,"href":"https:\/\/vof-news.eu\/de\/wp-json\/wp\/v2\/posts\/255890\/revisions\/255897"}],"wp:featuredmedia":[{"embeddable":true,"href":"https:\/\/vof-news.eu\/de\/wp-json\/wp\/v2\/media\/255891"}],"wp:attachment":[{"href":"https:\/\/vof-news.eu\/de\/wp-json\/wp\/v2\/media?parent=255890"}],"wp:term":[{"taxonomy":"category","embeddable":true,"href":"https:\/\/vof-news.eu\/de\/wp-json\/wp\/v2\/categories?post=255890"},{"taxonomy":"post_tag","embeddable":true,"href":"https:\/\/vof-news.eu\/de\/wp-json\/wp\/v2\/tags?post=255890"}],"curies":[{"name":"wp","href":"https:\/\/api.w.org\/{rel}","templated":true}]}}