{"id":255817,"date":"2025-07-17T15:28:10","date_gmt":"2025-07-17T12:28:10","guid":{"rendered":"https:\/\/vof-news.eu\/parlament-stimmt-fur-julija-swyrydenko-als-neue-ministerprasidentin\/"},"modified":"2025-07-17T15:28:58","modified_gmt":"2025-07-17T12:28:58","slug":"parlament-stimmt-fur-julija-swyrydenko-als-neue-ministerprasidentin","status":"publish","type":"post","link":"https:\/\/vof-news.eu\/de\/parlament-stimmt-fur-julija-swyrydenko-als-neue-ministerprasidentin\/","title":{"rendered":"Parlament stimmt f\u00fcr Julija Swyrydenko als neue Ministerpr\u00e4sidentin"},"content":{"rendered":"<div>\n<p>Das ukrainische Parlament in Kyjiw hat Julija Swyrydenko als neue Ministerpr\u00e4sidentin best\u00e4tigt. F\u00fcr die bisherige stellvertretende Regierungschefin stimmte eine deutliche Mehrheit von 262 Abgeordneten. Das berichteten \u00f6rtliche Medien unter Berufung auf Abgeordnete.\n<\/p>\n<p>Die <a href=\"https:\/\/www.zeit.de\/politik\/2025-07\/ukraine-regierung-umbildung-julija-swyrydenko-nachrichtenpodcast\" rel=\"nofollow\">39-j\u00e4hrige Swyrydenko war seit 2021 Vizeministerpr\u00e4sidentin und Wirtschaftsministerin<\/a> unter dem bisherigen Ministerpr\u00e4sidenten Denys Schmyhal. Zuvor war sie in der Lokalpolitik und in der Privatwirtschaft t\u00e4tig gewesen. Die \u00d6konomin aus dem im Nordosten der <span><a href=\"https:\/\/www.zeit.de\/politik\/ausland\/ukraine-krieg-russland-newsblog-live\" rel=\"nofollow\">Ukraine<\/a><\/span> gelegenen Tschernihiw gilt als Vertraute des Chefs des Pr\u00e4sidentenb\u00fcros, Andrij Jermak, sowie als Wirtschafts- und Handelsexpertin. Sie spielte eine Schl\u00fcsselrolle bei den j\u00fcngsten Verhandlungen \u00fcber ein Mineralienabkommen mit den USA.\n<\/p>\n<h2>Schmyhal soll Verteidigungsminister werden<\/h2>\n<p>Der ukrainische Pr\u00e4sident <a href=\"https:\/\/www.zeit.de\/politik\/ausland\/2025-07\/ulraine-regierung-umpau-premierminister-swyrydenko-schmyhal\" rel=\"nofollow\">Wolodymyr Selenskyj hat den Umbau seiner Regierung erst vor wenigen Tagen angek\u00fcndigt<\/a>. Gemeinsam mit Swyrydenko h\u00e4tte er zuvor &#8222;konkrete Ma\u00dfnahmen er\u00f6rtert, um das wirtschaftliche Potenzial der <a href=\"https:\/\/www.zeit.de\/thema\/krieg-in-ukraine\" rel=\"nofollow\">Ukraine<\/a> anzukurbeln, Hilfsprogramme f\u00fcr die ukrainische Bev\u00f6lkerung auszuweiten und unsere heimische Waffenproduktion zu steigern&#8220;. Aufgabe der neuen Regierung ist es demnach, die Vereinbarungen mit europ\u00e4ischen und US-amerikanischen Partnern zur Unterst\u00fctzung der Ukraine umzusetzen, die k\u00fcrzlich auf der Hilfskonferenz f\u00fcr die Ukraine in Rom getroffen worden sind.\n<\/p>\n<p>Am Nachmittag soll auch \u00fcber die Posten der Verteidigungs- und Au\u00dfenminister sowie weiterer Kabinettsmitglieder abgestimmt werden. Der bisherige Au\u00dfenminister Andrij Sybiha soll nach den Pl\u00e4nen Selenskyjs seinen Posten behalten. Neuer Verteidigungsminister soll Ex-Regierungschef Schmyhal werden. Er war seit M\u00e4rz 2020 im Amt des Ministerpr\u00e4sidenten und damit der dienst\u00e4lteste Regierungschef seit der Unabh\u00e4ngigkeit des Landes 1991.\n<\/p>\n<\/p>\n<\/div>\n","protected":false},"excerpt":{"rendered":"<p>Das ukrainische Parlament in Kyjiw hat Julija Swyrydenko als neue Ministerpr\u00e4sidentin best\u00e4tigt. F\u00fcr die bisherige stellvertretende Regierungschefin stimmte eine deutliche Mehrheit von 262 Abgeordneten. Das berichteten \u00f6rtliche Medien unter Berufung auf Abgeordnete. Die 39-j\u00e4hrige Swyrydenko war seit 2021 Vizeministerpr\u00e4sidentin und Wirtschaftsministerin unter dem bisherigen Ministerpr\u00e4sidenten Denys Schmyhal. Zuvor war sie in der Lokalpolitik und in<\/p>\n","protected":false},"author":1,"featured_media":255818,"comment_status":"open","ping_status":"open","sticky":false,"template":"","format":"standard","meta":{"footnotes":""},"categories":[116],"tags":[],"class_list":["post-255817","post","type-post","status-publish","format-standard","has-post-thumbnail","hentry","category-war-chronicles-de"],"acf":[],"yoast_head":"<!-- This site is optimized with the Yoast SEO plugin v22.9 - https:\/\/yoast.com\/wordpress\/plugins\/seo\/ -->\n<title>Parlament stimmt f\u00fcr Julija Swyrydenko als neue Ministerpr\u00e4sidentin - vof-news.eu<\/title>\n<meta name=\"description\" content=\"Das ukrainische Parlament in Kyjiw hat Julija Swyrydenko als neue Ministerpr\u00e4sidentin best\u00e4tigt. F\u00fcr die bisherige stellvertretende Regierungschefin stimmte eine deutliche Mehrheit von 262 Abgeordneten. Das berichteten \u00f6rtliche Medien unter Berufung auf Abgeordnete.\" \/>\n<meta name=\"robots\" content=\"noindex, follow, max-snippet:-1, max-image-preview:large, max-video-preview:-1\" \/>\n<meta property=\"og:locale\" content=\"de_DE\" \/>\n<meta property=\"og:type\" content=\"article\" \/>\n<meta property=\"og:title\" content=\"Parlament stimmt f\u00fcr Julija Swyrydenko als neue Ministerpr\u00e4sidentin - vof-news.eu\" \/>\n<meta property=\"og:description\" content=\"Das ukrainische Parlament in Kyjiw hat Julija Swyrydenko als neue Ministerpr\u00e4sidentin best\u00e4tigt. F\u00fcr die bisherige stellvertretende Regierungschefin stimmte eine deutliche Mehrheit von 262 Abgeordneten. Das berichteten \u00f6rtliche Medien unter Berufung auf Abgeordnete.\" \/>\n<meta property=\"og:url\" content=\"https:\/\/vof-news.eu\/de\/parlament-stimmt-fur-julija-swyrydenko-als-neue-ministerprasidentin\/\" \/>\n<meta property=\"og:site_name\" content=\"vof-news.eu\" \/>\n<meta property=\"article:published_time\" content=\"2025-07-17T12:28:10+00:00\" \/>\n<meta property=\"article:modified_time\" content=\"2025-07-17T12:28:58+00:00\" \/>\n<meta property=\"og:image\" content=\"https:\/\/vof-news.eu\/wp-content\/uploads\/2025\/07\/wide__1000x562-54.jpg\" \/>\n\t<meta property=\"og:image:width\" content=\"1000\" \/>\n\t<meta property=\"og:image:height\" content=\"562\" \/>\n\t<meta property=\"og:image:type\" content=\"image\/jpeg\" \/>\n<meta name=\"author\" content=\"Author\" \/>\n<meta name=\"twitter:card\" content=\"summary_large_image\" \/>\n<meta name=\"twitter:label1\" content=\"Verfasst von\" \/>\n\t<meta name=\"twitter:data1\" content=\"Author\" \/>\n\t<meta name=\"twitter:label2\" content=\"Gesch\u00e4tzte Lesezeit\" \/>\n\t<meta name=\"twitter:data2\" content=\"1\u00a0Minute\" \/>\n<script type=\"application\/ld+json\" class=\"yoast-schema-graph\">{\"@context\":\"https:\/\/schema.org\",\"@graph\":[{\"@type\":\"WebPage\",\"@id\":\"https:\/\/vof-news.eu\/de\/parlament-stimmt-fur-julija-swyrydenko-als-neue-ministerprasidentin\/\",\"url\":\"https:\/\/vof-news.eu\/de\/parlament-stimmt-fur-julija-swyrydenko-als-neue-ministerprasidentin\/\",\"name\":\"Parlament stimmt f\u00fcr Julija Swyrydenko als neue Ministerpr\u00e4sidentin - vof-news.eu\",\"isPartOf\":{\"@id\":\"https:\/\/vof-news.eu\/de\/#website\"},\"primaryImageOfPage\":{\"@id\":\"https:\/\/vof-news.eu\/de\/parlament-stimmt-fur-julija-swyrydenko-als-neue-ministerprasidentin\/#primaryimage\"},\"image\":{\"@id\":\"https:\/\/vof-news.eu\/de\/parlament-stimmt-fur-julija-swyrydenko-als-neue-ministerprasidentin\/#primaryimage\"},\"thumbnailUrl\":\"https:\/\/vof-news.eu\/wp-content\/uploads\/2025\/07\/wide__1000x562-54.jpg\",\"datePublished\":\"2025-07-17T12:28:10+00:00\",\"dateModified\":\"2025-07-17T12:28:58+00:00\",\"author\":{\"@id\":\"https:\/\/vof-news.eu\/de\/#\/schema\/person\/f6a2a4309f0561835797fd8c19b333ed\"},\"description\":\"Das ukrainische Parlament in Kyjiw hat Julija Swyrydenko als neue Ministerpr\u00e4sidentin best\u00e4tigt. F\u00fcr die bisherige stellvertretende Regierungschefin stimmte eine deutliche Mehrheit von 262 Abgeordneten. Das berichteten \u00f6rtliche Medien unter Berufung auf Abgeordnete.\",\"breadcrumb\":{\"@id\":\"https:\/\/vof-news.eu\/de\/parlament-stimmt-fur-julija-swyrydenko-als-neue-ministerprasidentin\/#breadcrumb\"},\"inLanguage\":\"de\",\"potentialAction\":[{\"@type\":\"ReadAction\",\"target\":[\"https:\/\/vof-news.eu\/de\/parlament-stimmt-fur-julija-swyrydenko-als-neue-ministerprasidentin\/\"]}]},{\"@type\":\"ImageObject\",\"inLanguage\":\"de\",\"@id\":\"https:\/\/vof-news.eu\/de\/parlament-stimmt-fur-julija-swyrydenko-als-neue-ministerprasidentin\/#primaryimage\",\"url\":\"https:\/\/vof-news.eu\/wp-content\/uploads\/2025\/07\/wide__1000x562-54.jpg\",\"contentUrl\":\"https:\/\/vof-news.eu\/wp-content\/uploads\/2025\/07\/wide__1000x562-54.jpg\",\"width\":1000,\"height\":562},{\"@type\":\"BreadcrumbList\",\"@id\":\"https:\/\/vof-news.eu\/de\/parlament-stimmt-fur-julija-swyrydenko-als-neue-ministerprasidentin\/#breadcrumb\",\"itemListElement\":[{\"@type\":\"ListItem\",\"position\":1,\"name\":\"Home\",\"item\":\"https:\/\/vof-news.eu\/de\/\"},{\"@type\":\"ListItem\",\"position\":2,\"name\":\"Parlament stimmt f\u00fcr Julija Swyrydenko als neue Ministerpr\u00e4sidentin\"}]},{\"@type\":\"WebSite\",\"@id\":\"https:\/\/vof-news.eu\/de\/#website\",\"url\":\"https:\/\/vof-news.eu\/de\/\",\"name\":\"vof-news.eu\",\"description\":\"\",\"potentialAction\":[{\"@type\":\"SearchAction\",\"target\":{\"@type\":\"EntryPoint\",\"urlTemplate\":\"https:\/\/vof-news.eu\/de\/?s={search_term_string}\"},\"query-input\":\"required name=search_term_string\"}],\"inLanguage\":\"de\"},{\"@type\":\"Person\",\"@id\":\"https:\/\/vof-news.eu\/de\/#\/schema\/person\/f6a2a4309f0561835797fd8c19b333ed\",\"name\":\"Author\",\"image\":{\"@type\":\"ImageObject\",\"inLanguage\":\"de\",\"@id\":\"https:\/\/vof-news.eu\/de\/#\/schema\/person\/image\/\",\"url\":\"https:\/\/secure.gravatar.com\/avatar\/b67e614b1b25b3e9c0c239efdd2fde5ab015b5affd6f1c3c85911ca4b384e790?s=96&d=mm&r=g\",\"contentUrl\":\"https:\/\/secure.gravatar.com\/avatar\/b67e614b1b25b3e9c0c239efdd2fde5ab015b5affd6f1c3c85911ca4b384e790?s=96&d=mm&r=g\",\"caption\":\"Author\"},\"sameAs\":[\"http:\/\/vof-news.eu\"],\"url\":\"https:\/\/vof-news.eu\/de\/author\/zwt6qxnjulxbnyg\/\"}]}<\/script>\n<!-- \/ Yoast SEO plugin. -->","yoast_head_json":{"title":"Parlament stimmt f\u00fcr Julija Swyrydenko als neue Ministerpr\u00e4sidentin - vof-news.eu","description":"Das ukrainische Parlament in Kyjiw hat Julija Swyrydenko als neue Ministerpr\u00e4sidentin best\u00e4tigt. F\u00fcr die bisherige stellvertretende Regierungschefin stimmte eine deutliche Mehrheit von 262 Abgeordneten. Das berichteten \u00f6rtliche Medien unter Berufung auf Abgeordnete.","robots":{"index":"noindex","follow":"follow","max-snippet":"max-snippet:-1","max-image-preview":"max-image-preview:large","max-video-preview":"max-video-preview:-1"},"og_locale":"de_DE","og_type":"article","og_title":"Parlament stimmt f\u00fcr Julija Swyrydenko als neue Ministerpr\u00e4sidentin - vof-news.eu","og_description":"Das ukrainische Parlament in Kyjiw hat Julija Swyrydenko als neue Ministerpr\u00e4sidentin best\u00e4tigt. F\u00fcr die bisherige stellvertretende Regierungschefin stimmte eine deutliche Mehrheit von 262 Abgeordneten. Das berichteten \u00f6rtliche Medien unter Berufung auf Abgeordnete.","og_url":"https:\/\/vof-news.eu\/de\/parlament-stimmt-fur-julija-swyrydenko-als-neue-ministerprasidentin\/","og_site_name":"vof-news.eu","article_published_time":"2025-07-17T12:28:10+00:00","article_modified_time":"2025-07-17T12:28:58+00:00","og_image":[{"width":1000,"height":562,"url":"https:\/\/vof-news.eu\/wp-content\/uploads\/2025\/07\/wide__1000x562-54.jpg","type":"image\/jpeg"}],"author":"Author","twitter_card":"summary_large_image","twitter_misc":{"Verfasst von":"Author","Gesch\u00e4tzte Lesezeit":"1\u00a0Minute"},"schema":{"@context":"https:\/\/schema.org","@graph":[{"@type":"WebPage","@id":"https:\/\/vof-news.eu\/de\/parlament-stimmt-fur-julija-swyrydenko-als-neue-ministerprasidentin\/","url":"https:\/\/vof-news.eu\/de\/parlament-stimmt-fur-julija-swyrydenko-als-neue-ministerprasidentin\/","name":"Parlament stimmt f\u00fcr Julija Swyrydenko als neue Ministerpr\u00e4sidentin - vof-news.eu","isPartOf":{"@id":"https:\/\/vof-news.eu\/de\/#website"},"primaryImageOfPage":{"@id":"https:\/\/vof-news.eu\/de\/parlament-stimmt-fur-julija-swyrydenko-als-neue-ministerprasidentin\/#primaryimage"},"image":{"@id":"https:\/\/vof-news.eu\/de\/parlament-stimmt-fur-julija-swyrydenko-als-neue-ministerprasidentin\/#primaryimage"},"thumbnailUrl":"https:\/\/vof-news.eu\/wp-content\/uploads\/2025\/07\/wide__1000x562-54.jpg","datePublished":"2025-07-17T12:28:10+00:00","dateModified":"2025-07-17T12:28:58+00:00","author":{"@id":"https:\/\/vof-news.eu\/de\/#\/schema\/person\/f6a2a4309f0561835797fd8c19b333ed"},"description":"Das ukrainische Parlament in Kyjiw hat Julija Swyrydenko als neue Ministerpr\u00e4sidentin best\u00e4tigt. F\u00fcr die bisherige stellvertretende Regierungschefin stimmte eine deutliche Mehrheit von 262 Abgeordneten. Das berichteten \u00f6rtliche Medien unter Berufung auf Abgeordnete.","breadcrumb":{"@id":"https:\/\/vof-news.eu\/de\/parlament-stimmt-fur-julija-swyrydenko-als-neue-ministerprasidentin\/#breadcrumb"},"inLanguage":"de","potentialAction":[{"@type":"ReadAction","target":["https:\/\/vof-news.eu\/de\/parlament-stimmt-fur-julija-swyrydenko-als-neue-ministerprasidentin\/"]}]},{"@type":"ImageObject","inLanguage":"de","@id":"https:\/\/vof-news.eu\/de\/parlament-stimmt-fur-julija-swyrydenko-als-neue-ministerprasidentin\/#primaryimage","url":"https:\/\/vof-news.eu\/wp-content\/uploads\/2025\/07\/wide__1000x562-54.jpg","contentUrl":"https:\/\/vof-news.eu\/wp-content\/uploads\/2025\/07\/wide__1000x562-54.jpg","width":1000,"height":562},{"@type":"BreadcrumbList","@id":"https:\/\/vof-news.eu\/de\/parlament-stimmt-fur-julija-swyrydenko-als-neue-ministerprasidentin\/#breadcrumb","itemListElement":[{"@type":"ListItem","position":1,"name":"Home","item":"https:\/\/vof-news.eu\/de\/"},{"@type":"ListItem","position":2,"name":"Parlament stimmt f\u00fcr Julija Swyrydenko als neue Ministerpr\u00e4sidentin"}]},{"@type":"WebSite","@id":"https:\/\/vof-news.eu\/de\/#website","url":"https:\/\/vof-news.eu\/de\/","name":"vof-news.eu","description":"","potentialAction":[{"@type":"SearchAction","target":{"@type":"EntryPoint","urlTemplate":"https:\/\/vof-news.eu\/de\/?s={search_term_string}"},"query-input":"required name=search_term_string"}],"inLanguage":"de"},{"@type":"Person","@id":"https:\/\/vof-news.eu\/de\/#\/schema\/person\/f6a2a4309f0561835797fd8c19b333ed","name":"Author","image":{"@type":"ImageObject","inLanguage":"de","@id":"https:\/\/vof-news.eu\/de\/#\/schema\/person\/image\/","url":"https:\/\/secure.gravatar.com\/avatar\/b67e614b1b25b3e9c0c239efdd2fde5ab015b5affd6f1c3c85911ca4b384e790?s=96&d=mm&r=g","contentUrl":"https:\/\/secure.gravatar.com\/avatar\/b67e614b1b25b3e9c0c239efdd2fde5ab015b5affd6f1c3c85911ca4b384e790?s=96&d=mm&r=g","caption":"Author"},"sameAs":["http:\/\/vof-news.eu"],"url":"https:\/\/vof-news.eu\/de\/author\/zwt6qxnjulxbnyg\/"}]}},"yoast_meta":{"yoast_wpseo_title":"","yoast_wpseo_metadesc":"","yoast_wpseo_canonical":""},"_links":{"self":[{"href":"https:\/\/vof-news.eu\/de\/wp-json\/wp\/v2\/posts\/255817","targetHints":{"allow":["GET"]}}],"collection":[{"href":"https:\/\/vof-news.eu\/de\/wp-json\/wp\/v2\/posts"}],"about":[{"href":"https:\/\/vof-news.eu\/de\/wp-json\/wp\/v2\/types\/post"}],"author":[{"embeddable":true,"href":"https:\/\/vof-news.eu\/de\/wp-json\/wp\/v2\/users\/1"}],"replies":[{"embeddable":true,"href":"https:\/\/vof-news.eu\/de\/wp-json\/wp\/v2\/comments?post=255817"}],"version-history":[{"count":1,"href":"https:\/\/vof-news.eu\/de\/wp-json\/wp\/v2\/posts\/255817\/revisions"}],"predecessor-version":[{"id":255824,"href":"https:\/\/vof-news.eu\/de\/wp-json\/wp\/v2\/posts\/255817\/revisions\/255824"}],"wp:featuredmedia":[{"embeddable":true,"href":"https:\/\/vof-news.eu\/de\/wp-json\/wp\/v2\/media\/255818"}],"wp:attachment":[{"href":"https:\/\/vof-news.eu\/de\/wp-json\/wp\/v2\/media?parent=255817"}],"wp:term":[{"taxonomy":"category","embeddable":true,"href":"https:\/\/vof-news.eu\/de\/wp-json\/wp\/v2\/categories?post=255817"},{"taxonomy":"post_tag","embeddable":true,"href":"https:\/\/vof-news.eu\/de\/wp-json\/wp\/v2\/tags?post=255817"}],"curies":[{"name":"wp","href":"https:\/\/api.w.org\/{rel}","templated":true}]}}