{"id":254157,"date":"2025-07-14T19:28:10","date_gmt":"2025-07-14T16:28:10","guid":{"rendered":"https:\/\/vof-news.eu\/nato-und-usa-einigen-sich-auf-waffenlieferungen-fur-die-ukraine\/"},"modified":"2025-07-14T19:28:59","modified_gmt":"2025-07-14T16:28:59","slug":"nato-und-usa-einigen-sich-auf-waffenlieferungen-fur-die-ukraine","status":"publish","type":"post","link":"https:\/\/vof-news.eu\/de\/nato-und-usa-einigen-sich-auf-waffenlieferungen-fur-die-ukraine\/","title":{"rendered":"Nato und USA einigen sich auf Waffenlieferungen f\u00fcr die Ukraine"},"content":{"rendered":"<div>\n<p>US-Pr\u00e4sident Donald Trump und Nato-Generalsekret\u00e4r Mark Rutte haben sich auf Waffenlieferungen f\u00fcr die <span><a href=\"https:\/\/www.zeit.de\/politik\/ausland\/ukraine-krieg-russland-newsblog-live\" rel=\"nofollow\">Ukraine<\/a><\/span> verst\u00e4ndigt.\u00a0Das verk\u00fcndeten sie bei<br \/>\neinem Treffen im Oval Office. &#8222;Wir werden Waffen der<br \/>\nSpitzenklasse herstellen und sie an die Nato liefern&#8220;, sagte Trump. Der<br \/>\nUS-Pr\u00e4sident k\u00fcndigte zudem an, dass <a href=\"https:\/\/www.zeit.de\/politik\/2025-07\/donald-trump-ukraine-waffenlieferungen\" rel=\"nofollow\">die Nato-Mitglieder und nicht die<br \/>\namerikanischen Steuerzahler f\u00fcr die Kosten der Waffen aufkommen<\/a> w\u00fcrden.\n<\/p>\n<p>Die Vereinbarung bedeute, &#8222;dass die Ukraine ihre H\u00e4nde an wirklich<br \/>\nmassive Mengen an milit\u00e4rischer Ausr\u00fcstung bekommen&#8220; werde, sagte <span><a href=\"https:\/\/www.zeit.de\/thema\/mark-rutte\" rel=\"nofollow\">Rutte<\/a><\/span>. Demnach sollen US-Waffen, etwa<br \/>\nf\u00fcr die Luftabwehr, <a href=\"https:\/\/www.zeit.de\/politik\/ausland\/2025-07\/flugabwehrsystem-patriot-waffe-produktion-ukraine\" rel=\"nofollow\">von europ\u00e4ischen L\u00e4ndern wie Deutschland bezahlt<br \/>\nwerden<\/a>. <a href=\"https:\/\/www.zeit.de\/politik\/ausland\/2025-07\/donald-trump-lieferung-patriots-ukraine-ankuendigung\" rel=\"nofollow\">Nach Angaben Trumps handelt es sich dabei auch um Patriot-Abwehrsysteme<\/a>. <a href=\"https:\/\/www.zeit.de\/politik\/ausland\/2025-07\/ukraine-krieg-patriot-abwehrsystem-wolodymyr-selenskyj\" rel=\"nofollow\">Trump und Selenskyj hatten zuvor schon \u00fcber eine m\u00f6gliche Lieferung gesprochen<\/a>.\n<\/p>\n<h2>Drohung mit hohen Z\u00f6llen gegen Russland<\/h2>\n<p><span><a href=\"https:\/\/www.zeit.de\/thema\/donald-trump\" rel=\"nofollow\">Trump<\/a><\/span> drohte Russland zudem mit Strafz\u00f6llen, falls es nicht innerhalb von 50 Tagen eine Einigung zur <a href=\"https:\/\/www.zeit.de\/politik\/ausland\/ukraine-krieg-news-liveblog\" rel=\"nofollow\">Beendigung des Krieges<\/a> gebe.\u00a0Er<br \/>\n zeigte sich unzufrieden mit dem russischen Pr\u00e4sidenten Wladimir Putin. Russlands Verb\u00fcndeten wie<br \/>\n China und Indien drohte er zudem mit Strafz\u00f6llen in H\u00f6he von 100<br \/>\nProzent.\u00a0Die USA w\u00fcrden die sogenannten Sekund\u00e4rz\u00f6lle erheben, wenn es<br \/>\nin 50<br \/>\nTagen keine Waffenruhe-Vereinbarung im Ukraine-Krieg gebe, sagte Trump.\n<\/p>\n<p>Wie die Z\u00f6lle umgesetzt werden sollen, sagte Trump nicht. Im Kongress arbeiten Vertreter beider Parteien jedoch bereits an einem Gesetz, das Z\u00f6lle in H\u00f6he von 500 Prozent auf Waren aus L\u00e4ndern<br \/>\n vorsieht, die weiterhin russisches \u00d6l, Gas, Uran und andere G\u00fcter<br \/>\nkaufen. Die Mehrheit des Senats ist bereits f\u00fcr den Entwurf, Trump soll jedoch noch zustimmen.\n<\/p>\n<p>Der US-Pr\u00e4sident sprach von &#8222;sehr heftigen Z\u00f6llen&#8220;. Die USA<br \/>\nh\u00e4tten im Zusammenhang mit dem Krieg ungef\u00e4hr 350 Milliarden US-Dollar<br \/>\nausgegeben und h\u00e4tten gerne, dass er endet. <a href=\"https:\/\/www.zeit.de\/politik\/ausland\/2025-07\/wladimir-putin-donald-trump-praesident-bromance-ukraine\" rel=\"nofollow\">Das ist eine Wende in Trumps Russland-Politik<\/a>: Zuvor hatte er mehrfach mit Putin telefoniert und auf einen &#8222;Deal&#8220; gepocht.\n<\/p>\n<p>Trump hatte eine wichtige Erkl\u00e4rung zu <span><a href=\"https:\/\/www.zeit.de\/thema\/russland\" rel=\"nofollow\">Russland<\/a><\/span> angek\u00fcndigt. &#8222;Ich nutze den Handel f\u00fcr viele Dinge&#8220;, sagte er nun. &#8222;Aber er ist gro\u00dfartig, um Kriege zu beenden.&#8220; Trump hatte nur kurz zuvor <a href=\"https:\/\/www.zeit.de\/wirtschaft\/2025-07\/trump-donald-eu-zoelle-maros-sefcovic-gegenzoelle\" rel=\"nofollow\">neue Z\u00f6lle f\u00fcr zahlreiche Staaten, darunter auch die EU-Staaten, angek\u00fcndigt<\/a>.\n<\/p>\n<\/div>\n","protected":false},"excerpt":{"rendered":"<p>US-Pr\u00e4sident Donald Trump und Nato-Generalsekret\u00e4r Mark Rutte haben sich auf Waffenlieferungen f\u00fcr die Ukraine verst\u00e4ndigt.\u00a0Das verk\u00fcndeten sie bei einem Treffen im Oval Office. &#8222;Wir werden Waffen der Spitzenklasse herstellen und sie an die Nato liefern&#8220;, sagte Trump. Der US-Pr\u00e4sident k\u00fcndigte zudem an, dass die Nato-Mitglieder und nicht die amerikanischen Steuerzahler f\u00fcr die Kosten der Waffen<\/p>\n","protected":false},"author":1,"featured_media":254158,"comment_status":"open","ping_status":"open","sticky":false,"template":"","format":"standard","meta":{"footnotes":""},"categories":[116],"tags":[],"class_list":["post-254157","post","type-post","status-publish","format-standard","has-post-thumbnail","hentry","category-war-chronicles-de"],"acf":[],"yoast_head":"<!-- This site is optimized with the Yoast SEO plugin v22.9 - https:\/\/yoast.com\/wordpress\/plugins\/seo\/ -->\n<title>Nato und USA einigen sich auf Waffenlieferungen f\u00fcr die Ukraine - vof-news.eu<\/title>\n<meta name=\"description\" content=\"US-Pr\u00e4sident Donald Trump und Nato-Generalsekret\u00e4r Mark Rutte haben sich auf Waffenlieferungen f\u00fcr die Ukraine verst\u00e4ndigt.\u00a0Das verk\u00fcndeten sie bei\" \/>\n<meta name=\"robots\" content=\"noindex, follow, max-snippet:-1, max-image-preview:large, max-video-preview:-1\" \/>\n<meta property=\"og:locale\" content=\"de_DE\" \/>\n<meta property=\"og:type\" content=\"article\" \/>\n<meta property=\"og:title\" content=\"Nato und USA einigen sich auf Waffenlieferungen f\u00fcr die Ukraine - vof-news.eu\" \/>\n<meta property=\"og:description\" content=\"US-Pr\u00e4sident Donald Trump und Nato-Generalsekret\u00e4r Mark Rutte haben sich auf Waffenlieferungen f\u00fcr die Ukraine verst\u00e4ndigt.\u00a0Das verk\u00fcndeten sie bei\" \/>\n<meta property=\"og:url\" content=\"https:\/\/vof-news.eu\/de\/nato-und-usa-einigen-sich-auf-waffenlieferungen-fur-die-ukraine\/\" \/>\n<meta property=\"og:site_name\" content=\"vof-news.eu\" \/>\n<meta property=\"article:published_time\" content=\"2025-07-14T16:28:10+00:00\" \/>\n<meta property=\"article:modified_time\" content=\"2025-07-14T16:28:59+00:00\" \/>\n<meta property=\"og:image\" content=\"https:\/\/vof-news.eu\/wp-content\/uploads\/2025\/07\/wide__1000x562-41.jpg\" \/>\n\t<meta property=\"og:image:width\" content=\"1000\" \/>\n\t<meta property=\"og:image:height\" content=\"562\" \/>\n\t<meta property=\"og:image:type\" content=\"image\/jpeg\" \/>\n<meta name=\"author\" content=\"Author\" \/>\n<meta name=\"twitter:card\" content=\"summary_large_image\" \/>\n<meta name=\"twitter:label1\" content=\"Verfasst von\" \/>\n\t<meta name=\"twitter:data1\" content=\"Author\" \/>\n\t<meta name=\"twitter:label2\" content=\"Gesch\u00e4tzte Lesezeit\" \/>\n\t<meta name=\"twitter:data2\" content=\"2\u00a0Minuten\" \/>\n<script type=\"application\/ld+json\" class=\"yoast-schema-graph\">{\"@context\":\"https:\/\/schema.org\",\"@graph\":[{\"@type\":\"WebPage\",\"@id\":\"https:\/\/vof-news.eu\/de\/nato-und-usa-einigen-sich-auf-waffenlieferungen-fur-die-ukraine\/\",\"url\":\"https:\/\/vof-news.eu\/de\/nato-und-usa-einigen-sich-auf-waffenlieferungen-fur-die-ukraine\/\",\"name\":\"Nato und USA einigen sich auf Waffenlieferungen f\u00fcr die Ukraine - vof-news.eu\",\"isPartOf\":{\"@id\":\"https:\/\/vof-news.eu\/de\/#website\"},\"primaryImageOfPage\":{\"@id\":\"https:\/\/vof-news.eu\/de\/nato-und-usa-einigen-sich-auf-waffenlieferungen-fur-die-ukraine\/#primaryimage\"},\"image\":{\"@id\":\"https:\/\/vof-news.eu\/de\/nato-und-usa-einigen-sich-auf-waffenlieferungen-fur-die-ukraine\/#primaryimage\"},\"thumbnailUrl\":\"https:\/\/vof-news.eu\/wp-content\/uploads\/2025\/07\/wide__1000x562-41.jpg\",\"datePublished\":\"2025-07-14T16:28:10+00:00\",\"dateModified\":\"2025-07-14T16:28:59+00:00\",\"author\":{\"@id\":\"https:\/\/vof-news.eu\/de\/#\/schema\/person\/f6a2a4309f0561835797fd8c19b333ed\"},\"description\":\"US-Pr\u00e4sident Donald Trump und Nato-Generalsekret\u00e4r Mark Rutte haben sich auf Waffenlieferungen f\u00fcr die Ukraine verst\u00e4ndigt.\u00a0Das verk\u00fcndeten sie bei\",\"breadcrumb\":{\"@id\":\"https:\/\/vof-news.eu\/de\/nato-und-usa-einigen-sich-auf-waffenlieferungen-fur-die-ukraine\/#breadcrumb\"},\"inLanguage\":\"de\",\"potentialAction\":[{\"@type\":\"ReadAction\",\"target\":[\"https:\/\/vof-news.eu\/de\/nato-und-usa-einigen-sich-auf-waffenlieferungen-fur-die-ukraine\/\"]}]},{\"@type\":\"ImageObject\",\"inLanguage\":\"de\",\"@id\":\"https:\/\/vof-news.eu\/de\/nato-und-usa-einigen-sich-auf-waffenlieferungen-fur-die-ukraine\/#primaryimage\",\"url\":\"https:\/\/vof-news.eu\/wp-content\/uploads\/2025\/07\/wide__1000x562-41.jpg\",\"contentUrl\":\"https:\/\/vof-news.eu\/wp-content\/uploads\/2025\/07\/wide__1000x562-41.jpg\",\"width\":1000,\"height\":562},{\"@type\":\"BreadcrumbList\",\"@id\":\"https:\/\/vof-news.eu\/de\/nato-und-usa-einigen-sich-auf-waffenlieferungen-fur-die-ukraine\/#breadcrumb\",\"itemListElement\":[{\"@type\":\"ListItem\",\"position\":1,\"name\":\"Home\",\"item\":\"https:\/\/vof-news.eu\/de\/\"},{\"@type\":\"ListItem\",\"position\":2,\"name\":\"Nato und USA einigen sich auf Waffenlieferungen f\u00fcr die Ukraine\"}]},{\"@type\":\"WebSite\",\"@id\":\"https:\/\/vof-news.eu\/de\/#website\",\"url\":\"https:\/\/vof-news.eu\/de\/\",\"name\":\"vof-news.eu\",\"description\":\"\",\"potentialAction\":[{\"@type\":\"SearchAction\",\"target\":{\"@type\":\"EntryPoint\",\"urlTemplate\":\"https:\/\/vof-news.eu\/de\/?s={search_term_string}\"},\"query-input\":\"required name=search_term_string\"}],\"inLanguage\":\"de\"},{\"@type\":\"Person\",\"@id\":\"https:\/\/vof-news.eu\/de\/#\/schema\/person\/f6a2a4309f0561835797fd8c19b333ed\",\"name\":\"Author\",\"image\":{\"@type\":\"ImageObject\",\"inLanguage\":\"de\",\"@id\":\"https:\/\/vof-news.eu\/de\/#\/schema\/person\/image\/\",\"url\":\"https:\/\/secure.gravatar.com\/avatar\/b67e614b1b25b3e9c0c239efdd2fde5ab015b5affd6f1c3c85911ca4b384e790?s=96&d=mm&r=g\",\"contentUrl\":\"https:\/\/secure.gravatar.com\/avatar\/b67e614b1b25b3e9c0c239efdd2fde5ab015b5affd6f1c3c85911ca4b384e790?s=96&d=mm&r=g\",\"caption\":\"Author\"},\"sameAs\":[\"http:\/\/vof-news.eu\"],\"url\":\"https:\/\/vof-news.eu\/de\/author\/zwt6qxnjulxbnyg\/\"}]}<\/script>\n<!-- \/ Yoast SEO plugin. -->","yoast_head_json":{"title":"Nato und USA einigen sich auf Waffenlieferungen f\u00fcr die Ukraine - vof-news.eu","description":"US-Pr\u00e4sident Donald Trump und Nato-Generalsekret\u00e4r Mark Rutte haben sich auf Waffenlieferungen f\u00fcr die Ukraine verst\u00e4ndigt.\u00a0Das verk\u00fcndeten sie bei","robots":{"index":"noindex","follow":"follow","max-snippet":"max-snippet:-1","max-image-preview":"max-image-preview:large","max-video-preview":"max-video-preview:-1"},"og_locale":"de_DE","og_type":"article","og_title":"Nato und USA einigen sich auf Waffenlieferungen f\u00fcr die Ukraine - vof-news.eu","og_description":"US-Pr\u00e4sident Donald Trump und Nato-Generalsekret\u00e4r Mark Rutte haben sich auf Waffenlieferungen f\u00fcr die Ukraine verst\u00e4ndigt.\u00a0Das verk\u00fcndeten sie bei","og_url":"https:\/\/vof-news.eu\/de\/nato-und-usa-einigen-sich-auf-waffenlieferungen-fur-die-ukraine\/","og_site_name":"vof-news.eu","article_published_time":"2025-07-14T16:28:10+00:00","article_modified_time":"2025-07-14T16:28:59+00:00","og_image":[{"width":1000,"height":562,"url":"https:\/\/vof-news.eu\/wp-content\/uploads\/2025\/07\/wide__1000x562-41.jpg","type":"image\/jpeg"}],"author":"Author","twitter_card":"summary_large_image","twitter_misc":{"Verfasst von":"Author","Gesch\u00e4tzte Lesezeit":"2\u00a0Minuten"},"schema":{"@context":"https:\/\/schema.org","@graph":[{"@type":"WebPage","@id":"https:\/\/vof-news.eu\/de\/nato-und-usa-einigen-sich-auf-waffenlieferungen-fur-die-ukraine\/","url":"https:\/\/vof-news.eu\/de\/nato-und-usa-einigen-sich-auf-waffenlieferungen-fur-die-ukraine\/","name":"Nato und USA einigen sich auf Waffenlieferungen f\u00fcr die Ukraine - vof-news.eu","isPartOf":{"@id":"https:\/\/vof-news.eu\/de\/#website"},"primaryImageOfPage":{"@id":"https:\/\/vof-news.eu\/de\/nato-und-usa-einigen-sich-auf-waffenlieferungen-fur-die-ukraine\/#primaryimage"},"image":{"@id":"https:\/\/vof-news.eu\/de\/nato-und-usa-einigen-sich-auf-waffenlieferungen-fur-die-ukraine\/#primaryimage"},"thumbnailUrl":"https:\/\/vof-news.eu\/wp-content\/uploads\/2025\/07\/wide__1000x562-41.jpg","datePublished":"2025-07-14T16:28:10+00:00","dateModified":"2025-07-14T16:28:59+00:00","author":{"@id":"https:\/\/vof-news.eu\/de\/#\/schema\/person\/f6a2a4309f0561835797fd8c19b333ed"},"description":"US-Pr\u00e4sident Donald Trump und Nato-Generalsekret\u00e4r Mark Rutte haben sich auf Waffenlieferungen f\u00fcr die Ukraine verst\u00e4ndigt.\u00a0Das verk\u00fcndeten sie bei","breadcrumb":{"@id":"https:\/\/vof-news.eu\/de\/nato-und-usa-einigen-sich-auf-waffenlieferungen-fur-die-ukraine\/#breadcrumb"},"inLanguage":"de","potentialAction":[{"@type":"ReadAction","target":["https:\/\/vof-news.eu\/de\/nato-und-usa-einigen-sich-auf-waffenlieferungen-fur-die-ukraine\/"]}]},{"@type":"ImageObject","inLanguage":"de","@id":"https:\/\/vof-news.eu\/de\/nato-und-usa-einigen-sich-auf-waffenlieferungen-fur-die-ukraine\/#primaryimage","url":"https:\/\/vof-news.eu\/wp-content\/uploads\/2025\/07\/wide__1000x562-41.jpg","contentUrl":"https:\/\/vof-news.eu\/wp-content\/uploads\/2025\/07\/wide__1000x562-41.jpg","width":1000,"height":562},{"@type":"BreadcrumbList","@id":"https:\/\/vof-news.eu\/de\/nato-und-usa-einigen-sich-auf-waffenlieferungen-fur-die-ukraine\/#breadcrumb","itemListElement":[{"@type":"ListItem","position":1,"name":"Home","item":"https:\/\/vof-news.eu\/de\/"},{"@type":"ListItem","position":2,"name":"Nato und USA einigen sich auf Waffenlieferungen f\u00fcr die Ukraine"}]},{"@type":"WebSite","@id":"https:\/\/vof-news.eu\/de\/#website","url":"https:\/\/vof-news.eu\/de\/","name":"vof-news.eu","description":"","potentialAction":[{"@type":"SearchAction","target":{"@type":"EntryPoint","urlTemplate":"https:\/\/vof-news.eu\/de\/?s={search_term_string}"},"query-input":"required name=search_term_string"}],"inLanguage":"de"},{"@type":"Person","@id":"https:\/\/vof-news.eu\/de\/#\/schema\/person\/f6a2a4309f0561835797fd8c19b333ed","name":"Author","image":{"@type":"ImageObject","inLanguage":"de","@id":"https:\/\/vof-news.eu\/de\/#\/schema\/person\/image\/","url":"https:\/\/secure.gravatar.com\/avatar\/b67e614b1b25b3e9c0c239efdd2fde5ab015b5affd6f1c3c85911ca4b384e790?s=96&d=mm&r=g","contentUrl":"https:\/\/secure.gravatar.com\/avatar\/b67e614b1b25b3e9c0c239efdd2fde5ab015b5affd6f1c3c85911ca4b384e790?s=96&d=mm&r=g","caption":"Author"},"sameAs":["http:\/\/vof-news.eu"],"url":"https:\/\/vof-news.eu\/de\/author\/zwt6qxnjulxbnyg\/"}]}},"yoast_meta":{"yoast_wpseo_title":"","yoast_wpseo_metadesc":"","yoast_wpseo_canonical":""},"_links":{"self":[{"href":"https:\/\/vof-news.eu\/de\/wp-json\/wp\/v2\/posts\/254157","targetHints":{"allow":["GET"]}}],"collection":[{"href":"https:\/\/vof-news.eu\/de\/wp-json\/wp\/v2\/posts"}],"about":[{"href":"https:\/\/vof-news.eu\/de\/wp-json\/wp\/v2\/types\/post"}],"author":[{"embeddable":true,"href":"https:\/\/vof-news.eu\/de\/wp-json\/wp\/v2\/users\/1"}],"replies":[{"embeddable":true,"href":"https:\/\/vof-news.eu\/de\/wp-json\/wp\/v2\/comments?post=254157"}],"version-history":[{"count":1,"href":"https:\/\/vof-news.eu\/de\/wp-json\/wp\/v2\/posts\/254157\/revisions"}],"predecessor-version":[{"id":254164,"href":"https:\/\/vof-news.eu\/de\/wp-json\/wp\/v2\/posts\/254157\/revisions\/254164"}],"wp:featuredmedia":[{"embeddable":true,"href":"https:\/\/vof-news.eu\/de\/wp-json\/wp\/v2\/media\/254158"}],"wp:attachment":[{"href":"https:\/\/vof-news.eu\/de\/wp-json\/wp\/v2\/media?parent=254157"}],"wp:term":[{"taxonomy":"category","embeddable":true,"href":"https:\/\/vof-news.eu\/de\/wp-json\/wp\/v2\/categories?post=254157"},{"taxonomy":"post_tag","embeddable":true,"href":"https:\/\/vof-news.eu\/de\/wp-json\/wp\/v2\/tags?post=254157"}],"curies":[{"name":"wp","href":"https:\/\/api.w.org\/{rel}","templated":true}]}}