{"id":254055,"date":"2025-07-14T17:28:10","date_gmt":"2025-07-14T14:28:10","guid":{"rendered":"https:\/\/vof-news.eu\/selenskyj-will-ministerprasident-schmyhal-ablosen\/"},"modified":"2025-07-14T17:29:19","modified_gmt":"2025-07-14T14:29:19","slug":"selenskyj-will-ministerprasident-schmyhal-ablosen","status":"publish","type":"post","link":"https:\/\/vof-news.eu\/de\/selenskyj-will-ministerprasident-schmyhal-ablosen\/","title":{"rendered":"Selenskyj will Ministerpr\u00e4sident Schmyhal abl\u00f6sen"},"content":{"rendered":"<div>\n<p>Der ukrainische Pr\u00e4sident <span><a href=\"https:\/\/www.zeit.de\/thema\/wolodymyr-selenskyj\" rel=\"nofollow\">Wolodymyr Selenskyj<\/a><\/span> hat einen Umbau seiner Regierung angek\u00fcndigt. Er habe die stellvertretende Ministerpr\u00e4sidentin und Wirtschaftsministerin Julija Swyrydenko gebeten,\u00a0eine neue Regierung zu f\u00fchren,\u00a0schrieb<br \/>\nSelenskyj auf der Plattform X.\u00a0Die Ernennung muss noch vom Parlament best\u00e4tigt werden.\n<\/p>\n<p>Selenskyj<br \/>\n postete ein Foto vom Treffen und schrieb dazu: &#8222;Wir (\u2026) haben konkrete<br \/>\nMa\u00dfnahmen er\u00f6rtert, um das wirtschaftliche Potenzial der Ukraine<br \/>\nanzukurbeln, Hilfsprogramme f\u00fcr die ukrainische Bev\u00f6lkerung auszuweiten<br \/>\nund unsere heimische Waffenproduktion zu steigern.&#8220; Die neue Regierung mit Swyrydenko an der Spitze soll demnach die Vereinbarungen mit europ\u00e4ischen und amerikanischen Partnern zur Unterst\u00fctzung der <span><a href=\"https:\/\/www.zeit.de\/politik\/ausland\/ukraine-krieg-russland-newsblog-live\" rel=\"nofollow\">Ukraine<\/a><\/span> umsetzen, die zuvor auf der j\u00fcngsten Hilfskonferenz getroffen worden waren.\u00a0\n<\/p>\n<p>Laut dem Abgeordneten Jaroslaw Schelesnjak von der Partei Holos handelt es sich um gro\u00df angelegte politische Umbesetzungen.\u00a0Die parlamentarische Abstimmung dar\u00fcber sei bereits diese Woche, am 16. Juli,<br \/>\nm\u00f6glich. Weiter schrieb er auf Telegram, dass unter anderem der Energie-, Verteidigungs-\u00a0 und Bildungsminister ausgetauscht werden sollen.\n<\/p>\n<h2>Wirtschaftsexpertin mit Verhandlungserfahrung<\/h2>\n<p>Ukrainische Medien zitierten Quellen, denen zufolge der bisherige Ministerpr\u00e4sident Denys Shmyhal den Posten des Verteidigungsministers \u00fcbernehmen k\u00f6nnte, w\u00e4hrend der amtierende Leiter des Verteidigungsministeriums, Rustem Umjerov, als Botschafter in die USA wechseln w\u00fcrde. Eine offizielle Best\u00e4tigung gibt es bisher nicht.\n<\/p>\n<p>Swyrydenko gilt als Wirtschafts- und Handelsexpertin. Die 1985 in der<br \/>\nRegion Tschernihiw geborene Politikerin war zun\u00e4chst<br \/>\nin der Lokalpolitik und in der Privatwirtschaft t\u00e4tig. Seit<br \/>\n2021 ist Swyrydenko Erste Vize-Ministerpr\u00e4sidentin. Sie spielte eine<br \/>\nSchl\u00fcsselrolle bei den j\u00fcngsten Verhandlungen \u00fcber ein<br \/>\nMineralienabkommen mit den USA.\u00a0Der bisherige Ministerpr\u00e4sident<br \/>\nDenys Schmyhal ist seit M\u00e4rz 2020 im Amt und damit der<br \/>\ndienst\u00e4lteste Regierungschef seit der Unabh\u00e4ngigkeit des Landes<br \/>\n1991.\n<\/p>\n<\/div>\n","protected":false},"excerpt":{"rendered":"<p>Der ukrainische Pr\u00e4sident Wolodymyr Selenskyj hat einen Umbau seiner Regierung angek\u00fcndigt. Er habe die stellvertretende Ministerpr\u00e4sidentin und Wirtschaftsministerin Julija Swyrydenko gebeten,\u00a0eine neue Regierung zu f\u00fchren,\u00a0schrieb Selenskyj auf der Plattform X.\u00a0Die Ernennung muss noch vom Parlament best\u00e4tigt werden. Selenskyj postete ein Foto vom Treffen und schrieb dazu: &#8222;Wir (\u2026) haben konkrete Ma\u00dfnahmen er\u00f6rtert, um das wirtschaftliche<\/p>\n","protected":false},"author":1,"featured_media":254056,"comment_status":"open","ping_status":"open","sticky":false,"template":"","format":"standard","meta":{"footnotes":""},"categories":[116],"tags":[],"class_list":["post-254055","post","type-post","status-publish","format-standard","has-post-thumbnail","hentry","category-war-chronicles-de"],"acf":[],"yoast_head":"<!-- This site is optimized with the Yoast SEO plugin v22.9 - https:\/\/yoast.com\/wordpress\/plugins\/seo\/ -->\n<title>Selenskyj will Ministerpr\u00e4sident Schmyhal abl\u00f6sen - vof-news.eu<\/title>\n<meta name=\"description\" content=\"Der ukrainische Pr\u00e4sident Wolodymyr Selenskyj hat einen Umbau seiner Regierung angek\u00fcndigt. Er habe die stellvertretende Ministerpr\u00e4sidentin und Wirtschaftsministerin Julija Swyrydenko gebeten,\u00a0eine neue Regierung zu f\u00fchren,\u00a0schrieb\" \/>\n<meta name=\"robots\" content=\"noindex, follow, max-snippet:-1, max-image-preview:large, max-video-preview:-1\" \/>\n<meta property=\"og:locale\" content=\"de_DE\" \/>\n<meta property=\"og:type\" content=\"article\" \/>\n<meta property=\"og:title\" content=\"Selenskyj will Ministerpr\u00e4sident Schmyhal abl\u00f6sen - vof-news.eu\" \/>\n<meta property=\"og:description\" content=\"Der ukrainische Pr\u00e4sident Wolodymyr Selenskyj hat einen Umbau seiner Regierung angek\u00fcndigt. Er habe die stellvertretende Ministerpr\u00e4sidentin und Wirtschaftsministerin Julija Swyrydenko gebeten,\u00a0eine neue Regierung zu f\u00fchren,\u00a0schrieb\" \/>\n<meta property=\"og:url\" content=\"https:\/\/vof-news.eu\/de\/selenskyj-will-ministerprasident-schmyhal-ablosen\/\" \/>\n<meta property=\"og:site_name\" content=\"vof-news.eu\" \/>\n<meta property=\"article:published_time\" content=\"2025-07-14T14:28:10+00:00\" \/>\n<meta property=\"article:modified_time\" content=\"2025-07-14T14:29:19+00:00\" \/>\n<meta property=\"og:image\" content=\"https:\/\/vof-news.eu\/wp-content\/uploads\/2025\/07\/wide__1000x562-40.jpg\" \/>\n\t<meta property=\"og:image:width\" content=\"1000\" \/>\n\t<meta property=\"og:image:height\" content=\"562\" \/>\n\t<meta property=\"og:image:type\" content=\"image\/jpeg\" \/>\n<meta name=\"author\" content=\"Author\" \/>\n<meta name=\"twitter:card\" content=\"summary_large_image\" \/>\n<meta name=\"twitter:label1\" content=\"Verfasst von\" \/>\n\t<meta name=\"twitter:data1\" content=\"Author\" \/>\n\t<meta name=\"twitter:label2\" content=\"Gesch\u00e4tzte Lesezeit\" \/>\n\t<meta name=\"twitter:data2\" content=\"1\u00a0Minute\" \/>\n<script type=\"application\/ld+json\" class=\"yoast-schema-graph\">{\"@context\":\"https:\/\/schema.org\",\"@graph\":[{\"@type\":\"WebPage\",\"@id\":\"https:\/\/vof-news.eu\/de\/selenskyj-will-ministerprasident-schmyhal-ablosen\/\",\"url\":\"https:\/\/vof-news.eu\/de\/selenskyj-will-ministerprasident-schmyhal-ablosen\/\",\"name\":\"Selenskyj will Ministerpr\u00e4sident Schmyhal abl\u00f6sen - vof-news.eu\",\"isPartOf\":{\"@id\":\"https:\/\/vof-news.eu\/de\/#website\"},\"primaryImageOfPage\":{\"@id\":\"https:\/\/vof-news.eu\/de\/selenskyj-will-ministerprasident-schmyhal-ablosen\/#primaryimage\"},\"image\":{\"@id\":\"https:\/\/vof-news.eu\/de\/selenskyj-will-ministerprasident-schmyhal-ablosen\/#primaryimage\"},\"thumbnailUrl\":\"https:\/\/vof-news.eu\/wp-content\/uploads\/2025\/07\/wide__1000x562-40.jpg\",\"datePublished\":\"2025-07-14T14:28:10+00:00\",\"dateModified\":\"2025-07-14T14:29:19+00:00\",\"author\":{\"@id\":\"https:\/\/vof-news.eu\/de\/#\/schema\/person\/f6a2a4309f0561835797fd8c19b333ed\"},\"description\":\"Der ukrainische Pr\u00e4sident Wolodymyr Selenskyj hat einen Umbau seiner Regierung angek\u00fcndigt. Er habe die stellvertretende Ministerpr\u00e4sidentin und Wirtschaftsministerin Julija Swyrydenko gebeten,\u00a0eine neue Regierung zu f\u00fchren,\u00a0schrieb\",\"breadcrumb\":{\"@id\":\"https:\/\/vof-news.eu\/de\/selenskyj-will-ministerprasident-schmyhal-ablosen\/#breadcrumb\"},\"inLanguage\":\"de\",\"potentialAction\":[{\"@type\":\"ReadAction\",\"target\":[\"https:\/\/vof-news.eu\/de\/selenskyj-will-ministerprasident-schmyhal-ablosen\/\"]}]},{\"@type\":\"ImageObject\",\"inLanguage\":\"de\",\"@id\":\"https:\/\/vof-news.eu\/de\/selenskyj-will-ministerprasident-schmyhal-ablosen\/#primaryimage\",\"url\":\"https:\/\/vof-news.eu\/wp-content\/uploads\/2025\/07\/wide__1000x562-40.jpg\",\"contentUrl\":\"https:\/\/vof-news.eu\/wp-content\/uploads\/2025\/07\/wide__1000x562-40.jpg\",\"width\":1000,\"height\":562},{\"@type\":\"BreadcrumbList\",\"@id\":\"https:\/\/vof-news.eu\/de\/selenskyj-will-ministerprasident-schmyhal-ablosen\/#breadcrumb\",\"itemListElement\":[{\"@type\":\"ListItem\",\"position\":1,\"name\":\"Home\",\"item\":\"https:\/\/vof-news.eu\/de\/\"},{\"@type\":\"ListItem\",\"position\":2,\"name\":\"Selenskyj will Ministerpr\u00e4sident Schmyhal abl\u00f6sen\"}]},{\"@type\":\"WebSite\",\"@id\":\"https:\/\/vof-news.eu\/de\/#website\",\"url\":\"https:\/\/vof-news.eu\/de\/\",\"name\":\"vof-news.eu\",\"description\":\"\",\"potentialAction\":[{\"@type\":\"SearchAction\",\"target\":{\"@type\":\"EntryPoint\",\"urlTemplate\":\"https:\/\/vof-news.eu\/de\/?s={search_term_string}\"},\"query-input\":\"required name=search_term_string\"}],\"inLanguage\":\"de\"},{\"@type\":\"Person\",\"@id\":\"https:\/\/vof-news.eu\/de\/#\/schema\/person\/f6a2a4309f0561835797fd8c19b333ed\",\"name\":\"Author\",\"image\":{\"@type\":\"ImageObject\",\"inLanguage\":\"de\",\"@id\":\"https:\/\/vof-news.eu\/de\/#\/schema\/person\/image\/\",\"url\":\"https:\/\/secure.gravatar.com\/avatar\/b67e614b1b25b3e9c0c239efdd2fde5ab015b5affd6f1c3c85911ca4b384e790?s=96&d=mm&r=g\",\"contentUrl\":\"https:\/\/secure.gravatar.com\/avatar\/b67e614b1b25b3e9c0c239efdd2fde5ab015b5affd6f1c3c85911ca4b384e790?s=96&d=mm&r=g\",\"caption\":\"Author\"},\"sameAs\":[\"http:\/\/vof-news.eu\"],\"url\":\"https:\/\/vof-news.eu\/de\/author\/zwt6qxnjulxbnyg\/\"}]}<\/script>\n<!-- \/ Yoast SEO plugin. -->","yoast_head_json":{"title":"Selenskyj will Ministerpr\u00e4sident Schmyhal abl\u00f6sen - vof-news.eu","description":"Der ukrainische Pr\u00e4sident Wolodymyr Selenskyj hat einen Umbau seiner Regierung angek\u00fcndigt. Er habe die stellvertretende Ministerpr\u00e4sidentin und Wirtschaftsministerin Julija Swyrydenko gebeten,\u00a0eine neue Regierung zu f\u00fchren,\u00a0schrieb","robots":{"index":"noindex","follow":"follow","max-snippet":"max-snippet:-1","max-image-preview":"max-image-preview:large","max-video-preview":"max-video-preview:-1"},"og_locale":"de_DE","og_type":"article","og_title":"Selenskyj will Ministerpr\u00e4sident Schmyhal abl\u00f6sen - vof-news.eu","og_description":"Der ukrainische Pr\u00e4sident Wolodymyr Selenskyj hat einen Umbau seiner Regierung angek\u00fcndigt. Er habe die stellvertretende Ministerpr\u00e4sidentin und Wirtschaftsministerin Julija Swyrydenko gebeten,\u00a0eine neue Regierung zu f\u00fchren,\u00a0schrieb","og_url":"https:\/\/vof-news.eu\/de\/selenskyj-will-ministerprasident-schmyhal-ablosen\/","og_site_name":"vof-news.eu","article_published_time":"2025-07-14T14:28:10+00:00","article_modified_time":"2025-07-14T14:29:19+00:00","og_image":[{"width":1000,"height":562,"url":"https:\/\/vof-news.eu\/wp-content\/uploads\/2025\/07\/wide__1000x562-40.jpg","type":"image\/jpeg"}],"author":"Author","twitter_card":"summary_large_image","twitter_misc":{"Verfasst von":"Author","Gesch\u00e4tzte Lesezeit":"1\u00a0Minute"},"schema":{"@context":"https:\/\/schema.org","@graph":[{"@type":"WebPage","@id":"https:\/\/vof-news.eu\/de\/selenskyj-will-ministerprasident-schmyhal-ablosen\/","url":"https:\/\/vof-news.eu\/de\/selenskyj-will-ministerprasident-schmyhal-ablosen\/","name":"Selenskyj will Ministerpr\u00e4sident Schmyhal abl\u00f6sen - vof-news.eu","isPartOf":{"@id":"https:\/\/vof-news.eu\/de\/#website"},"primaryImageOfPage":{"@id":"https:\/\/vof-news.eu\/de\/selenskyj-will-ministerprasident-schmyhal-ablosen\/#primaryimage"},"image":{"@id":"https:\/\/vof-news.eu\/de\/selenskyj-will-ministerprasident-schmyhal-ablosen\/#primaryimage"},"thumbnailUrl":"https:\/\/vof-news.eu\/wp-content\/uploads\/2025\/07\/wide__1000x562-40.jpg","datePublished":"2025-07-14T14:28:10+00:00","dateModified":"2025-07-14T14:29:19+00:00","author":{"@id":"https:\/\/vof-news.eu\/de\/#\/schema\/person\/f6a2a4309f0561835797fd8c19b333ed"},"description":"Der ukrainische Pr\u00e4sident Wolodymyr Selenskyj hat einen Umbau seiner Regierung angek\u00fcndigt. Er habe die stellvertretende Ministerpr\u00e4sidentin und Wirtschaftsministerin Julija Swyrydenko gebeten,\u00a0eine neue Regierung zu f\u00fchren,\u00a0schrieb","breadcrumb":{"@id":"https:\/\/vof-news.eu\/de\/selenskyj-will-ministerprasident-schmyhal-ablosen\/#breadcrumb"},"inLanguage":"de","potentialAction":[{"@type":"ReadAction","target":["https:\/\/vof-news.eu\/de\/selenskyj-will-ministerprasident-schmyhal-ablosen\/"]}]},{"@type":"ImageObject","inLanguage":"de","@id":"https:\/\/vof-news.eu\/de\/selenskyj-will-ministerprasident-schmyhal-ablosen\/#primaryimage","url":"https:\/\/vof-news.eu\/wp-content\/uploads\/2025\/07\/wide__1000x562-40.jpg","contentUrl":"https:\/\/vof-news.eu\/wp-content\/uploads\/2025\/07\/wide__1000x562-40.jpg","width":1000,"height":562},{"@type":"BreadcrumbList","@id":"https:\/\/vof-news.eu\/de\/selenskyj-will-ministerprasident-schmyhal-ablosen\/#breadcrumb","itemListElement":[{"@type":"ListItem","position":1,"name":"Home","item":"https:\/\/vof-news.eu\/de\/"},{"@type":"ListItem","position":2,"name":"Selenskyj will Ministerpr\u00e4sident Schmyhal abl\u00f6sen"}]},{"@type":"WebSite","@id":"https:\/\/vof-news.eu\/de\/#website","url":"https:\/\/vof-news.eu\/de\/","name":"vof-news.eu","description":"","potentialAction":[{"@type":"SearchAction","target":{"@type":"EntryPoint","urlTemplate":"https:\/\/vof-news.eu\/de\/?s={search_term_string}"},"query-input":"required name=search_term_string"}],"inLanguage":"de"},{"@type":"Person","@id":"https:\/\/vof-news.eu\/de\/#\/schema\/person\/f6a2a4309f0561835797fd8c19b333ed","name":"Author","image":{"@type":"ImageObject","inLanguage":"de","@id":"https:\/\/vof-news.eu\/de\/#\/schema\/person\/image\/","url":"https:\/\/secure.gravatar.com\/avatar\/b67e614b1b25b3e9c0c239efdd2fde5ab015b5affd6f1c3c85911ca4b384e790?s=96&d=mm&r=g","contentUrl":"https:\/\/secure.gravatar.com\/avatar\/b67e614b1b25b3e9c0c239efdd2fde5ab015b5affd6f1c3c85911ca4b384e790?s=96&d=mm&r=g","caption":"Author"},"sameAs":["http:\/\/vof-news.eu"],"url":"https:\/\/vof-news.eu\/de\/author\/zwt6qxnjulxbnyg\/"}]}},"yoast_meta":{"yoast_wpseo_title":"","yoast_wpseo_metadesc":"","yoast_wpseo_canonical":""},"_links":{"self":[{"href":"https:\/\/vof-news.eu\/de\/wp-json\/wp\/v2\/posts\/254055","targetHints":{"allow":["GET"]}}],"collection":[{"href":"https:\/\/vof-news.eu\/de\/wp-json\/wp\/v2\/posts"}],"about":[{"href":"https:\/\/vof-news.eu\/de\/wp-json\/wp\/v2\/types\/post"}],"author":[{"embeddable":true,"href":"https:\/\/vof-news.eu\/de\/wp-json\/wp\/v2\/users\/1"}],"replies":[{"embeddable":true,"href":"https:\/\/vof-news.eu\/de\/wp-json\/wp\/v2\/comments?post=254055"}],"version-history":[{"count":1,"href":"https:\/\/vof-news.eu\/de\/wp-json\/wp\/v2\/posts\/254055\/revisions"}],"predecessor-version":[{"id":254062,"href":"https:\/\/vof-news.eu\/de\/wp-json\/wp\/v2\/posts\/254055\/revisions\/254062"}],"wp:featuredmedia":[{"embeddable":true,"href":"https:\/\/vof-news.eu\/de\/wp-json\/wp\/v2\/media\/254056"}],"wp:attachment":[{"href":"https:\/\/vof-news.eu\/de\/wp-json\/wp\/v2\/media?parent=254055"}],"wp:term":[{"taxonomy":"category","embeddable":true,"href":"https:\/\/vof-news.eu\/de\/wp-json\/wp\/v2\/categories?post=254055"},{"taxonomy":"post_tag","embeddable":true,"href":"https:\/\/vof-news.eu\/de\/wp-json\/wp\/v2\/tags?post=254055"}],"curies":[{"name":"wp","href":"https:\/\/api.w.org\/{rel}","templated":true}]}}