{"id":253711,"date":"2025-07-14T07:26:07","date_gmt":"2025-07-14T04:26:07","guid":{"rendered":"https:\/\/vof-news.eu\/fachkraftelucke-wird-rasant-wachsen-768-000-stellen-betroffen\/"},"modified":"2025-07-14T07:26:33","modified_gmt":"2025-07-14T04:26:33","slug":"fachkraftelucke-wird-rasant-wachsen-768-000-stellen-betroffen","status":"publish","type":"post","link":"https:\/\/vof-news.eu\/de\/fachkraftelucke-wird-rasant-wachsen-768-000-stellen-betroffen\/","title":{"rendered":"Fachkr\u00e4ftel\u00fccke wird rasant wachsen \u2013 768.000 Stellen betroffen"},"content":{"rendered":"<p>Erzieherinnen, Sozialarbeiter, Pflegerinnen und Verk\u00e4ufer fehlen bundesweit \u2013 ebenso Fachpersonal in anderen Berufen. Laut einer Studie des arbeitgebernahen Instituts der Deutschen Wirtschaft (IW) d\u00fcrfte sich diese Fachkr\u00e4ftel\u00fccke in den kommenden Jahren deutlich vergr\u00f6\u00dfern. 2028 k\u00f6nnten voraussichtlich 768.000 Stellen nicht mit ausreichend qualifizierten Fachkr\u00e4ften besetzt werden. 2024 waren es im Schnitt 487.000. <\/p>\n<p>\u201eHauptgrund ist der demografische Wandel. Viele Menschen gehen in den n\u00e4chsten Jahren in den Ruhestand\u201c, sagt Studienautor Jurek Tiedemann. \u201eWenn wir es nicht schaffen den Mangel abzufedern, wird das k\u00fcnftig f\u00fcr noch mehr Menschen im Alltag sp\u00fcrbar sein.\u201c Wenn Kita- und Pflegepl\u00e4tze fehlten, k\u00f6nnten Besch\u00e4ftigte ihre Arbeitszeit nicht erh\u00f6hen, weil sie sich um Kinder und Angeh\u00f6rige k\u00fcmmern m\u00fcssten.<\/p>\n<p>Die Studienautoren haben anhand der Daten von 2023 und der Trends der vergangenen Jahre untersucht, wie sich die Arbeitsmarktsituation in 1.300 Berufen weiter entwickelt. Die gr\u00f6\u00dften Engp\u00e4sse drohen bei Verk\u00e4ufern. Die Fachkr\u00e4ftel\u00fccke dort k\u00f6nnte von mehr als 12.900 auf 40.470 wachsen. Zu wenig junge Menschen entschieden sich f\u00fcr eine Ausbildung im Verkauf, so Tiedemann.<\/p>\n<p>Auf dem zweiten Platz folgen Kindererzieherinnen und -erzieher mit rund 30.800 Stellen, die nicht besetzt werden k\u00f6nnen. Dahinter liegen Sozialarbeit und -p\u00e4dagogik mit mehr als 21.150 sowie Gesundheits- und Krankenpflege mit gut 21.350.<\/p>\n<h3>Starke Zunahme der Besch\u00e4ftigtenzahl in IT-Berufen<\/h3>\n<p>Die Experten haben auch untersucht, in welchen Berufen die Zahl der Besch\u00e4ftigten am st\u00e4rksten steigen und sinken k\u00f6nnte. Den gr\u00f6\u00dften Zuwachs gibt es in der Kindererziehung. Bis 2028 werden voraussichtlich knapp 143.400 Stellen mit entsprechendem Personal neu besetzt werden k\u00f6nnen. Dies wird den Autoren zufolge jedoch nicht reichen, um den Bedarf zu decken. Einen erheblichen Anstieg von 26 Prozent wird es zudem in IT-Berufen geben. Grund daf\u00fcr ist die Digitalisierung. <\/p>\n<p>Den gr\u00f6\u00dften R\u00fcckgang erwartet das IW in Metallberufen. Dort k\u00f6nnte die Zahl der ausgebildeten Fachkr\u00e4fte bis 2028 um knapp 161.200 Stellen sinken. Viele Besch\u00e4ftigte scheiden aus dem Berufsleben aus und zu wenig Nachwuchs kommt nach. Ein au\u00dferordentlich gro\u00dfer Schwund wird auch bei ausgebildeten Bankkaufleuten prognostiziert. Die Zahl der Besch\u00e4ftigten sinkt demnach um etwa 56.300. \u201eDas Bankwesen wird automatisiert. Filialen werden geschlossen und Schalter gibt es immer seltener. Deshalb wird weniger Personal ben\u00f6tigt\u201c, sagt Tiedemann.<\/p>\n<p>Die Experten raten, die Berufsorientierung an Schulen auszubauen, Anreize f\u00fcr eine l\u00e4ngere Erwerbst\u00e4tigkeit zu erh\u00f6hen und qualifizierte Zuwanderung in gro\u00dfen Umfang zu erleichtern.<\/p>\n","protected":false},"excerpt":{"rendered":"<p>Erzieherinnen, Sozialarbeiter, Pflegerinnen und Verk\u00e4ufer fehlen bundesweit \u2013 ebenso Fachpersonal in anderen Berufen. Laut einer Studie des arbeitgebernahen Instituts der Deutschen Wirtschaft (IW) d\u00fcrfte sich diese Fachkr\u00e4ftel\u00fccke in den kommenden Jahren deutlich vergr\u00f6\u00dfern. 2028 k\u00f6nnten voraussichtlich 768.000 Stellen nicht mit ausreichend qualifizierten Fachkr\u00e4ften besetzt werden. 2024 waren es im Schnitt 487.000. \u201eHauptgrund ist der demografische<\/p>\n","protected":false},"author":1,"featured_media":253712,"comment_status":"open","ping_status":"open","sticky":false,"template":"","format":"standard","meta":{"footnotes":""},"categories":[59],"tags":[],"class_list":["post-253711","post","type-post","status-publish","format-standard","has-post-thumbnail","hentry","category-business-de"],"acf":[],"yoast_head":"<!-- This site is optimized with the Yoast SEO plugin v22.9 - https:\/\/yoast.com\/wordpress\/plugins\/seo\/ -->\n<title>Fachkr\u00e4ftel\u00fccke wird rasant wachsen \u2013 768.000 Stellen betroffen - vof-news.eu<\/title>\n<meta name=\"description\" content=\"Erzieherinnen, Sozialarbeiter, Pflegerinnen und Verk\u00e4ufer fehlen bundesweit \u2013 ebenso Fachpersonal in anderen Berufen. Laut einer Studie des arbeitgebernahen Instituts der Deutschen Wirtschaft (IW) d\u00fcrfte sich diese Fachkr\u00e4ftel\u00fccke in den kommenden Jahren deutlich vergr\u00f6\u00dfern. 2028 k\u00f6nnten voraussichtlich 768.000 Stellen nicht mit ausreichend qualifizierten Fachkr\u00e4ften besetzt werden. 2024 waren es im Schnitt 487.000. \u201eHauptgrund ist der demografische Wandel. Viele Menschen gehen in den n\u00e4chsten Jahren in den Ruhestand\u201c, sagt Studienautor Jurek Tiedemann. \u201eWenn wir es nicht schaffen den Mangel abzufedern, wird das k\u00fcnftig f\u00fcr noch mehr Menschen im Alltag sp\u00fcrbar sein.\u201c Wenn Kita- und Pflegepl\u00e4tze fehlten, k\u00f6nnten Besch\u00e4ftigte ihre Arbeitszeit nicht erh\u00f6hen, weil sie sich um Kinder und Angeh\u00f6rige k\u00fcmmern m\u00fcssten.Die Studienautoren haben anhand der Daten von 2023 und der Trends der vergangenen Jahre untersucht, wie sich die Arbeitsmarktsituation in 1.300 Berufen weiter entwickelt. Die gr\u00f6\u00dften Engp\u00e4sse drohen bei Verk\u00e4ufern. Die Fachkr\u00e4ftel\u00fccke dort k\u00f6nnte von mehr als 12.900 auf 40.470 wachsen. Zu wenig junge Menschen entschieden sich f\u00fcr eine Ausbildung im Verkauf, so Tiedemann.Auf dem zweiten Platz folgen Kindererzieherinnen und -erzieher mit rund 30.800 Stellen, die nicht besetzt werden k\u00f6nnen. Dahinter liegen Sozialarbeit und -p\u00e4dagogik mit mehr als 21.150 sowie Gesundheits- und Krankenpflege mit gut 21.350.Starke Zunahme der Besch\u00e4ftigtenzahl in IT-BerufenDie Experten haben auch untersucht, in welchen Berufen die Zahl der Besch\u00e4ftigten am st\u00e4rksten steigen und sinken k\u00f6nnte. Den gr\u00f6\u00dften Zuwachs gibt es in der Kindererziehung. Bis 2028 werden voraussichtlich knapp 143.400 Stellen mit entsprechendem Personal neu besetzt werden k\u00f6nnen. Dies wird den Autoren zufolge jedoch nicht reichen, um den Bedarf zu decken. Einen erheblichen Anstieg von 26 Prozent wird es zudem in IT-Berufen geben. Grund daf\u00fcr ist die Digitalisierung. Den gr\u00f6\u00dften R\u00fcckgang erwartet das IW in Metallberufen. Dort k\u00f6nnte die Zahl der ausgebildeten Fachkr\u00e4fte bis 2028 um knapp 161.200 Stellen sinken. Viele Besch\u00e4ftigte scheiden aus dem Berufsleben aus und zu wenig Nachwuchs kommt nach. Ein au\u00dferordentlich gro\u00dfer Schwund wird auch bei ausgebildeten Bankkaufleuten prognostiziert. Die Zahl der Besch\u00e4ftigten sinkt demnach um etwa 56.300. \u201eDas Bankwesen wird automatisiert. Filialen werden geschlossen und Schalter gibt es immer seltener. Deshalb wird weniger Personal ben\u00f6tigt\u201c, sagt Tiedemann.Die Experten raten, die Berufsorientierung an Schulen auszubauen, Anreize f\u00fcr eine l\u00e4ngere Erwerbst\u00e4tigkeit zu erh\u00f6hen und qualifizierte Zuwanderung in gro\u00dfen Umfang zu erleichtern.\" \/>\n<meta name=\"robots\" content=\"noindex, follow, max-snippet:-1, max-image-preview:large, max-video-preview:-1\" \/>\n<meta property=\"og:locale\" content=\"de_DE\" \/>\n<meta property=\"og:type\" content=\"article\" \/>\n<meta property=\"og:title\" content=\"Fachkr\u00e4ftel\u00fccke wird rasant wachsen \u2013 768.000 Stellen betroffen - vof-news.eu\" \/>\n<meta property=\"og:description\" content=\"Erzieherinnen, Sozialarbeiter, Pflegerinnen und Verk\u00e4ufer fehlen bundesweit \u2013 ebenso Fachpersonal in anderen Berufen. Laut einer Studie des arbeitgebernahen Instituts der Deutschen Wirtschaft (IW) d\u00fcrfte sich diese Fachkr\u00e4ftel\u00fccke in den kommenden Jahren deutlich vergr\u00f6\u00dfern. 2028 k\u00f6nnten voraussichtlich 768.000 Stellen nicht mit ausreichend qualifizierten Fachkr\u00e4ften besetzt werden. 2024 waren es im Schnitt 487.000. \u201eHauptgrund ist der demografische Wandel. Viele Menschen gehen in den n\u00e4chsten Jahren in den Ruhestand\u201c, sagt Studienautor Jurek Tiedemann. \u201eWenn wir es nicht schaffen den Mangel abzufedern, wird das k\u00fcnftig f\u00fcr noch mehr Menschen im Alltag sp\u00fcrbar sein.\u201c Wenn Kita- und Pflegepl\u00e4tze fehlten, k\u00f6nnten Besch\u00e4ftigte ihre Arbeitszeit nicht erh\u00f6hen, weil sie sich um Kinder und Angeh\u00f6rige k\u00fcmmern m\u00fcssten.Die Studienautoren haben anhand der Daten von 2023 und der Trends der vergangenen Jahre untersucht, wie sich die Arbeitsmarktsituation in 1.300 Berufen weiter entwickelt. Die gr\u00f6\u00dften Engp\u00e4sse drohen bei Verk\u00e4ufern. Die Fachkr\u00e4ftel\u00fccke dort k\u00f6nnte von mehr als 12.900 auf 40.470 wachsen. Zu wenig junge Menschen entschieden sich f\u00fcr eine Ausbildung im Verkauf, so Tiedemann.Auf dem zweiten Platz folgen Kindererzieherinnen und -erzieher mit rund 30.800 Stellen, die nicht besetzt werden k\u00f6nnen. Dahinter liegen Sozialarbeit und -p\u00e4dagogik mit mehr als 21.150 sowie Gesundheits- und Krankenpflege mit gut 21.350.Starke Zunahme der Besch\u00e4ftigtenzahl in IT-BerufenDie Experten haben auch untersucht, in welchen Berufen die Zahl der Besch\u00e4ftigten am st\u00e4rksten steigen und sinken k\u00f6nnte. Den gr\u00f6\u00dften Zuwachs gibt es in der Kindererziehung. Bis 2028 werden voraussichtlich knapp 143.400 Stellen mit entsprechendem Personal neu besetzt werden k\u00f6nnen. Dies wird den Autoren zufolge jedoch nicht reichen, um den Bedarf zu decken. Einen erheblichen Anstieg von 26 Prozent wird es zudem in IT-Berufen geben. Grund daf\u00fcr ist die Digitalisierung. Den gr\u00f6\u00dften R\u00fcckgang erwartet das IW in Metallberufen. Dort k\u00f6nnte die Zahl der ausgebildeten Fachkr\u00e4fte bis 2028 um knapp 161.200 Stellen sinken. Viele Besch\u00e4ftigte scheiden aus dem Berufsleben aus und zu wenig Nachwuchs kommt nach. Ein au\u00dferordentlich gro\u00dfer Schwund wird auch bei ausgebildeten Bankkaufleuten prognostiziert. Die Zahl der Besch\u00e4ftigten sinkt demnach um etwa 56.300. \u201eDas Bankwesen wird automatisiert. Filialen werden geschlossen und Schalter gibt es immer seltener. Deshalb wird weniger Personal ben\u00f6tigt\u201c, sagt Tiedemann.Die Experten raten, die Berufsorientierung an Schulen auszubauen, Anreize f\u00fcr eine l\u00e4ngere Erwerbst\u00e4tigkeit zu erh\u00f6hen und qualifizierte Zuwanderung in gro\u00dfen Umfang zu erleichtern.\" \/>\n<meta property=\"og:url\" content=\"https:\/\/vof-news.eu\/de\/fachkraftelucke-wird-rasant-wachsen-768-000-stellen-betroffen\/\" \/>\n<meta property=\"og:site_name\" content=\"vof-news.eu\" \/>\n<meta property=\"article:published_time\" content=\"2025-07-14T04:26:07+00:00\" \/>\n<meta property=\"article:modified_time\" content=\"2025-07-14T04:26:33+00:00\" \/>\n<meta property=\"og:image\" content=\"https:\/\/vof-news.eu\/wp-content\/uploads\/2025\/07\/jobmesse-tag-der-moeglichkeiten.webp\" \/>\n\t<meta property=\"og:image:width\" content=\"1200\" \/>\n\t<meta property=\"og:image:height\" content=\"574\" \/>\n\t<meta property=\"og:image:type\" content=\"image\/webp\" \/>\n<meta name=\"author\" content=\"Author\" \/>\n<meta name=\"twitter:card\" content=\"summary_large_image\" \/>\n<meta name=\"twitter:label1\" content=\"Verfasst von\" \/>\n\t<meta name=\"twitter:data1\" content=\"Author\" \/>\n\t<meta name=\"twitter:label2\" content=\"Gesch\u00e4tzte Lesezeit\" \/>\n\t<meta name=\"twitter:data2\" content=\"2\u00a0Minuten\" \/>\n<script type=\"application\/ld+json\" class=\"yoast-schema-graph\">{\"@context\":\"https:\/\/schema.org\",\"@graph\":[{\"@type\":\"WebPage\",\"@id\":\"https:\/\/vof-news.eu\/de\/fachkraftelucke-wird-rasant-wachsen-768-000-stellen-betroffen\/\",\"url\":\"https:\/\/vof-news.eu\/de\/fachkraftelucke-wird-rasant-wachsen-768-000-stellen-betroffen\/\",\"name\":\"Fachkr\u00e4ftel\u00fccke wird rasant wachsen \u2013 768.000 Stellen betroffen - vof-news.eu\",\"isPartOf\":{\"@id\":\"https:\/\/vof-news.eu\/de\/#website\"},\"primaryImageOfPage\":{\"@id\":\"https:\/\/vof-news.eu\/de\/fachkraftelucke-wird-rasant-wachsen-768-000-stellen-betroffen\/#primaryimage\"},\"image\":{\"@id\":\"https:\/\/vof-news.eu\/de\/fachkraftelucke-wird-rasant-wachsen-768-000-stellen-betroffen\/#primaryimage\"},\"thumbnailUrl\":\"https:\/\/vof-news.eu\/wp-content\/uploads\/2025\/07\/jobmesse-tag-der-moeglichkeiten.webp\",\"datePublished\":\"2025-07-14T04:26:07+00:00\",\"dateModified\":\"2025-07-14T04:26:33+00:00\",\"author\":{\"@id\":\"https:\/\/vof-news.eu\/de\/#\/schema\/person\/f6a2a4309f0561835797fd8c19b333ed\"},\"description\":\"Erzieherinnen, Sozialarbeiter, Pflegerinnen und Verk\u00e4ufer fehlen bundesweit \u2013 ebenso Fachpersonal in anderen Berufen. Laut einer Studie des arbeitgebernahen Instituts der Deutschen Wirtschaft (IW) d\u00fcrfte sich diese Fachkr\u00e4ftel\u00fccke in den kommenden Jahren deutlich vergr\u00f6\u00dfern. 2028 k\u00f6nnten voraussichtlich 768.000 Stellen nicht mit ausreichend qualifizierten Fachkr\u00e4ften besetzt werden. 2024 waren es im Schnitt 487.000. \u201eHauptgrund ist der demografische Wandel. Viele Menschen gehen in den n\u00e4chsten Jahren in den Ruhestand\u201c, sagt Studienautor Jurek Tiedemann. \u201eWenn wir es nicht schaffen den Mangel abzufedern, wird das k\u00fcnftig f\u00fcr noch mehr Menschen im Alltag sp\u00fcrbar sein.\u201c Wenn Kita- und Pflegepl\u00e4tze fehlten, k\u00f6nnten Besch\u00e4ftigte ihre Arbeitszeit nicht erh\u00f6hen, weil sie sich um Kinder und Angeh\u00f6rige k\u00fcmmern m\u00fcssten.Die Studienautoren haben anhand der Daten von 2023 und der Trends der vergangenen Jahre untersucht, wie sich die Arbeitsmarktsituation in 1.300 Berufen weiter entwickelt. Die gr\u00f6\u00dften Engp\u00e4sse drohen bei Verk\u00e4ufern. Die Fachkr\u00e4ftel\u00fccke dort k\u00f6nnte von mehr als 12.900 auf 40.470 wachsen. Zu wenig junge Menschen entschieden sich f\u00fcr eine Ausbildung im Verkauf, so Tiedemann.Auf dem zweiten Platz folgen Kindererzieherinnen und -erzieher mit rund 30.800 Stellen, die nicht besetzt werden k\u00f6nnen. Dahinter liegen Sozialarbeit und -p\u00e4dagogik mit mehr als 21.150 sowie Gesundheits- und Krankenpflege mit gut 21.350.Starke Zunahme der Besch\u00e4ftigtenzahl in IT-BerufenDie Experten haben auch untersucht, in welchen Berufen die Zahl der Besch\u00e4ftigten am st\u00e4rksten steigen und sinken k\u00f6nnte. Den gr\u00f6\u00dften Zuwachs gibt es in der Kindererziehung. Bis 2028 werden voraussichtlich knapp 143.400 Stellen mit entsprechendem Personal neu besetzt werden k\u00f6nnen. Dies wird den Autoren zufolge jedoch nicht reichen, um den Bedarf zu decken. Einen erheblichen Anstieg von 26 Prozent wird es zudem in IT-Berufen geben. Grund daf\u00fcr ist die Digitalisierung. Den gr\u00f6\u00dften R\u00fcckgang erwartet das IW in Metallberufen. Dort k\u00f6nnte die Zahl der ausgebildeten Fachkr\u00e4fte bis 2028 um knapp 161.200 Stellen sinken. Viele Besch\u00e4ftigte scheiden aus dem Berufsleben aus und zu wenig Nachwuchs kommt nach. Ein au\u00dferordentlich gro\u00dfer Schwund wird auch bei ausgebildeten Bankkaufleuten prognostiziert. Die Zahl der Besch\u00e4ftigten sinkt demnach um etwa 56.300. \u201eDas Bankwesen wird automatisiert. Filialen werden geschlossen und Schalter gibt es immer seltener. Deshalb wird weniger Personal ben\u00f6tigt\u201c, sagt Tiedemann.Die Experten raten, die Berufsorientierung an Schulen auszubauen, Anreize f\u00fcr eine l\u00e4ngere Erwerbst\u00e4tigkeit zu erh\u00f6hen und qualifizierte Zuwanderung in gro\u00dfen Umfang zu erleichtern.\",\"breadcrumb\":{\"@id\":\"https:\/\/vof-news.eu\/de\/fachkraftelucke-wird-rasant-wachsen-768-000-stellen-betroffen\/#breadcrumb\"},\"inLanguage\":\"de\",\"potentialAction\":[{\"@type\":\"ReadAction\",\"target\":[\"https:\/\/vof-news.eu\/de\/fachkraftelucke-wird-rasant-wachsen-768-000-stellen-betroffen\/\"]}]},{\"@type\":\"ImageObject\",\"inLanguage\":\"de\",\"@id\":\"https:\/\/vof-news.eu\/de\/fachkraftelucke-wird-rasant-wachsen-768-000-stellen-betroffen\/#primaryimage\",\"url\":\"https:\/\/vof-news.eu\/wp-content\/uploads\/2025\/07\/jobmesse-tag-der-moeglichkeiten.webp\",\"contentUrl\":\"https:\/\/vof-news.eu\/wp-content\/uploads\/2025\/07\/jobmesse-tag-der-moeglichkeiten.webp\",\"width\":1200,\"height\":574},{\"@type\":\"BreadcrumbList\",\"@id\":\"https:\/\/vof-news.eu\/de\/fachkraftelucke-wird-rasant-wachsen-768-000-stellen-betroffen\/#breadcrumb\",\"itemListElement\":[{\"@type\":\"ListItem\",\"position\":1,\"name\":\"Home\",\"item\":\"https:\/\/vof-news.eu\/de\/\"},{\"@type\":\"ListItem\",\"position\":2,\"name\":\"Fachkr\u00e4ftel\u00fccke wird rasant wachsen \u2013 768.000 Stellen betroffen\"}]},{\"@type\":\"WebSite\",\"@id\":\"https:\/\/vof-news.eu\/de\/#website\",\"url\":\"https:\/\/vof-news.eu\/de\/\",\"name\":\"vof-news.eu\",\"description\":\"\",\"potentialAction\":[{\"@type\":\"SearchAction\",\"target\":{\"@type\":\"EntryPoint\",\"urlTemplate\":\"https:\/\/vof-news.eu\/de\/?s={search_term_string}\"},\"query-input\":\"required name=search_term_string\"}],\"inLanguage\":\"de\"},{\"@type\":\"Person\",\"@id\":\"https:\/\/vof-news.eu\/de\/#\/schema\/person\/f6a2a4309f0561835797fd8c19b333ed\",\"name\":\"Author\",\"image\":{\"@type\":\"ImageObject\",\"inLanguage\":\"de\",\"@id\":\"https:\/\/vof-news.eu\/de\/#\/schema\/person\/image\/\",\"url\":\"https:\/\/secure.gravatar.com\/avatar\/b67e614b1b25b3e9c0c239efdd2fde5ab015b5affd6f1c3c85911ca4b384e790?s=96&d=mm&r=g\",\"contentUrl\":\"https:\/\/secure.gravatar.com\/avatar\/b67e614b1b25b3e9c0c239efdd2fde5ab015b5affd6f1c3c85911ca4b384e790?s=96&d=mm&r=g\",\"caption\":\"Author\"},\"sameAs\":[\"http:\/\/vof-news.eu\"],\"url\":\"https:\/\/vof-news.eu\/de\/author\/zwt6qxnjulxbnyg\/\"}]}<\/script>\n<!-- \/ Yoast SEO plugin. -->","yoast_head_json":{"title":"Fachkr\u00e4ftel\u00fccke wird rasant wachsen \u2013 768.000 Stellen betroffen - vof-news.eu","description":"Erzieherinnen, Sozialarbeiter, Pflegerinnen und Verk\u00e4ufer fehlen bundesweit \u2013 ebenso Fachpersonal in anderen Berufen. Laut einer Studie des arbeitgebernahen Instituts der Deutschen Wirtschaft (IW) d\u00fcrfte sich diese Fachkr\u00e4ftel\u00fccke in den kommenden Jahren deutlich vergr\u00f6\u00dfern. 2028 k\u00f6nnten voraussichtlich 768.000 Stellen nicht mit ausreichend qualifizierten Fachkr\u00e4ften besetzt werden. 2024 waren es im Schnitt 487.000. \u201eHauptgrund ist der demografische Wandel. Viele Menschen gehen in den n\u00e4chsten Jahren in den Ruhestand\u201c, sagt Studienautor Jurek Tiedemann. \u201eWenn wir es nicht schaffen den Mangel abzufedern, wird das k\u00fcnftig f\u00fcr noch mehr Menschen im Alltag sp\u00fcrbar sein.\u201c Wenn Kita- und Pflegepl\u00e4tze fehlten, k\u00f6nnten Besch\u00e4ftigte ihre Arbeitszeit nicht erh\u00f6hen, weil sie sich um Kinder und Angeh\u00f6rige k\u00fcmmern m\u00fcssten.Die Studienautoren haben anhand der Daten von 2023 und der Trends der vergangenen Jahre untersucht, wie sich die Arbeitsmarktsituation in 1.300 Berufen weiter entwickelt. Die gr\u00f6\u00dften Engp\u00e4sse drohen bei Verk\u00e4ufern. Die Fachkr\u00e4ftel\u00fccke dort k\u00f6nnte von mehr als 12.900 auf 40.470 wachsen. Zu wenig junge Menschen entschieden sich f\u00fcr eine Ausbildung im Verkauf, so Tiedemann.Auf dem zweiten Platz folgen Kindererzieherinnen und -erzieher mit rund 30.800 Stellen, die nicht besetzt werden k\u00f6nnen. Dahinter liegen Sozialarbeit und -p\u00e4dagogik mit mehr als 21.150 sowie Gesundheits- und Krankenpflege mit gut 21.350.Starke Zunahme der Besch\u00e4ftigtenzahl in IT-BerufenDie Experten haben auch untersucht, in welchen Berufen die Zahl der Besch\u00e4ftigten am st\u00e4rksten steigen und sinken k\u00f6nnte. Den gr\u00f6\u00dften Zuwachs gibt es in der Kindererziehung. Bis 2028 werden voraussichtlich knapp 143.400 Stellen mit entsprechendem Personal neu besetzt werden k\u00f6nnen. Dies wird den Autoren zufolge jedoch nicht reichen, um den Bedarf zu decken. Einen erheblichen Anstieg von 26 Prozent wird es zudem in IT-Berufen geben. Grund daf\u00fcr ist die Digitalisierung. Den gr\u00f6\u00dften R\u00fcckgang erwartet das IW in Metallberufen. Dort k\u00f6nnte die Zahl der ausgebildeten Fachkr\u00e4fte bis 2028 um knapp 161.200 Stellen sinken. Viele Besch\u00e4ftigte scheiden aus dem Berufsleben aus und zu wenig Nachwuchs kommt nach. Ein au\u00dferordentlich gro\u00dfer Schwund wird auch bei ausgebildeten Bankkaufleuten prognostiziert. Die Zahl der Besch\u00e4ftigten sinkt demnach um etwa 56.300. \u201eDas Bankwesen wird automatisiert. Filialen werden geschlossen und Schalter gibt es immer seltener. Deshalb wird weniger Personal ben\u00f6tigt\u201c, sagt Tiedemann.Die Experten raten, die Berufsorientierung an Schulen auszubauen, Anreize f\u00fcr eine l\u00e4ngere Erwerbst\u00e4tigkeit zu erh\u00f6hen und qualifizierte Zuwanderung in gro\u00dfen Umfang zu erleichtern.","robots":{"index":"noindex","follow":"follow","max-snippet":"max-snippet:-1","max-image-preview":"max-image-preview:large","max-video-preview":"max-video-preview:-1"},"og_locale":"de_DE","og_type":"article","og_title":"Fachkr\u00e4ftel\u00fccke wird rasant wachsen \u2013 768.000 Stellen betroffen - vof-news.eu","og_description":"Erzieherinnen, Sozialarbeiter, Pflegerinnen und Verk\u00e4ufer fehlen bundesweit \u2013 ebenso Fachpersonal in anderen Berufen. Laut einer Studie des arbeitgebernahen Instituts der Deutschen Wirtschaft (IW) d\u00fcrfte sich diese Fachkr\u00e4ftel\u00fccke in den kommenden Jahren deutlich vergr\u00f6\u00dfern. 2028 k\u00f6nnten voraussichtlich 768.000 Stellen nicht mit ausreichend qualifizierten Fachkr\u00e4ften besetzt werden. 2024 waren es im Schnitt 487.000. \u201eHauptgrund ist der demografische Wandel. Viele Menschen gehen in den n\u00e4chsten Jahren in den Ruhestand\u201c, sagt Studienautor Jurek Tiedemann. \u201eWenn wir es nicht schaffen den Mangel abzufedern, wird das k\u00fcnftig f\u00fcr noch mehr Menschen im Alltag sp\u00fcrbar sein.\u201c Wenn Kita- und Pflegepl\u00e4tze fehlten, k\u00f6nnten Besch\u00e4ftigte ihre Arbeitszeit nicht erh\u00f6hen, weil sie sich um Kinder und Angeh\u00f6rige k\u00fcmmern m\u00fcssten.Die Studienautoren haben anhand der Daten von 2023 und der Trends der vergangenen Jahre untersucht, wie sich die Arbeitsmarktsituation in 1.300 Berufen weiter entwickelt. Die gr\u00f6\u00dften Engp\u00e4sse drohen bei Verk\u00e4ufern. Die Fachkr\u00e4ftel\u00fccke dort k\u00f6nnte von mehr als 12.900 auf 40.470 wachsen. Zu wenig junge Menschen entschieden sich f\u00fcr eine Ausbildung im Verkauf, so Tiedemann.Auf dem zweiten Platz folgen Kindererzieherinnen und -erzieher mit rund 30.800 Stellen, die nicht besetzt werden k\u00f6nnen. Dahinter liegen Sozialarbeit und -p\u00e4dagogik mit mehr als 21.150 sowie Gesundheits- und Krankenpflege mit gut 21.350.Starke Zunahme der Besch\u00e4ftigtenzahl in IT-BerufenDie Experten haben auch untersucht, in welchen Berufen die Zahl der Besch\u00e4ftigten am st\u00e4rksten steigen und sinken k\u00f6nnte. Den gr\u00f6\u00dften Zuwachs gibt es in der Kindererziehung. Bis 2028 werden voraussichtlich knapp 143.400 Stellen mit entsprechendem Personal neu besetzt werden k\u00f6nnen. Dies wird den Autoren zufolge jedoch nicht reichen, um den Bedarf zu decken. Einen erheblichen Anstieg von 26 Prozent wird es zudem in IT-Berufen geben. Grund daf\u00fcr ist die Digitalisierung. Den gr\u00f6\u00dften R\u00fcckgang erwartet das IW in Metallberufen. Dort k\u00f6nnte die Zahl der ausgebildeten Fachkr\u00e4fte bis 2028 um knapp 161.200 Stellen sinken. Viele Besch\u00e4ftigte scheiden aus dem Berufsleben aus und zu wenig Nachwuchs kommt nach. Ein au\u00dferordentlich gro\u00dfer Schwund wird auch bei ausgebildeten Bankkaufleuten prognostiziert. Die Zahl der Besch\u00e4ftigten sinkt demnach um etwa 56.300. \u201eDas Bankwesen wird automatisiert. Filialen werden geschlossen und Schalter gibt es immer seltener. Deshalb wird weniger Personal ben\u00f6tigt\u201c, sagt Tiedemann.Die Experten raten, die Berufsorientierung an Schulen auszubauen, Anreize f\u00fcr eine l\u00e4ngere Erwerbst\u00e4tigkeit zu erh\u00f6hen und qualifizierte Zuwanderung in gro\u00dfen Umfang zu erleichtern.","og_url":"https:\/\/vof-news.eu\/de\/fachkraftelucke-wird-rasant-wachsen-768-000-stellen-betroffen\/","og_site_name":"vof-news.eu","article_published_time":"2025-07-14T04:26:07+00:00","article_modified_time":"2025-07-14T04:26:33+00:00","og_image":[{"width":1200,"height":574,"url":"https:\/\/vof-news.eu\/wp-content\/uploads\/2025\/07\/jobmesse-tag-der-moeglichkeiten.webp","type":"image\/webp"}],"author":"Author","twitter_card":"summary_large_image","twitter_misc":{"Verfasst von":"Author","Gesch\u00e4tzte Lesezeit":"2\u00a0Minuten"},"schema":{"@context":"https:\/\/schema.org","@graph":[{"@type":"WebPage","@id":"https:\/\/vof-news.eu\/de\/fachkraftelucke-wird-rasant-wachsen-768-000-stellen-betroffen\/","url":"https:\/\/vof-news.eu\/de\/fachkraftelucke-wird-rasant-wachsen-768-000-stellen-betroffen\/","name":"Fachkr\u00e4ftel\u00fccke wird rasant wachsen \u2013 768.000 Stellen betroffen - vof-news.eu","isPartOf":{"@id":"https:\/\/vof-news.eu\/de\/#website"},"primaryImageOfPage":{"@id":"https:\/\/vof-news.eu\/de\/fachkraftelucke-wird-rasant-wachsen-768-000-stellen-betroffen\/#primaryimage"},"image":{"@id":"https:\/\/vof-news.eu\/de\/fachkraftelucke-wird-rasant-wachsen-768-000-stellen-betroffen\/#primaryimage"},"thumbnailUrl":"https:\/\/vof-news.eu\/wp-content\/uploads\/2025\/07\/jobmesse-tag-der-moeglichkeiten.webp","datePublished":"2025-07-14T04:26:07+00:00","dateModified":"2025-07-14T04:26:33+00:00","author":{"@id":"https:\/\/vof-news.eu\/de\/#\/schema\/person\/f6a2a4309f0561835797fd8c19b333ed"},"description":"Erzieherinnen, Sozialarbeiter, Pflegerinnen und Verk\u00e4ufer fehlen bundesweit \u2013 ebenso Fachpersonal in anderen Berufen. Laut einer Studie des arbeitgebernahen Instituts der Deutschen Wirtschaft (IW) d\u00fcrfte sich diese Fachkr\u00e4ftel\u00fccke in den kommenden Jahren deutlich vergr\u00f6\u00dfern. 2028 k\u00f6nnten voraussichtlich 768.000 Stellen nicht mit ausreichend qualifizierten Fachkr\u00e4ften besetzt werden. 2024 waren es im Schnitt 487.000. \u201eHauptgrund ist der demografische Wandel. Viele Menschen gehen in den n\u00e4chsten Jahren in den Ruhestand\u201c, sagt Studienautor Jurek Tiedemann. \u201eWenn wir es nicht schaffen den Mangel abzufedern, wird das k\u00fcnftig f\u00fcr noch mehr Menschen im Alltag sp\u00fcrbar sein.\u201c Wenn Kita- und Pflegepl\u00e4tze fehlten, k\u00f6nnten Besch\u00e4ftigte ihre Arbeitszeit nicht erh\u00f6hen, weil sie sich um Kinder und Angeh\u00f6rige k\u00fcmmern m\u00fcssten.Die Studienautoren haben anhand der Daten von 2023 und der Trends der vergangenen Jahre untersucht, wie sich die Arbeitsmarktsituation in 1.300 Berufen weiter entwickelt. Die gr\u00f6\u00dften Engp\u00e4sse drohen bei Verk\u00e4ufern. Die Fachkr\u00e4ftel\u00fccke dort k\u00f6nnte von mehr als 12.900 auf 40.470 wachsen. Zu wenig junge Menschen entschieden sich f\u00fcr eine Ausbildung im Verkauf, so Tiedemann.Auf dem zweiten Platz folgen Kindererzieherinnen und -erzieher mit rund 30.800 Stellen, die nicht besetzt werden k\u00f6nnen. Dahinter liegen Sozialarbeit und -p\u00e4dagogik mit mehr als 21.150 sowie Gesundheits- und Krankenpflege mit gut 21.350.Starke Zunahme der Besch\u00e4ftigtenzahl in IT-BerufenDie Experten haben auch untersucht, in welchen Berufen die Zahl der Besch\u00e4ftigten am st\u00e4rksten steigen und sinken k\u00f6nnte. Den gr\u00f6\u00dften Zuwachs gibt es in der Kindererziehung. Bis 2028 werden voraussichtlich knapp 143.400 Stellen mit entsprechendem Personal neu besetzt werden k\u00f6nnen. Dies wird den Autoren zufolge jedoch nicht reichen, um den Bedarf zu decken. Einen erheblichen Anstieg von 26 Prozent wird es zudem in IT-Berufen geben. Grund daf\u00fcr ist die Digitalisierung. Den gr\u00f6\u00dften R\u00fcckgang erwartet das IW in Metallberufen. Dort k\u00f6nnte die Zahl der ausgebildeten Fachkr\u00e4fte bis 2028 um knapp 161.200 Stellen sinken. Viele Besch\u00e4ftigte scheiden aus dem Berufsleben aus und zu wenig Nachwuchs kommt nach. Ein au\u00dferordentlich gro\u00dfer Schwund wird auch bei ausgebildeten Bankkaufleuten prognostiziert. Die Zahl der Besch\u00e4ftigten sinkt demnach um etwa 56.300. \u201eDas Bankwesen wird automatisiert. Filialen werden geschlossen und Schalter gibt es immer seltener. Deshalb wird weniger Personal ben\u00f6tigt\u201c, sagt Tiedemann.Die Experten raten, die Berufsorientierung an Schulen auszubauen, Anreize f\u00fcr eine l\u00e4ngere Erwerbst\u00e4tigkeit zu erh\u00f6hen und qualifizierte Zuwanderung in gro\u00dfen Umfang zu erleichtern.","breadcrumb":{"@id":"https:\/\/vof-news.eu\/de\/fachkraftelucke-wird-rasant-wachsen-768-000-stellen-betroffen\/#breadcrumb"},"inLanguage":"de","potentialAction":[{"@type":"ReadAction","target":["https:\/\/vof-news.eu\/de\/fachkraftelucke-wird-rasant-wachsen-768-000-stellen-betroffen\/"]}]},{"@type":"ImageObject","inLanguage":"de","@id":"https:\/\/vof-news.eu\/de\/fachkraftelucke-wird-rasant-wachsen-768-000-stellen-betroffen\/#primaryimage","url":"https:\/\/vof-news.eu\/wp-content\/uploads\/2025\/07\/jobmesse-tag-der-moeglichkeiten.webp","contentUrl":"https:\/\/vof-news.eu\/wp-content\/uploads\/2025\/07\/jobmesse-tag-der-moeglichkeiten.webp","width":1200,"height":574},{"@type":"BreadcrumbList","@id":"https:\/\/vof-news.eu\/de\/fachkraftelucke-wird-rasant-wachsen-768-000-stellen-betroffen\/#breadcrumb","itemListElement":[{"@type":"ListItem","position":1,"name":"Home","item":"https:\/\/vof-news.eu\/de\/"},{"@type":"ListItem","position":2,"name":"Fachkr\u00e4ftel\u00fccke wird rasant wachsen \u2013 768.000 Stellen betroffen"}]},{"@type":"WebSite","@id":"https:\/\/vof-news.eu\/de\/#website","url":"https:\/\/vof-news.eu\/de\/","name":"vof-news.eu","description":"","potentialAction":[{"@type":"SearchAction","target":{"@type":"EntryPoint","urlTemplate":"https:\/\/vof-news.eu\/de\/?s={search_term_string}"},"query-input":"required name=search_term_string"}],"inLanguage":"de"},{"@type":"Person","@id":"https:\/\/vof-news.eu\/de\/#\/schema\/person\/f6a2a4309f0561835797fd8c19b333ed","name":"Author","image":{"@type":"ImageObject","inLanguage":"de","@id":"https:\/\/vof-news.eu\/de\/#\/schema\/person\/image\/","url":"https:\/\/secure.gravatar.com\/avatar\/b67e614b1b25b3e9c0c239efdd2fde5ab015b5affd6f1c3c85911ca4b384e790?s=96&d=mm&r=g","contentUrl":"https:\/\/secure.gravatar.com\/avatar\/b67e614b1b25b3e9c0c239efdd2fde5ab015b5affd6f1c3c85911ca4b384e790?s=96&d=mm&r=g","caption":"Author"},"sameAs":["http:\/\/vof-news.eu"],"url":"https:\/\/vof-news.eu\/de\/author\/zwt6qxnjulxbnyg\/"}]}},"yoast_meta":{"yoast_wpseo_title":"","yoast_wpseo_metadesc":"","yoast_wpseo_canonical":""},"_links":{"self":[{"href":"https:\/\/vof-news.eu\/de\/wp-json\/wp\/v2\/posts\/253711","targetHints":{"allow":["GET"]}}],"collection":[{"href":"https:\/\/vof-news.eu\/de\/wp-json\/wp\/v2\/posts"}],"about":[{"href":"https:\/\/vof-news.eu\/de\/wp-json\/wp\/v2\/types\/post"}],"author":[{"embeddable":true,"href":"https:\/\/vof-news.eu\/de\/wp-json\/wp\/v2\/users\/1"}],"replies":[{"embeddable":true,"href":"https:\/\/vof-news.eu\/de\/wp-json\/wp\/v2\/comments?post=253711"}],"version-history":[{"count":1,"href":"https:\/\/vof-news.eu\/de\/wp-json\/wp\/v2\/posts\/253711\/revisions"}],"predecessor-version":[{"id":253718,"href":"https:\/\/vof-news.eu\/de\/wp-json\/wp\/v2\/posts\/253711\/revisions\/253718"}],"wp:featuredmedia":[{"embeddable":true,"href":"https:\/\/vof-news.eu\/de\/wp-json\/wp\/v2\/media\/253712"}],"wp:attachment":[{"href":"https:\/\/vof-news.eu\/de\/wp-json\/wp\/v2\/media?parent=253711"}],"wp:term":[{"taxonomy":"category","embeddable":true,"href":"https:\/\/vof-news.eu\/de\/wp-json\/wp\/v2\/categories?post=253711"},{"taxonomy":"post_tag","embeddable":true,"href":"https:\/\/vof-news.eu\/de\/wp-json\/wp\/v2\/tags?post=253711"}],"curies":[{"name":"wp","href":"https:\/\/api.w.org\/{rel}","templated":true}]}}