{"id":253434,"date":"2025-07-13T15:26:10","date_gmt":"2025-07-13T12:26:10","guid":{"rendered":"https:\/\/vof-news.eu\/eu-kommission-verschiebt-im-zollstreit-mit-usa-gegenmasnahmen-auf-anfang-august\/"},"modified":"2025-07-13T15:26:32","modified_gmt":"2025-07-13T12:26:32","slug":"eu-kommission-verschiebt-im-zollstreit-mit-usa-gegenmasnahmen-auf-anfang-august","status":"publish","type":"post","link":"https:\/\/vof-news.eu\/de\/eu-kommission-verschiebt-im-zollstreit-mit-usa-gegenmasnahmen-auf-anfang-august\/","title":{"rendered":"EU-Kommission verschiebt im Zollstreit mit USA Gegenma\u00dfnahmen auf Anfang August"},"content":{"rendered":"<p><em>I<\/em>m Zollstreit mit den USA will die EU-Kommission ihre Gegenma\u00dfnahmen nicht, wie zun\u00e4chst geplant, am Montag in Kraft setzen, sondern verschiebt sie auf Anfang August. Das k\u00fcndigte EU-Kommissionspr\u00e4sidentin Ursula von der Leyen am Sonntag an. Damit m\u00f6chte die EU abwarten, ob eine Einigung mit den USA trotz der von US-Pr\u00e4sident Donald Trump am Samstag angedrohten Zollerh\u00f6hung auf 30 Prozent f\u00fcr EU-Importe noch m\u00f6glich ist. Es gebe immer noch die Hoffnung auf eine Einigung, sagte von der Leyen zur Begr\u00fcndung. Trump hatte die Z\u00f6lle zum 1. August angek\u00fcndigt.<\/p>\n<p>Eigentlich h\u00e4tte am Montag ein Paket mit Gegen-Z\u00f6llen im Umfang von 21 Milliarden Euro gegen die USA in Kraft treten sollen, weil die USA bereits vorher etliche Zolls\u00e4tze auch f\u00fcr EU-Produkte angehoben hatten. Die Bundesregierung und einige andere Staaten hatten in Abstimmungen am Wochenende nach Informationen von Reuters aus Verhandlungskreisen aber daf\u00fcr pl\u00e4diert, auf diesen Schritt vorerst zu verzichten, um die Verhandlungen mit Washington nicht zu erschweren. Der Vorsitzende des Handelsausschusses des Europ\u00e4ischen Parlaments, Bernd Lange (SPD), hatte dagegen gegen\u00fcber der Nachrichtenagentur Reuters gefordert, dass die EU das Paket am Montag scharf stellen solle. <\/p>\n","protected":false},"excerpt":{"rendered":"<p>Im Zollstreit mit den USA will die EU-Kommission ihre Gegenma\u00dfnahmen nicht, wie zun\u00e4chst geplant, am Montag in Kraft setzen, sondern verschiebt sie auf Anfang August. Das k\u00fcndigte EU-Kommissionspr\u00e4sidentin Ursula von der Leyen am Sonntag an. Damit m\u00f6chte die EU abwarten, ob eine Einigung mit den USA trotz der von US-Pr\u00e4sident Donald Trump am Samstag angedrohten<\/p>\n","protected":false},"author":1,"featured_media":253435,"comment_status":"open","ping_status":"open","sticky":false,"template":"","format":"standard","meta":{"footnotes":""},"categories":[59],"tags":[],"class_list":["post-253434","post","type-post","status-publish","format-standard","has-post-thumbnail","hentry","category-business-de"],"acf":[],"yoast_head":"<!-- This site is optimized with the Yoast SEO plugin v22.9 - https:\/\/yoast.com\/wordpress\/plugins\/seo\/ -->\n<title>EU-Kommission verschiebt im Zollstreit mit USA Gegenma\u00dfnahmen auf Anfang August - vof-news.eu<\/title>\n<meta name=\"description\" content=\"Im Zollstreit mit den USA will die EU-Kommission ihre Gegenma\u00dfnahmen nicht, wie zun\u00e4chst geplant, am Montag in Kraft setzen, sondern verschiebt sie auf Anfang August. Das k\u00fcndigte EU-Kommissionspr\u00e4sidentin Ursula von der Leyen am Sonntag an. Damit m\u00f6chte die EU abwarten, ob eine Einigung mit den USA trotz der von US-Pr\u00e4sident Donald Trump am Samstag angedrohten Zollerh\u00f6hung auf 30 Prozent f\u00fcr EU-Importe noch m\u00f6glich ist. Es gebe immer noch die Hoffnung auf eine Einigung, sagte von der Leyen zur Begr\u00fcndung. Trump hatte die Z\u00f6lle zum 1. August angek\u00fcndigt.Eigentlich h\u00e4tte am Montag ein Paket mit Gegen-Z\u00f6llen im Umfang von 21 Milliarden Euro gegen die USA in Kraft treten sollen, weil die USA bereits vorher etliche Zolls\u00e4tze auch f\u00fcr EU-Produkte angehoben hatten. Die Bundesregierung und einige andere Staaten hatten in Abstimmungen am Wochenende nach Informationen von Reuters aus Verhandlungskreisen aber daf\u00fcr pl\u00e4diert, auf diesen Schritt vorerst zu verzichten, um die Verhandlungen mit Washington nicht zu erschweren. Der Vorsitzende des Handelsausschusses des Europ\u00e4ischen Parlaments, Bernd Lange (SPD), hatte dagegen gegen\u00fcber der Nachrichtenagentur Reuters gefordert, dass die EU das Paket am Montag scharf stellen solle.\" \/>\n<meta name=\"robots\" content=\"noindex, follow, max-snippet:-1, max-image-preview:large, max-video-preview:-1\" \/>\n<meta property=\"og:locale\" content=\"de_DE\" \/>\n<meta property=\"og:type\" content=\"article\" \/>\n<meta property=\"og:title\" content=\"EU-Kommission verschiebt im Zollstreit mit USA Gegenma\u00dfnahmen auf Anfang August - vof-news.eu\" \/>\n<meta property=\"og:description\" content=\"Im Zollstreit mit den USA will die EU-Kommission ihre Gegenma\u00dfnahmen nicht, wie zun\u00e4chst geplant, am Montag in Kraft setzen, sondern verschiebt sie auf Anfang August. Das k\u00fcndigte EU-Kommissionspr\u00e4sidentin Ursula von der Leyen am Sonntag an. Damit m\u00f6chte die EU abwarten, ob eine Einigung mit den USA trotz der von US-Pr\u00e4sident Donald Trump am Samstag angedrohten Zollerh\u00f6hung auf 30 Prozent f\u00fcr EU-Importe noch m\u00f6glich ist. Es gebe immer noch die Hoffnung auf eine Einigung, sagte von der Leyen zur Begr\u00fcndung. Trump hatte die Z\u00f6lle zum 1. August angek\u00fcndigt.Eigentlich h\u00e4tte am Montag ein Paket mit Gegen-Z\u00f6llen im Umfang von 21 Milliarden Euro gegen die USA in Kraft treten sollen, weil die USA bereits vorher etliche Zolls\u00e4tze auch f\u00fcr EU-Produkte angehoben hatten. Die Bundesregierung und einige andere Staaten hatten in Abstimmungen am Wochenende nach Informationen von Reuters aus Verhandlungskreisen aber daf\u00fcr pl\u00e4diert, auf diesen Schritt vorerst zu verzichten, um die Verhandlungen mit Washington nicht zu erschweren. Der Vorsitzende des Handelsausschusses des Europ\u00e4ischen Parlaments, Bernd Lange (SPD), hatte dagegen gegen\u00fcber der Nachrichtenagentur Reuters gefordert, dass die EU das Paket am Montag scharf stellen solle.\" \/>\n<meta property=\"og:url\" content=\"https:\/\/vof-news.eu\/de\/eu-kommission-verschiebt-im-zollstreit-mit-usa-gegenmasnahmen-auf-anfang-august\/\" \/>\n<meta property=\"og:site_name\" content=\"vof-news.eu\" \/>\n<meta property=\"article:published_time\" content=\"2025-07-13T12:26:10+00:00\" \/>\n<meta property=\"article:modified_time\" content=\"2025-07-13T12:26:32+00:00\" \/>\n<meta property=\"og:image\" content=\"https:\/\/vof-news.eu\/wp-content\/uploads\/2025\/07\/eu-kommissionspraesidentin-ursula-von-der-leyen.webp\" \/>\n\t<meta property=\"og:image:width\" content=\"1200\" \/>\n\t<meta property=\"og:image:height\" content=\"574\" \/>\n\t<meta property=\"og:image:type\" content=\"image\/webp\" \/>\n<meta name=\"author\" content=\"Author\" \/>\n<meta name=\"twitter:card\" content=\"summary_large_image\" \/>\n<meta name=\"twitter:label1\" content=\"Verfasst von\" \/>\n\t<meta name=\"twitter:data1\" content=\"Author\" \/>\n\t<meta name=\"twitter:label2\" content=\"Gesch\u00e4tzte Lesezeit\" \/>\n\t<meta name=\"twitter:data2\" content=\"1\u00a0Minute\" \/>\n<script type=\"application\/ld+json\" class=\"yoast-schema-graph\">{\"@context\":\"https:\/\/schema.org\",\"@graph\":[{\"@type\":\"WebPage\",\"@id\":\"https:\/\/vof-news.eu\/de\/eu-kommission-verschiebt-im-zollstreit-mit-usa-gegenmasnahmen-auf-anfang-august\/\",\"url\":\"https:\/\/vof-news.eu\/de\/eu-kommission-verschiebt-im-zollstreit-mit-usa-gegenmasnahmen-auf-anfang-august\/\",\"name\":\"EU-Kommission verschiebt im Zollstreit mit USA Gegenma\u00dfnahmen auf Anfang August - vof-news.eu\",\"isPartOf\":{\"@id\":\"https:\/\/vof-news.eu\/de\/#website\"},\"primaryImageOfPage\":{\"@id\":\"https:\/\/vof-news.eu\/de\/eu-kommission-verschiebt-im-zollstreit-mit-usa-gegenmasnahmen-auf-anfang-august\/#primaryimage\"},\"image\":{\"@id\":\"https:\/\/vof-news.eu\/de\/eu-kommission-verschiebt-im-zollstreit-mit-usa-gegenmasnahmen-auf-anfang-august\/#primaryimage\"},\"thumbnailUrl\":\"https:\/\/vof-news.eu\/wp-content\/uploads\/2025\/07\/eu-kommissionspraesidentin-ursula-von-der-leyen.webp\",\"datePublished\":\"2025-07-13T12:26:10+00:00\",\"dateModified\":\"2025-07-13T12:26:32+00:00\",\"author\":{\"@id\":\"https:\/\/vof-news.eu\/de\/#\/schema\/person\/f6a2a4309f0561835797fd8c19b333ed\"},\"description\":\"Im Zollstreit mit den USA will die EU-Kommission ihre Gegenma\u00dfnahmen nicht, wie zun\u00e4chst geplant, am Montag in Kraft setzen, sondern verschiebt sie auf Anfang August. Das k\u00fcndigte EU-Kommissionspr\u00e4sidentin Ursula von der Leyen am Sonntag an. Damit m\u00f6chte die EU abwarten, ob eine Einigung mit den USA trotz der von US-Pr\u00e4sident Donald Trump am Samstag angedrohten Zollerh\u00f6hung auf 30 Prozent f\u00fcr EU-Importe noch m\u00f6glich ist. Es gebe immer noch die Hoffnung auf eine Einigung, sagte von der Leyen zur Begr\u00fcndung. Trump hatte die Z\u00f6lle zum 1. August angek\u00fcndigt.Eigentlich h\u00e4tte am Montag ein Paket mit Gegen-Z\u00f6llen im Umfang von 21 Milliarden Euro gegen die USA in Kraft treten sollen, weil die USA bereits vorher etliche Zolls\u00e4tze auch f\u00fcr EU-Produkte angehoben hatten. Die Bundesregierung und einige andere Staaten hatten in Abstimmungen am Wochenende nach Informationen von Reuters aus Verhandlungskreisen aber daf\u00fcr pl\u00e4diert, auf diesen Schritt vorerst zu verzichten, um die Verhandlungen mit Washington nicht zu erschweren. Der Vorsitzende des Handelsausschusses des Europ\u00e4ischen Parlaments, Bernd Lange (SPD), hatte dagegen gegen\u00fcber der Nachrichtenagentur Reuters gefordert, dass die EU das Paket am Montag scharf stellen solle.\",\"breadcrumb\":{\"@id\":\"https:\/\/vof-news.eu\/de\/eu-kommission-verschiebt-im-zollstreit-mit-usa-gegenmasnahmen-auf-anfang-august\/#breadcrumb\"},\"inLanguage\":\"de\",\"potentialAction\":[{\"@type\":\"ReadAction\",\"target\":[\"https:\/\/vof-news.eu\/de\/eu-kommission-verschiebt-im-zollstreit-mit-usa-gegenmasnahmen-auf-anfang-august\/\"]}]},{\"@type\":\"ImageObject\",\"inLanguage\":\"de\",\"@id\":\"https:\/\/vof-news.eu\/de\/eu-kommission-verschiebt-im-zollstreit-mit-usa-gegenmasnahmen-auf-anfang-august\/#primaryimage\",\"url\":\"https:\/\/vof-news.eu\/wp-content\/uploads\/2025\/07\/eu-kommissionspraesidentin-ursula-von-der-leyen.webp\",\"contentUrl\":\"https:\/\/vof-news.eu\/wp-content\/uploads\/2025\/07\/eu-kommissionspraesidentin-ursula-von-der-leyen.webp\",\"width\":1200,\"height\":574},{\"@type\":\"BreadcrumbList\",\"@id\":\"https:\/\/vof-news.eu\/de\/eu-kommission-verschiebt-im-zollstreit-mit-usa-gegenmasnahmen-auf-anfang-august\/#breadcrumb\",\"itemListElement\":[{\"@type\":\"ListItem\",\"position\":1,\"name\":\"Home\",\"item\":\"https:\/\/vof-news.eu\/de\/\"},{\"@type\":\"ListItem\",\"position\":2,\"name\":\"EU-Kommission verschiebt im Zollstreit mit USA Gegenma\u00dfnahmen auf Anfang August\"}]},{\"@type\":\"WebSite\",\"@id\":\"https:\/\/vof-news.eu\/de\/#website\",\"url\":\"https:\/\/vof-news.eu\/de\/\",\"name\":\"vof-news.eu\",\"description\":\"\",\"potentialAction\":[{\"@type\":\"SearchAction\",\"target\":{\"@type\":\"EntryPoint\",\"urlTemplate\":\"https:\/\/vof-news.eu\/de\/?s={search_term_string}\"},\"query-input\":\"required name=search_term_string\"}],\"inLanguage\":\"de\"},{\"@type\":\"Person\",\"@id\":\"https:\/\/vof-news.eu\/de\/#\/schema\/person\/f6a2a4309f0561835797fd8c19b333ed\",\"name\":\"Author\",\"image\":{\"@type\":\"ImageObject\",\"inLanguage\":\"de\",\"@id\":\"https:\/\/vof-news.eu\/de\/#\/schema\/person\/image\/\",\"url\":\"https:\/\/secure.gravatar.com\/avatar\/b67e614b1b25b3e9c0c239efdd2fde5ab015b5affd6f1c3c85911ca4b384e790?s=96&d=mm&r=g\",\"contentUrl\":\"https:\/\/secure.gravatar.com\/avatar\/b67e614b1b25b3e9c0c239efdd2fde5ab015b5affd6f1c3c85911ca4b384e790?s=96&d=mm&r=g\",\"caption\":\"Author\"},\"sameAs\":[\"http:\/\/vof-news.eu\"],\"url\":\"https:\/\/vof-news.eu\/de\/author\/zwt6qxnjulxbnyg\/\"}]}<\/script>\n<!-- \/ Yoast SEO plugin. -->","yoast_head_json":{"title":"EU-Kommission verschiebt im Zollstreit mit USA Gegenma\u00dfnahmen auf Anfang August - vof-news.eu","description":"Im Zollstreit mit den USA will die EU-Kommission ihre Gegenma\u00dfnahmen nicht, wie zun\u00e4chst geplant, am Montag in Kraft setzen, sondern verschiebt sie auf Anfang August. Das k\u00fcndigte EU-Kommissionspr\u00e4sidentin Ursula von der Leyen am Sonntag an. Damit m\u00f6chte die EU abwarten, ob eine Einigung mit den USA trotz der von US-Pr\u00e4sident Donald Trump am Samstag angedrohten Zollerh\u00f6hung auf 30 Prozent f\u00fcr EU-Importe noch m\u00f6glich ist. Es gebe immer noch die Hoffnung auf eine Einigung, sagte von der Leyen zur Begr\u00fcndung. Trump hatte die Z\u00f6lle zum 1. August angek\u00fcndigt.Eigentlich h\u00e4tte am Montag ein Paket mit Gegen-Z\u00f6llen im Umfang von 21 Milliarden Euro gegen die USA in Kraft treten sollen, weil die USA bereits vorher etliche Zolls\u00e4tze auch f\u00fcr EU-Produkte angehoben hatten. Die Bundesregierung und einige andere Staaten hatten in Abstimmungen am Wochenende nach Informationen von Reuters aus Verhandlungskreisen aber daf\u00fcr pl\u00e4diert, auf diesen Schritt vorerst zu verzichten, um die Verhandlungen mit Washington nicht zu erschweren. Der Vorsitzende des Handelsausschusses des Europ\u00e4ischen Parlaments, Bernd Lange (SPD), hatte dagegen gegen\u00fcber der Nachrichtenagentur Reuters gefordert, dass die EU das Paket am Montag scharf stellen solle.","robots":{"index":"noindex","follow":"follow","max-snippet":"max-snippet:-1","max-image-preview":"max-image-preview:large","max-video-preview":"max-video-preview:-1"},"og_locale":"de_DE","og_type":"article","og_title":"EU-Kommission verschiebt im Zollstreit mit USA Gegenma\u00dfnahmen auf Anfang August - vof-news.eu","og_description":"Im Zollstreit mit den USA will die EU-Kommission ihre Gegenma\u00dfnahmen nicht, wie zun\u00e4chst geplant, am Montag in Kraft setzen, sondern verschiebt sie auf Anfang August. Das k\u00fcndigte EU-Kommissionspr\u00e4sidentin Ursula von der Leyen am Sonntag an. Damit m\u00f6chte die EU abwarten, ob eine Einigung mit den USA trotz der von US-Pr\u00e4sident Donald Trump am Samstag angedrohten Zollerh\u00f6hung auf 30 Prozent f\u00fcr EU-Importe noch m\u00f6glich ist. Es gebe immer noch die Hoffnung auf eine Einigung, sagte von der Leyen zur Begr\u00fcndung. Trump hatte die Z\u00f6lle zum 1. August angek\u00fcndigt.Eigentlich h\u00e4tte am Montag ein Paket mit Gegen-Z\u00f6llen im Umfang von 21 Milliarden Euro gegen die USA in Kraft treten sollen, weil die USA bereits vorher etliche Zolls\u00e4tze auch f\u00fcr EU-Produkte angehoben hatten. Die Bundesregierung und einige andere Staaten hatten in Abstimmungen am Wochenende nach Informationen von Reuters aus Verhandlungskreisen aber daf\u00fcr pl\u00e4diert, auf diesen Schritt vorerst zu verzichten, um die Verhandlungen mit Washington nicht zu erschweren. Der Vorsitzende des Handelsausschusses des Europ\u00e4ischen Parlaments, Bernd Lange (SPD), hatte dagegen gegen\u00fcber der Nachrichtenagentur Reuters gefordert, dass die EU das Paket am Montag scharf stellen solle.","og_url":"https:\/\/vof-news.eu\/de\/eu-kommission-verschiebt-im-zollstreit-mit-usa-gegenmasnahmen-auf-anfang-august\/","og_site_name":"vof-news.eu","article_published_time":"2025-07-13T12:26:10+00:00","article_modified_time":"2025-07-13T12:26:32+00:00","og_image":[{"width":1200,"height":574,"url":"https:\/\/vof-news.eu\/wp-content\/uploads\/2025\/07\/eu-kommissionspraesidentin-ursula-von-der-leyen.webp","type":"image\/webp"}],"author":"Author","twitter_card":"summary_large_image","twitter_misc":{"Verfasst von":"Author","Gesch\u00e4tzte Lesezeit":"1\u00a0Minute"},"schema":{"@context":"https:\/\/schema.org","@graph":[{"@type":"WebPage","@id":"https:\/\/vof-news.eu\/de\/eu-kommission-verschiebt-im-zollstreit-mit-usa-gegenmasnahmen-auf-anfang-august\/","url":"https:\/\/vof-news.eu\/de\/eu-kommission-verschiebt-im-zollstreit-mit-usa-gegenmasnahmen-auf-anfang-august\/","name":"EU-Kommission verschiebt im Zollstreit mit USA Gegenma\u00dfnahmen auf Anfang August - vof-news.eu","isPartOf":{"@id":"https:\/\/vof-news.eu\/de\/#website"},"primaryImageOfPage":{"@id":"https:\/\/vof-news.eu\/de\/eu-kommission-verschiebt-im-zollstreit-mit-usa-gegenmasnahmen-auf-anfang-august\/#primaryimage"},"image":{"@id":"https:\/\/vof-news.eu\/de\/eu-kommission-verschiebt-im-zollstreit-mit-usa-gegenmasnahmen-auf-anfang-august\/#primaryimage"},"thumbnailUrl":"https:\/\/vof-news.eu\/wp-content\/uploads\/2025\/07\/eu-kommissionspraesidentin-ursula-von-der-leyen.webp","datePublished":"2025-07-13T12:26:10+00:00","dateModified":"2025-07-13T12:26:32+00:00","author":{"@id":"https:\/\/vof-news.eu\/de\/#\/schema\/person\/f6a2a4309f0561835797fd8c19b333ed"},"description":"Im Zollstreit mit den USA will die EU-Kommission ihre Gegenma\u00dfnahmen nicht, wie zun\u00e4chst geplant, am Montag in Kraft setzen, sondern verschiebt sie auf Anfang August. Das k\u00fcndigte EU-Kommissionspr\u00e4sidentin Ursula von der Leyen am Sonntag an. Damit m\u00f6chte die EU abwarten, ob eine Einigung mit den USA trotz der von US-Pr\u00e4sident Donald Trump am Samstag angedrohten Zollerh\u00f6hung auf 30 Prozent f\u00fcr EU-Importe noch m\u00f6glich ist. Es gebe immer noch die Hoffnung auf eine Einigung, sagte von der Leyen zur Begr\u00fcndung. Trump hatte die Z\u00f6lle zum 1. August angek\u00fcndigt.Eigentlich h\u00e4tte am Montag ein Paket mit Gegen-Z\u00f6llen im Umfang von 21 Milliarden Euro gegen die USA in Kraft treten sollen, weil die USA bereits vorher etliche Zolls\u00e4tze auch f\u00fcr EU-Produkte angehoben hatten. Die Bundesregierung und einige andere Staaten hatten in Abstimmungen am Wochenende nach Informationen von Reuters aus Verhandlungskreisen aber daf\u00fcr pl\u00e4diert, auf diesen Schritt vorerst zu verzichten, um die Verhandlungen mit Washington nicht zu erschweren. Der Vorsitzende des Handelsausschusses des Europ\u00e4ischen Parlaments, Bernd Lange (SPD), hatte dagegen gegen\u00fcber der Nachrichtenagentur Reuters gefordert, dass die EU das Paket am Montag scharf stellen solle.","breadcrumb":{"@id":"https:\/\/vof-news.eu\/de\/eu-kommission-verschiebt-im-zollstreit-mit-usa-gegenmasnahmen-auf-anfang-august\/#breadcrumb"},"inLanguage":"de","potentialAction":[{"@type":"ReadAction","target":["https:\/\/vof-news.eu\/de\/eu-kommission-verschiebt-im-zollstreit-mit-usa-gegenmasnahmen-auf-anfang-august\/"]}]},{"@type":"ImageObject","inLanguage":"de","@id":"https:\/\/vof-news.eu\/de\/eu-kommission-verschiebt-im-zollstreit-mit-usa-gegenmasnahmen-auf-anfang-august\/#primaryimage","url":"https:\/\/vof-news.eu\/wp-content\/uploads\/2025\/07\/eu-kommissionspraesidentin-ursula-von-der-leyen.webp","contentUrl":"https:\/\/vof-news.eu\/wp-content\/uploads\/2025\/07\/eu-kommissionspraesidentin-ursula-von-der-leyen.webp","width":1200,"height":574},{"@type":"BreadcrumbList","@id":"https:\/\/vof-news.eu\/de\/eu-kommission-verschiebt-im-zollstreit-mit-usa-gegenmasnahmen-auf-anfang-august\/#breadcrumb","itemListElement":[{"@type":"ListItem","position":1,"name":"Home","item":"https:\/\/vof-news.eu\/de\/"},{"@type":"ListItem","position":2,"name":"EU-Kommission verschiebt im Zollstreit mit USA Gegenma\u00dfnahmen auf Anfang August"}]},{"@type":"WebSite","@id":"https:\/\/vof-news.eu\/de\/#website","url":"https:\/\/vof-news.eu\/de\/","name":"vof-news.eu","description":"","potentialAction":[{"@type":"SearchAction","target":{"@type":"EntryPoint","urlTemplate":"https:\/\/vof-news.eu\/de\/?s={search_term_string}"},"query-input":"required name=search_term_string"}],"inLanguage":"de"},{"@type":"Person","@id":"https:\/\/vof-news.eu\/de\/#\/schema\/person\/f6a2a4309f0561835797fd8c19b333ed","name":"Author","image":{"@type":"ImageObject","inLanguage":"de","@id":"https:\/\/vof-news.eu\/de\/#\/schema\/person\/image\/","url":"https:\/\/secure.gravatar.com\/avatar\/b67e614b1b25b3e9c0c239efdd2fde5ab015b5affd6f1c3c85911ca4b384e790?s=96&d=mm&r=g","contentUrl":"https:\/\/secure.gravatar.com\/avatar\/b67e614b1b25b3e9c0c239efdd2fde5ab015b5affd6f1c3c85911ca4b384e790?s=96&d=mm&r=g","caption":"Author"},"sameAs":["http:\/\/vof-news.eu"],"url":"https:\/\/vof-news.eu\/de\/author\/zwt6qxnjulxbnyg\/"}]}},"yoast_meta":{"yoast_wpseo_title":"","yoast_wpseo_metadesc":"","yoast_wpseo_canonical":""},"_links":{"self":[{"href":"https:\/\/vof-news.eu\/de\/wp-json\/wp\/v2\/posts\/253434","targetHints":{"allow":["GET"]}}],"collection":[{"href":"https:\/\/vof-news.eu\/de\/wp-json\/wp\/v2\/posts"}],"about":[{"href":"https:\/\/vof-news.eu\/de\/wp-json\/wp\/v2\/types\/post"}],"author":[{"embeddable":true,"href":"https:\/\/vof-news.eu\/de\/wp-json\/wp\/v2\/users\/1"}],"replies":[{"embeddable":true,"href":"https:\/\/vof-news.eu\/de\/wp-json\/wp\/v2\/comments?post=253434"}],"version-history":[{"count":1,"href":"https:\/\/vof-news.eu\/de\/wp-json\/wp\/v2\/posts\/253434\/revisions"}],"predecessor-version":[{"id":253441,"href":"https:\/\/vof-news.eu\/de\/wp-json\/wp\/v2\/posts\/253434\/revisions\/253441"}],"wp:featuredmedia":[{"embeddable":true,"href":"https:\/\/vof-news.eu\/de\/wp-json\/wp\/v2\/media\/253435"}],"wp:attachment":[{"href":"https:\/\/vof-news.eu\/de\/wp-json\/wp\/v2\/media?parent=253434"}],"wp:term":[{"taxonomy":"category","embeddable":true,"href":"https:\/\/vof-news.eu\/de\/wp-json\/wp\/v2\/categories?post=253434"},{"taxonomy":"post_tag","embeddable":true,"href":"https:\/\/vof-news.eu\/de\/wp-json\/wp\/v2\/tags?post=253434"}],"curies":[{"name":"wp","href":"https:\/\/api.w.org\/{rel}","templated":true}]}}