{"id":253232,"date":"2025-07-13T07:28:05","date_gmt":"2025-07-13T04:28:05","guid":{"rendered":"https:\/\/vof-news.eu\/selenskyj-stellt-deal-zu-patriot-lieferungen-in-aussicht\/"},"modified":"2025-07-13T07:29:18","modified_gmt":"2025-07-13T04:29:18","slug":"selenskyj-stellt-deal-zu-patriot-lieferungen-in-aussicht","status":"publish","type":"post","link":"https:\/\/vof-news.eu\/de\/selenskyj-stellt-deal-zu-patriot-lieferungen-in-aussicht\/","title":{"rendered":"Selenskyj stellt Deal zu Patriot-Lieferungen in Aussicht"},"content":{"rendered":"<div>\n<p>Die<br \/>\n <a href=\"https:\/\/www.zeit.de\/thema\/krieg-in-ukraine\" rel=\"nofollow\">Ukraine<\/a> soll Angaben von Pr\u00e4sident <span><a href=\"https:\/\/www.zeit.de\/thema\/wolodymyr-selenskyj\" rel=\"nofollow\">Wolodymyr Selenskyj<\/a><\/span> zufolge bald<br \/>\nzus\u00e4tzliche Patriot-Flugabwehrsysteme erhalten, um ihre St\u00e4dte besser<br \/>\nvor russischen Angriffen zu sch\u00fctzen. Man n\u00e4here sich einer<br \/>\nmehrstufigen Vereinbarung \u00fcber weitere Systeme und Raketen, sagte<br \/>\nSelenskyj am Samstag in seiner abendlichen Videobotschaft.\u00a0\n<\/p>\n<p>Deutschland hatte zuvor der<br \/>\nUS-Regierung angeboten, ihr Patriot-Luftabwehrsysteme f\u00fcr die<br \/>\n<span><a href=\"https:\/\/www.zeit.de\/politik\/ausland\/ukraine-krieg-russland-newsblog-live\" rel=\"nofollow\">Ukraine<\/a><\/span> abzukaufen. &#8222;Ich stehe dazu im Austausch mit der<br \/>\namerikanischen Regierung und Pr\u00e4sident Trump&#8220;, sagte Bundeskanzler<br \/>\n<a href=\"https:\/\/www.zeit.de\/politik\/2025-07\/ukraine-konferenz-rom-friedrich-merz-aussenpolitik\" rel=\"nofollow\">Friedrich Merz<\/a>\u00a0(CDU) am Donnerstag am Rande der<br \/>\nUkraine-Wiederaufbaukonferenz in Rom. &#8222;Wir stehen bereit, auch<br \/>\nzus\u00e4tzliche Patriot-Systeme aus den USA zu erwerben und sie der<br \/>\nUkraine zur Verf\u00fcgung zu stellen&#8220;, sagte er. <a href=\"https:\/\/www.zeit.de\/thema\/donald-trump\" rel=\"nofollow\">US-Pr\u00e4sident Donald Trump<\/a> hatte zuletzt mitgeteilt, er erw\u00e4ge eine \u00dcberlassung solcher Systeme an Kyjiw.\u00a0\n<\/p>\n<h2>Spekulationen \u00fcber neuen Ukraine-Botschafter f\u00fcr die USA<\/h2>\n<p>Die Ukraine investiert Selenskyj zufolge zudem in die<br \/>\nDrohnenproduktion, speziell die Herstellung von Abfangdrohnen. Die Ukraine werde weiter mit Gegenangriffen auf russisches Territorium<br \/>\nreagieren, sagte Selenskyj in seiner Videobotschaft. Dies sei sehr effektiv.\n<\/p>\n<p>Selenskyj gab dar\u00fcber hinaus Spekulationen \u00fcber die bevorstehende Versetzung von<br \/>\nVerteidigungsminister Rustem Umjerow auf den Posten des ukrainischen<br \/>\nBotschafters in Washington, D. C. neue Nahrung. Sowohl das Ministerium als auch<br \/>\n die Diplomatie, speziell die mit den <span><a href=\"https:\/\/www.zeit.de\/thema\/usa\" rel=\"nofollow\">USA<\/a><\/span>, ben\u00f6tigten eine neue Dynamik,<br \/>\n sagte Selenskyj. Zuvor hatten Medien berichtet, Selenskyj<br \/>\n wolle mit der Abl\u00f6sung von Botschafterin Oksana Markarowa, der eine<br \/>\nN\u00e4he zu den Demokraten nachgesagt wird, US-Pr\u00e4sident Trump<br \/>\nentgegenkommen.\n<\/p>\n<p>\n<\/p>\n<\/div>\n","protected":false},"excerpt":{"rendered":"<p>Die Ukraine soll Angaben von Pr\u00e4sident Wolodymyr Selenskyj zufolge bald zus\u00e4tzliche Patriot-Flugabwehrsysteme erhalten, um ihre St\u00e4dte besser vor russischen Angriffen zu sch\u00fctzen. Man n\u00e4here sich einer mehrstufigen Vereinbarung \u00fcber weitere Systeme und Raketen, sagte Selenskyj am Samstag in seiner abendlichen Videobotschaft.\u00a0 Deutschland hatte zuvor der US-Regierung angeboten, ihr Patriot-Luftabwehrsysteme f\u00fcr die Ukraine abzukaufen. &#8222;Ich stehe<\/p>\n","protected":false},"author":1,"featured_media":253233,"comment_status":"open","ping_status":"open","sticky":false,"template":"","format":"standard","meta":{"footnotes":""},"categories":[116],"tags":[],"class_list":["post-253232","post","type-post","status-publish","format-standard","has-post-thumbnail","hentry","category-war-chronicles-de"],"acf":[],"yoast_head":"<!-- This site is optimized with the Yoast SEO plugin v22.9 - https:\/\/yoast.com\/wordpress\/plugins\/seo\/ -->\n<title>Selenskyj stellt Deal zu Patriot-Lieferungen in Aussicht - vof-news.eu<\/title>\n<meta name=\"description\" content=\"Die\" \/>\n<meta name=\"robots\" content=\"noindex, follow, max-snippet:-1, max-image-preview:large, max-video-preview:-1\" \/>\n<meta property=\"og:locale\" content=\"de_DE\" \/>\n<meta property=\"og:type\" content=\"article\" \/>\n<meta property=\"og:title\" content=\"Selenskyj stellt Deal zu Patriot-Lieferungen in Aussicht - vof-news.eu\" \/>\n<meta property=\"og:description\" content=\"Die\" \/>\n<meta property=\"og:url\" content=\"https:\/\/vof-news.eu\/de\/selenskyj-stellt-deal-zu-patriot-lieferungen-in-aussicht\/\" \/>\n<meta property=\"og:site_name\" content=\"vof-news.eu\" \/>\n<meta property=\"article:published_time\" content=\"2025-07-13T04:28:05+00:00\" \/>\n<meta property=\"article:modified_time\" content=\"2025-07-13T04:29:18+00:00\" \/>\n<meta property=\"og:image\" content=\"https:\/\/vof-news.eu\/wp-content\/uploads\/2025\/07\/wide__1000x562-36.jpg\" \/>\n\t<meta property=\"og:image:width\" content=\"1000\" \/>\n\t<meta property=\"og:image:height\" content=\"562\" \/>\n\t<meta property=\"og:image:type\" content=\"image\/jpeg\" \/>\n<meta name=\"author\" content=\"Author\" \/>\n<meta name=\"twitter:card\" content=\"summary_large_image\" \/>\n<meta name=\"twitter:label1\" content=\"Verfasst von\" \/>\n\t<meta name=\"twitter:data1\" content=\"Author\" \/>\n\t<meta name=\"twitter:label2\" content=\"Gesch\u00e4tzte Lesezeit\" \/>\n\t<meta name=\"twitter:data2\" content=\"1\u00a0Minute\" \/>\n<script type=\"application\/ld+json\" class=\"yoast-schema-graph\">{\"@context\":\"https:\/\/schema.org\",\"@graph\":[{\"@type\":\"WebPage\",\"@id\":\"https:\/\/vof-news.eu\/de\/selenskyj-stellt-deal-zu-patriot-lieferungen-in-aussicht\/\",\"url\":\"https:\/\/vof-news.eu\/de\/selenskyj-stellt-deal-zu-patriot-lieferungen-in-aussicht\/\",\"name\":\"Selenskyj stellt Deal zu Patriot-Lieferungen in Aussicht - vof-news.eu\",\"isPartOf\":{\"@id\":\"https:\/\/vof-news.eu\/de\/#website\"},\"primaryImageOfPage\":{\"@id\":\"https:\/\/vof-news.eu\/de\/selenskyj-stellt-deal-zu-patriot-lieferungen-in-aussicht\/#primaryimage\"},\"image\":{\"@id\":\"https:\/\/vof-news.eu\/de\/selenskyj-stellt-deal-zu-patriot-lieferungen-in-aussicht\/#primaryimage\"},\"thumbnailUrl\":\"https:\/\/vof-news.eu\/wp-content\/uploads\/2025\/07\/wide__1000x562-36.jpg\",\"datePublished\":\"2025-07-13T04:28:05+00:00\",\"dateModified\":\"2025-07-13T04:29:18+00:00\",\"author\":{\"@id\":\"https:\/\/vof-news.eu\/de\/#\/schema\/person\/f6a2a4309f0561835797fd8c19b333ed\"},\"description\":\"Die\",\"breadcrumb\":{\"@id\":\"https:\/\/vof-news.eu\/de\/selenskyj-stellt-deal-zu-patriot-lieferungen-in-aussicht\/#breadcrumb\"},\"inLanguage\":\"de\",\"potentialAction\":[{\"@type\":\"ReadAction\",\"target\":[\"https:\/\/vof-news.eu\/de\/selenskyj-stellt-deal-zu-patriot-lieferungen-in-aussicht\/\"]}]},{\"@type\":\"ImageObject\",\"inLanguage\":\"de\",\"@id\":\"https:\/\/vof-news.eu\/de\/selenskyj-stellt-deal-zu-patriot-lieferungen-in-aussicht\/#primaryimage\",\"url\":\"https:\/\/vof-news.eu\/wp-content\/uploads\/2025\/07\/wide__1000x562-36.jpg\",\"contentUrl\":\"https:\/\/vof-news.eu\/wp-content\/uploads\/2025\/07\/wide__1000x562-36.jpg\",\"width\":1000,\"height\":562},{\"@type\":\"BreadcrumbList\",\"@id\":\"https:\/\/vof-news.eu\/de\/selenskyj-stellt-deal-zu-patriot-lieferungen-in-aussicht\/#breadcrumb\",\"itemListElement\":[{\"@type\":\"ListItem\",\"position\":1,\"name\":\"Home\",\"item\":\"https:\/\/vof-news.eu\/de\/\"},{\"@type\":\"ListItem\",\"position\":2,\"name\":\"Selenskyj stellt Deal zu Patriot-Lieferungen in Aussicht\"}]},{\"@type\":\"WebSite\",\"@id\":\"https:\/\/vof-news.eu\/de\/#website\",\"url\":\"https:\/\/vof-news.eu\/de\/\",\"name\":\"vof-news.eu\",\"description\":\"\",\"potentialAction\":[{\"@type\":\"SearchAction\",\"target\":{\"@type\":\"EntryPoint\",\"urlTemplate\":\"https:\/\/vof-news.eu\/de\/?s={search_term_string}\"},\"query-input\":\"required name=search_term_string\"}],\"inLanguage\":\"de\"},{\"@type\":\"Person\",\"@id\":\"https:\/\/vof-news.eu\/de\/#\/schema\/person\/f6a2a4309f0561835797fd8c19b333ed\",\"name\":\"Author\",\"image\":{\"@type\":\"ImageObject\",\"inLanguage\":\"de\",\"@id\":\"https:\/\/vof-news.eu\/de\/#\/schema\/person\/image\/\",\"url\":\"https:\/\/secure.gravatar.com\/avatar\/b67e614b1b25b3e9c0c239efdd2fde5ab015b5affd6f1c3c85911ca4b384e790?s=96&d=mm&r=g\",\"contentUrl\":\"https:\/\/secure.gravatar.com\/avatar\/b67e614b1b25b3e9c0c239efdd2fde5ab015b5affd6f1c3c85911ca4b384e790?s=96&d=mm&r=g\",\"caption\":\"Author\"},\"sameAs\":[\"http:\/\/vof-news.eu\"],\"url\":\"https:\/\/vof-news.eu\/de\/author\/zwt6qxnjulxbnyg\/\"}]}<\/script>\n<!-- \/ Yoast SEO plugin. -->","yoast_head_json":{"title":"Selenskyj stellt Deal zu Patriot-Lieferungen in Aussicht - vof-news.eu","description":"Die","robots":{"index":"noindex","follow":"follow","max-snippet":"max-snippet:-1","max-image-preview":"max-image-preview:large","max-video-preview":"max-video-preview:-1"},"og_locale":"de_DE","og_type":"article","og_title":"Selenskyj stellt Deal zu Patriot-Lieferungen in Aussicht - vof-news.eu","og_description":"Die","og_url":"https:\/\/vof-news.eu\/de\/selenskyj-stellt-deal-zu-patriot-lieferungen-in-aussicht\/","og_site_name":"vof-news.eu","article_published_time":"2025-07-13T04:28:05+00:00","article_modified_time":"2025-07-13T04:29:18+00:00","og_image":[{"width":1000,"height":562,"url":"https:\/\/vof-news.eu\/wp-content\/uploads\/2025\/07\/wide__1000x562-36.jpg","type":"image\/jpeg"}],"author":"Author","twitter_card":"summary_large_image","twitter_misc":{"Verfasst von":"Author","Gesch\u00e4tzte Lesezeit":"1\u00a0Minute"},"schema":{"@context":"https:\/\/schema.org","@graph":[{"@type":"WebPage","@id":"https:\/\/vof-news.eu\/de\/selenskyj-stellt-deal-zu-patriot-lieferungen-in-aussicht\/","url":"https:\/\/vof-news.eu\/de\/selenskyj-stellt-deal-zu-patriot-lieferungen-in-aussicht\/","name":"Selenskyj stellt Deal zu Patriot-Lieferungen in Aussicht - vof-news.eu","isPartOf":{"@id":"https:\/\/vof-news.eu\/de\/#website"},"primaryImageOfPage":{"@id":"https:\/\/vof-news.eu\/de\/selenskyj-stellt-deal-zu-patriot-lieferungen-in-aussicht\/#primaryimage"},"image":{"@id":"https:\/\/vof-news.eu\/de\/selenskyj-stellt-deal-zu-patriot-lieferungen-in-aussicht\/#primaryimage"},"thumbnailUrl":"https:\/\/vof-news.eu\/wp-content\/uploads\/2025\/07\/wide__1000x562-36.jpg","datePublished":"2025-07-13T04:28:05+00:00","dateModified":"2025-07-13T04:29:18+00:00","author":{"@id":"https:\/\/vof-news.eu\/de\/#\/schema\/person\/f6a2a4309f0561835797fd8c19b333ed"},"description":"Die","breadcrumb":{"@id":"https:\/\/vof-news.eu\/de\/selenskyj-stellt-deal-zu-patriot-lieferungen-in-aussicht\/#breadcrumb"},"inLanguage":"de","potentialAction":[{"@type":"ReadAction","target":["https:\/\/vof-news.eu\/de\/selenskyj-stellt-deal-zu-patriot-lieferungen-in-aussicht\/"]}]},{"@type":"ImageObject","inLanguage":"de","@id":"https:\/\/vof-news.eu\/de\/selenskyj-stellt-deal-zu-patriot-lieferungen-in-aussicht\/#primaryimage","url":"https:\/\/vof-news.eu\/wp-content\/uploads\/2025\/07\/wide__1000x562-36.jpg","contentUrl":"https:\/\/vof-news.eu\/wp-content\/uploads\/2025\/07\/wide__1000x562-36.jpg","width":1000,"height":562},{"@type":"BreadcrumbList","@id":"https:\/\/vof-news.eu\/de\/selenskyj-stellt-deal-zu-patriot-lieferungen-in-aussicht\/#breadcrumb","itemListElement":[{"@type":"ListItem","position":1,"name":"Home","item":"https:\/\/vof-news.eu\/de\/"},{"@type":"ListItem","position":2,"name":"Selenskyj stellt Deal zu Patriot-Lieferungen in Aussicht"}]},{"@type":"WebSite","@id":"https:\/\/vof-news.eu\/de\/#website","url":"https:\/\/vof-news.eu\/de\/","name":"vof-news.eu","description":"","potentialAction":[{"@type":"SearchAction","target":{"@type":"EntryPoint","urlTemplate":"https:\/\/vof-news.eu\/de\/?s={search_term_string}"},"query-input":"required name=search_term_string"}],"inLanguage":"de"},{"@type":"Person","@id":"https:\/\/vof-news.eu\/de\/#\/schema\/person\/f6a2a4309f0561835797fd8c19b333ed","name":"Author","image":{"@type":"ImageObject","inLanguage":"de","@id":"https:\/\/vof-news.eu\/de\/#\/schema\/person\/image\/","url":"https:\/\/secure.gravatar.com\/avatar\/b67e614b1b25b3e9c0c239efdd2fde5ab015b5affd6f1c3c85911ca4b384e790?s=96&d=mm&r=g","contentUrl":"https:\/\/secure.gravatar.com\/avatar\/b67e614b1b25b3e9c0c239efdd2fde5ab015b5affd6f1c3c85911ca4b384e790?s=96&d=mm&r=g","caption":"Author"},"sameAs":["http:\/\/vof-news.eu"],"url":"https:\/\/vof-news.eu\/de\/author\/zwt6qxnjulxbnyg\/"}]}},"yoast_meta":{"yoast_wpseo_title":"","yoast_wpseo_metadesc":"","yoast_wpseo_canonical":""},"_links":{"self":[{"href":"https:\/\/vof-news.eu\/de\/wp-json\/wp\/v2\/posts\/253232","targetHints":{"allow":["GET"]}}],"collection":[{"href":"https:\/\/vof-news.eu\/de\/wp-json\/wp\/v2\/posts"}],"about":[{"href":"https:\/\/vof-news.eu\/de\/wp-json\/wp\/v2\/types\/post"}],"author":[{"embeddable":true,"href":"https:\/\/vof-news.eu\/de\/wp-json\/wp\/v2\/users\/1"}],"replies":[{"embeddable":true,"href":"https:\/\/vof-news.eu\/de\/wp-json\/wp\/v2\/comments?post=253232"}],"version-history":[{"count":1,"href":"https:\/\/vof-news.eu\/de\/wp-json\/wp\/v2\/posts\/253232\/revisions"}],"predecessor-version":[{"id":253239,"href":"https:\/\/vof-news.eu\/de\/wp-json\/wp\/v2\/posts\/253232\/revisions\/253239"}],"wp:featuredmedia":[{"embeddable":true,"href":"https:\/\/vof-news.eu\/de\/wp-json\/wp\/v2\/media\/253233"}],"wp:attachment":[{"href":"https:\/\/vof-news.eu\/de\/wp-json\/wp\/v2\/media?parent=253232"}],"wp:term":[{"taxonomy":"category","embeddable":true,"href":"https:\/\/vof-news.eu\/de\/wp-json\/wp\/v2\/categories?post=253232"},{"taxonomy":"post_tag","embeddable":true,"href":"https:\/\/vof-news.eu\/de\/wp-json\/wp\/v2\/tags?post=253232"}],"curies":[{"name":"wp","href":"https:\/\/api.w.org\/{rel}","templated":true}]}}