{"id":253184,"date":"2025-07-13T05:26:15","date_gmt":"2025-07-13T02:26:15","guid":{"rendered":"https:\/\/vof-news.eu\/dihk-chef-fur-streichung-von-pfingstmontag-als-feiertag\/"},"modified":"2025-07-13T05:26:41","modified_gmt":"2025-07-13T02:26:41","slug":"dihk-chef-fur-streichung-von-pfingstmontag-als-feiertag","status":"publish","type":"post","link":"https:\/\/vof-news.eu\/de\/dihk-chef-fur-streichung-von-pfingstmontag-als-feiertag\/","title":{"rendered":"DIHK-Chef f\u00fcr Streichung von Pfingstmontag als Feiertag"},"content":{"rendered":"<p>Der Pr\u00e4sident der Deutschen Industrie- und Handelskammer (DIHK) spricht sich f\u00fcr die Streichung von Pfingstmontag als Feiertag aus und fordert die Arbeitnehmer zu einer h\u00f6heren Arbeitszeit auf. <\/p>\n<p>\u201eUnsere Arbeitsproduktivit\u00e4t stagniert. Im OECD-Vergleich arbeiten Besch\u00e4ftigte in Deutschland im Schnitt 1350 Stunden im Jahr \u2013 der Durchschnitt liegt bei 1750. Das ist ein Delta von 400 Stunden. Da m\u00fcssen wir ran\u201c, sagte Peter Adrian in einem Interview mit \u201eBild am Sonntag\u201c. <\/p>\n<p>Er schlug vor, einen Feiertag zu streichen: \u201eIch pers\u00f6nlich h\u00e4tte mit dem Pfingstmontag kein Problem.\u201c Er wisse aber, dass es viele anders sehen. Adrian betonte im Interview au\u00dferdem, in Deutschland m\u00fcsse mehr Vollzeit gearbeitet werden: \u201eWichtig w\u00e4re, dass mehr Menschen Vollzeit arbeiten k\u00f6nnen \u2013 gerade Frauen. Daf\u00fcr brauchen wir zum Beispiel eine gute Kinderbetreuung.\u201c <\/p>\n","protected":false},"excerpt":{"rendered":"<p>Der Pr\u00e4sident der Deutschen Industrie- und Handelskammer (DIHK) spricht sich f\u00fcr die Streichung von Pfingstmontag als Feiertag aus und fordert die Arbeitnehmer zu einer h\u00f6heren Arbeitszeit auf. \u201eUnsere Arbeitsproduktivit\u00e4t stagniert. Im OECD-Vergleich arbeiten Besch\u00e4ftigte in Deutschland im Schnitt 1350 Stunden im Jahr \u2013 der Durchschnitt liegt bei 1750. Das ist ein Delta von 400 Stunden.<\/p>\n","protected":false},"author":1,"featured_media":253185,"comment_status":"open","ping_status":"open","sticky":false,"template":"","format":"standard","meta":{"footnotes":""},"categories":[59],"tags":[],"class_list":["post-253184","post","type-post","status-publish","format-standard","has-post-thumbnail","hentry","category-business-de"],"acf":[],"yoast_head":"<!-- This site is optimized with the Yoast SEO plugin v22.9 - https:\/\/yoast.com\/wordpress\/plugins\/seo\/ -->\n<title>DIHK-Chef f\u00fcr Streichung von Pfingstmontag als Feiertag - vof-news.eu<\/title>\n<meta name=\"description\" content=\"Der Pr\u00e4sident der Deutschen Industrie- und Handelskammer (DIHK) spricht sich f\u00fcr die Streichung von Pfingstmontag als Feiertag aus und fordert die Arbeitnehmer zu einer h\u00f6heren Arbeitszeit auf. \u201eUnsere Arbeitsproduktivit\u00e4t stagniert. Im OECD-Vergleich arbeiten Besch\u00e4ftigte in Deutschland im Schnitt 1350 Stunden im Jahr \u2013 der Durchschnitt liegt bei 1750. Das ist ein Delta von 400 Stunden. Da m\u00fcssen wir ran\u201c, sagte Peter Adrian in einem Interview mit \u201eBild am Sonntag\u201c. Er schlug vor, einen Feiertag zu streichen: \u201eIch pers\u00f6nlich h\u00e4tte mit dem Pfingstmontag kein Problem.\u201c Er wisse aber, dass es viele anders sehen. Adrian betonte im Interview au\u00dferdem, in Deutschland m\u00fcsse mehr Vollzeit gearbeitet werden: \u201eWichtig w\u00e4re, dass mehr Menschen Vollzeit arbeiten k\u00f6nnen \u2013 gerade Frauen. Daf\u00fcr brauchen wir zum Beispiel eine gute Kinderbetreuung.\u201c\" \/>\n<meta name=\"robots\" content=\"noindex, follow, max-snippet:-1, max-image-preview:large, max-video-preview:-1\" \/>\n<meta property=\"og:locale\" content=\"de_DE\" \/>\n<meta property=\"og:type\" content=\"article\" \/>\n<meta property=\"og:title\" content=\"DIHK-Chef f\u00fcr Streichung von Pfingstmontag als Feiertag - vof-news.eu\" \/>\n<meta property=\"og:description\" content=\"Der Pr\u00e4sident der Deutschen Industrie- und Handelskammer (DIHK) spricht sich f\u00fcr die Streichung von Pfingstmontag als Feiertag aus und fordert die Arbeitnehmer zu einer h\u00f6heren Arbeitszeit auf. \u201eUnsere Arbeitsproduktivit\u00e4t stagniert. Im OECD-Vergleich arbeiten Besch\u00e4ftigte in Deutschland im Schnitt 1350 Stunden im Jahr \u2013 der Durchschnitt liegt bei 1750. Das ist ein Delta von 400 Stunden. Da m\u00fcssen wir ran\u201c, sagte Peter Adrian in einem Interview mit \u201eBild am Sonntag\u201c. Er schlug vor, einen Feiertag zu streichen: \u201eIch pers\u00f6nlich h\u00e4tte mit dem Pfingstmontag kein Problem.\u201c Er wisse aber, dass es viele anders sehen. Adrian betonte im Interview au\u00dferdem, in Deutschland m\u00fcsse mehr Vollzeit gearbeitet werden: \u201eWichtig w\u00e4re, dass mehr Menschen Vollzeit arbeiten k\u00f6nnen \u2013 gerade Frauen. Daf\u00fcr brauchen wir zum Beispiel eine gute Kinderbetreuung.\u201c\" \/>\n<meta property=\"og:url\" content=\"https:\/\/vof-news.eu\/de\/dihk-chef-fur-streichung-von-pfingstmontag-als-feiertag\/\" \/>\n<meta property=\"og:site_name\" content=\"vof-news.eu\" \/>\n<meta property=\"article:published_time\" content=\"2025-07-13T02:26:15+00:00\" \/>\n<meta property=\"article:modified_time\" content=\"2025-07-13T02:26:41+00:00\" \/>\n<meta property=\"og:image\" content=\"https:\/\/vof-news.eu\/wp-content\/uploads\/2025\/07\/ci23x11-w1200-4.webp\" \/>\n\t<meta property=\"og:image:width\" content=\"1200\" \/>\n\t<meta property=\"og:image:height\" content=\"574\" \/>\n\t<meta property=\"og:image:type\" content=\"image\/webp\" \/>\n<meta name=\"author\" content=\"Author\" \/>\n<meta name=\"twitter:card\" content=\"summary_large_image\" \/>\n<meta name=\"twitter:label1\" content=\"Verfasst von\" \/>\n\t<meta name=\"twitter:data1\" content=\"Author\" \/>\n\t<meta name=\"twitter:label2\" content=\"Gesch\u00e4tzte Lesezeit\" \/>\n\t<meta name=\"twitter:data2\" content=\"1\u00a0Minute\" \/>\n<script type=\"application\/ld+json\" class=\"yoast-schema-graph\">{\"@context\":\"https:\/\/schema.org\",\"@graph\":[{\"@type\":\"WebPage\",\"@id\":\"https:\/\/vof-news.eu\/de\/dihk-chef-fur-streichung-von-pfingstmontag-als-feiertag\/\",\"url\":\"https:\/\/vof-news.eu\/de\/dihk-chef-fur-streichung-von-pfingstmontag-als-feiertag\/\",\"name\":\"DIHK-Chef f\u00fcr Streichung von Pfingstmontag als Feiertag - vof-news.eu\",\"isPartOf\":{\"@id\":\"https:\/\/vof-news.eu\/de\/#website\"},\"primaryImageOfPage\":{\"@id\":\"https:\/\/vof-news.eu\/de\/dihk-chef-fur-streichung-von-pfingstmontag-als-feiertag\/#primaryimage\"},\"image\":{\"@id\":\"https:\/\/vof-news.eu\/de\/dihk-chef-fur-streichung-von-pfingstmontag-als-feiertag\/#primaryimage\"},\"thumbnailUrl\":\"https:\/\/vof-news.eu\/wp-content\/uploads\/2025\/07\/ci23x11-w1200-4.webp\",\"datePublished\":\"2025-07-13T02:26:15+00:00\",\"dateModified\":\"2025-07-13T02:26:41+00:00\",\"author\":{\"@id\":\"https:\/\/vof-news.eu\/de\/#\/schema\/person\/f6a2a4309f0561835797fd8c19b333ed\"},\"description\":\"Der Pr\u00e4sident der Deutschen Industrie- und Handelskammer (DIHK) spricht sich f\u00fcr die Streichung von Pfingstmontag als Feiertag aus und fordert die Arbeitnehmer zu einer h\u00f6heren Arbeitszeit auf. \u201eUnsere Arbeitsproduktivit\u00e4t stagniert. Im OECD-Vergleich arbeiten Besch\u00e4ftigte in Deutschland im Schnitt 1350 Stunden im Jahr \u2013 der Durchschnitt liegt bei 1750. Das ist ein Delta von 400 Stunden. Da m\u00fcssen wir ran\u201c, sagte Peter Adrian in einem Interview mit \u201eBild am Sonntag\u201c. Er schlug vor, einen Feiertag zu streichen: \u201eIch pers\u00f6nlich h\u00e4tte mit dem Pfingstmontag kein Problem.\u201c Er wisse aber, dass es viele anders sehen. Adrian betonte im Interview au\u00dferdem, in Deutschland m\u00fcsse mehr Vollzeit gearbeitet werden: \u201eWichtig w\u00e4re, dass mehr Menschen Vollzeit arbeiten k\u00f6nnen \u2013 gerade Frauen. Daf\u00fcr brauchen wir zum Beispiel eine gute Kinderbetreuung.\u201c\",\"breadcrumb\":{\"@id\":\"https:\/\/vof-news.eu\/de\/dihk-chef-fur-streichung-von-pfingstmontag-als-feiertag\/#breadcrumb\"},\"inLanguage\":\"de\",\"potentialAction\":[{\"@type\":\"ReadAction\",\"target\":[\"https:\/\/vof-news.eu\/de\/dihk-chef-fur-streichung-von-pfingstmontag-als-feiertag\/\"]}]},{\"@type\":\"ImageObject\",\"inLanguage\":\"de\",\"@id\":\"https:\/\/vof-news.eu\/de\/dihk-chef-fur-streichung-von-pfingstmontag-als-feiertag\/#primaryimage\",\"url\":\"https:\/\/vof-news.eu\/wp-content\/uploads\/2025\/07\/ci23x11-w1200-4.webp\",\"contentUrl\":\"https:\/\/vof-news.eu\/wp-content\/uploads\/2025\/07\/ci23x11-w1200-4.webp\",\"width\":1200,\"height\":574},{\"@type\":\"BreadcrumbList\",\"@id\":\"https:\/\/vof-news.eu\/de\/dihk-chef-fur-streichung-von-pfingstmontag-als-feiertag\/#breadcrumb\",\"itemListElement\":[{\"@type\":\"ListItem\",\"position\":1,\"name\":\"Home\",\"item\":\"https:\/\/vof-news.eu\/de\/\"},{\"@type\":\"ListItem\",\"position\":2,\"name\":\"DIHK-Chef f\u00fcr Streichung von Pfingstmontag als Feiertag\"}]},{\"@type\":\"WebSite\",\"@id\":\"https:\/\/vof-news.eu\/de\/#website\",\"url\":\"https:\/\/vof-news.eu\/de\/\",\"name\":\"vof-news.eu\",\"description\":\"\",\"potentialAction\":[{\"@type\":\"SearchAction\",\"target\":{\"@type\":\"EntryPoint\",\"urlTemplate\":\"https:\/\/vof-news.eu\/de\/?s={search_term_string}\"},\"query-input\":\"required name=search_term_string\"}],\"inLanguage\":\"de\"},{\"@type\":\"Person\",\"@id\":\"https:\/\/vof-news.eu\/de\/#\/schema\/person\/f6a2a4309f0561835797fd8c19b333ed\",\"name\":\"Author\",\"image\":{\"@type\":\"ImageObject\",\"inLanguage\":\"de\",\"@id\":\"https:\/\/vof-news.eu\/de\/#\/schema\/person\/image\/\",\"url\":\"https:\/\/secure.gravatar.com\/avatar\/b67e614b1b25b3e9c0c239efdd2fde5ab015b5affd6f1c3c85911ca4b384e790?s=96&d=mm&r=g\",\"contentUrl\":\"https:\/\/secure.gravatar.com\/avatar\/b67e614b1b25b3e9c0c239efdd2fde5ab015b5affd6f1c3c85911ca4b384e790?s=96&d=mm&r=g\",\"caption\":\"Author\"},\"sameAs\":[\"http:\/\/vof-news.eu\"],\"url\":\"https:\/\/vof-news.eu\/de\/author\/zwt6qxnjulxbnyg\/\"}]}<\/script>\n<!-- \/ Yoast SEO plugin. -->","yoast_head_json":{"title":"DIHK-Chef f\u00fcr Streichung von Pfingstmontag als Feiertag - vof-news.eu","description":"Der Pr\u00e4sident der Deutschen Industrie- und Handelskammer (DIHK) spricht sich f\u00fcr die Streichung von Pfingstmontag als Feiertag aus und fordert die Arbeitnehmer zu einer h\u00f6heren Arbeitszeit auf. \u201eUnsere Arbeitsproduktivit\u00e4t stagniert. Im OECD-Vergleich arbeiten Besch\u00e4ftigte in Deutschland im Schnitt 1350 Stunden im Jahr \u2013 der Durchschnitt liegt bei 1750. Das ist ein Delta von 400 Stunden. Da m\u00fcssen wir ran\u201c, sagte Peter Adrian in einem Interview mit \u201eBild am Sonntag\u201c. Er schlug vor, einen Feiertag zu streichen: \u201eIch pers\u00f6nlich h\u00e4tte mit dem Pfingstmontag kein Problem.\u201c Er wisse aber, dass es viele anders sehen. Adrian betonte im Interview au\u00dferdem, in Deutschland m\u00fcsse mehr Vollzeit gearbeitet werden: \u201eWichtig w\u00e4re, dass mehr Menschen Vollzeit arbeiten k\u00f6nnen \u2013 gerade Frauen. Daf\u00fcr brauchen wir zum Beispiel eine gute Kinderbetreuung.\u201c","robots":{"index":"noindex","follow":"follow","max-snippet":"max-snippet:-1","max-image-preview":"max-image-preview:large","max-video-preview":"max-video-preview:-1"},"og_locale":"de_DE","og_type":"article","og_title":"DIHK-Chef f\u00fcr Streichung von Pfingstmontag als Feiertag - vof-news.eu","og_description":"Der Pr\u00e4sident der Deutschen Industrie- und Handelskammer (DIHK) spricht sich f\u00fcr die Streichung von Pfingstmontag als Feiertag aus und fordert die Arbeitnehmer zu einer h\u00f6heren Arbeitszeit auf. \u201eUnsere Arbeitsproduktivit\u00e4t stagniert. Im OECD-Vergleich arbeiten Besch\u00e4ftigte in Deutschland im Schnitt 1350 Stunden im Jahr \u2013 der Durchschnitt liegt bei 1750. Das ist ein Delta von 400 Stunden. Da m\u00fcssen wir ran\u201c, sagte Peter Adrian in einem Interview mit \u201eBild am Sonntag\u201c. Er schlug vor, einen Feiertag zu streichen: \u201eIch pers\u00f6nlich h\u00e4tte mit dem Pfingstmontag kein Problem.\u201c Er wisse aber, dass es viele anders sehen. Adrian betonte im Interview au\u00dferdem, in Deutschland m\u00fcsse mehr Vollzeit gearbeitet werden: \u201eWichtig w\u00e4re, dass mehr Menschen Vollzeit arbeiten k\u00f6nnen \u2013 gerade Frauen. Daf\u00fcr brauchen wir zum Beispiel eine gute Kinderbetreuung.\u201c","og_url":"https:\/\/vof-news.eu\/de\/dihk-chef-fur-streichung-von-pfingstmontag-als-feiertag\/","og_site_name":"vof-news.eu","article_published_time":"2025-07-13T02:26:15+00:00","article_modified_time":"2025-07-13T02:26:41+00:00","og_image":[{"width":1200,"height":574,"url":"https:\/\/vof-news.eu\/wp-content\/uploads\/2025\/07\/ci23x11-w1200-4.webp","type":"image\/webp"}],"author":"Author","twitter_card":"summary_large_image","twitter_misc":{"Verfasst von":"Author","Gesch\u00e4tzte Lesezeit":"1\u00a0Minute"},"schema":{"@context":"https:\/\/schema.org","@graph":[{"@type":"WebPage","@id":"https:\/\/vof-news.eu\/de\/dihk-chef-fur-streichung-von-pfingstmontag-als-feiertag\/","url":"https:\/\/vof-news.eu\/de\/dihk-chef-fur-streichung-von-pfingstmontag-als-feiertag\/","name":"DIHK-Chef f\u00fcr Streichung von Pfingstmontag als Feiertag - vof-news.eu","isPartOf":{"@id":"https:\/\/vof-news.eu\/de\/#website"},"primaryImageOfPage":{"@id":"https:\/\/vof-news.eu\/de\/dihk-chef-fur-streichung-von-pfingstmontag-als-feiertag\/#primaryimage"},"image":{"@id":"https:\/\/vof-news.eu\/de\/dihk-chef-fur-streichung-von-pfingstmontag-als-feiertag\/#primaryimage"},"thumbnailUrl":"https:\/\/vof-news.eu\/wp-content\/uploads\/2025\/07\/ci23x11-w1200-4.webp","datePublished":"2025-07-13T02:26:15+00:00","dateModified":"2025-07-13T02:26:41+00:00","author":{"@id":"https:\/\/vof-news.eu\/de\/#\/schema\/person\/f6a2a4309f0561835797fd8c19b333ed"},"description":"Der Pr\u00e4sident der Deutschen Industrie- und Handelskammer (DIHK) spricht sich f\u00fcr die Streichung von Pfingstmontag als Feiertag aus und fordert die Arbeitnehmer zu einer h\u00f6heren Arbeitszeit auf. \u201eUnsere Arbeitsproduktivit\u00e4t stagniert. Im OECD-Vergleich arbeiten Besch\u00e4ftigte in Deutschland im Schnitt 1350 Stunden im Jahr \u2013 der Durchschnitt liegt bei 1750. Das ist ein Delta von 400 Stunden. Da m\u00fcssen wir ran\u201c, sagte Peter Adrian in einem Interview mit \u201eBild am Sonntag\u201c. Er schlug vor, einen Feiertag zu streichen: \u201eIch pers\u00f6nlich h\u00e4tte mit dem Pfingstmontag kein Problem.\u201c Er wisse aber, dass es viele anders sehen. Adrian betonte im Interview au\u00dferdem, in Deutschland m\u00fcsse mehr Vollzeit gearbeitet werden: \u201eWichtig w\u00e4re, dass mehr Menschen Vollzeit arbeiten k\u00f6nnen \u2013 gerade Frauen. Daf\u00fcr brauchen wir zum Beispiel eine gute Kinderbetreuung.\u201c","breadcrumb":{"@id":"https:\/\/vof-news.eu\/de\/dihk-chef-fur-streichung-von-pfingstmontag-als-feiertag\/#breadcrumb"},"inLanguage":"de","potentialAction":[{"@type":"ReadAction","target":["https:\/\/vof-news.eu\/de\/dihk-chef-fur-streichung-von-pfingstmontag-als-feiertag\/"]}]},{"@type":"ImageObject","inLanguage":"de","@id":"https:\/\/vof-news.eu\/de\/dihk-chef-fur-streichung-von-pfingstmontag-als-feiertag\/#primaryimage","url":"https:\/\/vof-news.eu\/wp-content\/uploads\/2025\/07\/ci23x11-w1200-4.webp","contentUrl":"https:\/\/vof-news.eu\/wp-content\/uploads\/2025\/07\/ci23x11-w1200-4.webp","width":1200,"height":574},{"@type":"BreadcrumbList","@id":"https:\/\/vof-news.eu\/de\/dihk-chef-fur-streichung-von-pfingstmontag-als-feiertag\/#breadcrumb","itemListElement":[{"@type":"ListItem","position":1,"name":"Home","item":"https:\/\/vof-news.eu\/de\/"},{"@type":"ListItem","position":2,"name":"DIHK-Chef f\u00fcr Streichung von Pfingstmontag als Feiertag"}]},{"@type":"WebSite","@id":"https:\/\/vof-news.eu\/de\/#website","url":"https:\/\/vof-news.eu\/de\/","name":"vof-news.eu","description":"","potentialAction":[{"@type":"SearchAction","target":{"@type":"EntryPoint","urlTemplate":"https:\/\/vof-news.eu\/de\/?s={search_term_string}"},"query-input":"required name=search_term_string"}],"inLanguage":"de"},{"@type":"Person","@id":"https:\/\/vof-news.eu\/de\/#\/schema\/person\/f6a2a4309f0561835797fd8c19b333ed","name":"Author","image":{"@type":"ImageObject","inLanguage":"de","@id":"https:\/\/vof-news.eu\/de\/#\/schema\/person\/image\/","url":"https:\/\/secure.gravatar.com\/avatar\/b67e614b1b25b3e9c0c239efdd2fde5ab015b5affd6f1c3c85911ca4b384e790?s=96&d=mm&r=g","contentUrl":"https:\/\/secure.gravatar.com\/avatar\/b67e614b1b25b3e9c0c239efdd2fde5ab015b5affd6f1c3c85911ca4b384e790?s=96&d=mm&r=g","caption":"Author"},"sameAs":["http:\/\/vof-news.eu"],"url":"https:\/\/vof-news.eu\/de\/author\/zwt6qxnjulxbnyg\/"}]}},"yoast_meta":{"yoast_wpseo_title":"","yoast_wpseo_metadesc":"","yoast_wpseo_canonical":""},"_links":{"self":[{"href":"https:\/\/vof-news.eu\/de\/wp-json\/wp\/v2\/posts\/253184","targetHints":{"allow":["GET"]}}],"collection":[{"href":"https:\/\/vof-news.eu\/de\/wp-json\/wp\/v2\/posts"}],"about":[{"href":"https:\/\/vof-news.eu\/de\/wp-json\/wp\/v2\/types\/post"}],"author":[{"embeddable":true,"href":"https:\/\/vof-news.eu\/de\/wp-json\/wp\/v2\/users\/1"}],"replies":[{"embeddable":true,"href":"https:\/\/vof-news.eu\/de\/wp-json\/wp\/v2\/comments?post=253184"}],"version-history":[{"count":1,"href":"https:\/\/vof-news.eu\/de\/wp-json\/wp\/v2\/posts\/253184\/revisions"}],"predecessor-version":[{"id":253191,"href":"https:\/\/vof-news.eu\/de\/wp-json\/wp\/v2\/posts\/253184\/revisions\/253191"}],"wp:featuredmedia":[{"embeddable":true,"href":"https:\/\/vof-news.eu\/de\/wp-json\/wp\/v2\/media\/253185"}],"wp:attachment":[{"href":"https:\/\/vof-news.eu\/de\/wp-json\/wp\/v2\/media?parent=253184"}],"wp:term":[{"taxonomy":"category","embeddable":true,"href":"https:\/\/vof-news.eu\/de\/wp-json\/wp\/v2\/categories?post=253184"},{"taxonomy":"post_tag","embeddable":true,"href":"https:\/\/vof-news.eu\/de\/wp-json\/wp\/v2\/tags?post=253184"}],"curies":[{"name":"wp","href":"https:\/\/api.w.org\/{rel}","templated":true}]}}