{"id":252978,"date":"2025-07-12T17:28:08","date_gmt":"2025-07-12T14:28:08","guid":{"rendered":"https:\/\/vof-news.eu\/russlands-ausenminister-ladt-kim-jong-un-zu-treffen-mit-putin-ein\/"},"modified":"2025-07-12T17:29:01","modified_gmt":"2025-07-12T14:29:01","slug":"russlands-ausenminister-ladt-kim-jong-un-zu-treffen-mit-putin-ein","status":"publish","type":"post","link":"https:\/\/vof-news.eu\/de\/russlands-ausenminister-ladt-kim-jong-un-zu-treffen-mit-putin-ein\/","title":{"rendered":"Russlands Au\u00dfenminister l\u00e4dt Kim Jong Un zu Treffen mit Putin ein"},"content":{"rendered":"<div>\n<p>Der russische<br \/>\nAu\u00dfenminister Sergej Lawrow hat den nordkoreanischen<br \/>\nMachthaber Kim Jong Un nach <span><a href=\"https:\/\/www.zeit.de\/thema\/russland\" rel=\"nofollow\">Russland<\/a><\/span> eingeladen. Bei dem Treffen in der nordkoreanischen Stadt\u00a0Wonsan habe Lawrow<br \/>\nerkl\u00e4rt, der russische Pr\u00e4sident Wladimir Putin hoffe auf &#8222;direkte<br \/>\nKontakte&#8220; mit Kim\u00a0in naher Zukunft, berichtete die russische<br \/>\nNachrichtenagentur Tass.\u00a0\n<\/p>\n<p>Zuvor hatte Lawrow die<br \/>\nUnterst\u00fctzung <span><a href=\"https:\/\/www.zeit.de\/thema\/nordkorea\" rel=\"nofollow\">Nordkoreas<\/a><\/span> im Krieg gegen die Ukraine in<br \/>\nder russischen Region Kursk gelobt. Die nordkoreanischen Soldaten h\u00e4tten der<br \/>\nrussischen Armee &#8222;heroisch&#8220; beim Zur\u00fcckdr\u00e4ngen der ukrainischen<br \/>\nStreitkr\u00e4fte geholfen, hie\u00df es in einer Erkl\u00e4rung des russischen<br \/>\nAu\u00dfenministeriums. Nordkorea habe zudem &#8222;ohne Vorbehalt seine<br \/>\nUnterst\u00fctzung aller Ziele&#8220; der russischen Offensive in der Ukraine<br \/>\nunterstrichen.\n<\/p>\n<p>Im vergangenen Jahr hatten Russland und Nordkorea eine strategische Partnerschaft verk\u00fcndet, die auch<br \/>\nmilit\u00e4rischen Beistand einschlie\u00dft, sollte eines der beiden L\u00e4nder<br \/>\nangegriffen werden.\u00a0\n<\/p>\n<\/p>\n<\/div>\n","protected":false},"excerpt":{"rendered":"<p>Der russische Au\u00dfenminister Sergej Lawrow hat den nordkoreanischen Machthaber Kim Jong Un nach Russland eingeladen. Bei dem Treffen in der nordkoreanischen Stadt\u00a0Wonsan habe Lawrow erkl\u00e4rt, der russische Pr\u00e4sident Wladimir Putin hoffe auf &#8222;direkte Kontakte&#8220; mit Kim\u00a0in naher Zukunft, berichtete die russische Nachrichtenagentur Tass.\u00a0 Zuvor hatte Lawrow die Unterst\u00fctzung Nordkoreas im Krieg gegen die Ukraine in<\/p>\n","protected":false},"author":1,"featured_media":252979,"comment_status":"open","ping_status":"open","sticky":false,"template":"","format":"standard","meta":{"footnotes":""},"categories":[116],"tags":[],"class_list":["post-252978","post","type-post","status-publish","format-standard","has-post-thumbnail","hentry","category-war-chronicles-de"],"acf":[],"yoast_head":"<!-- This site is optimized with the Yoast SEO plugin v22.9 - https:\/\/yoast.com\/wordpress\/plugins\/seo\/ -->\n<title>Russlands Au\u00dfenminister l\u00e4dt Kim Jong Un zu Treffen mit Putin ein - vof-news.eu<\/title>\n<meta name=\"description\" content=\"Der russische\" \/>\n<meta name=\"robots\" content=\"noindex, follow, max-snippet:-1, max-image-preview:large, max-video-preview:-1\" \/>\n<meta property=\"og:locale\" content=\"de_DE\" \/>\n<meta property=\"og:type\" content=\"article\" \/>\n<meta property=\"og:title\" content=\"Russlands Au\u00dfenminister l\u00e4dt Kim Jong Un zu Treffen mit Putin ein - vof-news.eu\" \/>\n<meta property=\"og:description\" content=\"Der russische\" \/>\n<meta property=\"og:url\" content=\"https:\/\/vof-news.eu\/de\/russlands-ausenminister-ladt-kim-jong-un-zu-treffen-mit-putin-ein\/\" \/>\n<meta property=\"og:site_name\" content=\"vof-news.eu\" \/>\n<meta property=\"article:published_time\" content=\"2025-07-12T14:28:08+00:00\" \/>\n<meta property=\"article:modified_time\" content=\"2025-07-12T14:29:01+00:00\" \/>\n<meta property=\"og:image\" content=\"https:\/\/vof-news.eu\/wp-content\/uploads\/2025\/07\/wide__1000x562-34.jpg\" \/>\n\t<meta property=\"og:image:width\" content=\"1000\" \/>\n\t<meta property=\"og:image:height\" content=\"562\" \/>\n\t<meta property=\"og:image:type\" content=\"image\/jpeg\" \/>\n<meta name=\"author\" content=\"Author\" \/>\n<meta name=\"twitter:card\" content=\"summary_large_image\" \/>\n<meta name=\"twitter:label1\" content=\"Verfasst von\" \/>\n\t<meta name=\"twitter:data1\" content=\"Author\" \/>\n\t<meta name=\"twitter:label2\" content=\"Gesch\u00e4tzte Lesezeit\" \/>\n\t<meta name=\"twitter:data2\" content=\"1\u00a0Minute\" \/>\n<script type=\"application\/ld+json\" class=\"yoast-schema-graph\">{\"@context\":\"https:\/\/schema.org\",\"@graph\":[{\"@type\":\"WebPage\",\"@id\":\"https:\/\/vof-news.eu\/de\/russlands-ausenminister-ladt-kim-jong-un-zu-treffen-mit-putin-ein\/\",\"url\":\"https:\/\/vof-news.eu\/de\/russlands-ausenminister-ladt-kim-jong-un-zu-treffen-mit-putin-ein\/\",\"name\":\"Russlands Au\u00dfenminister l\u00e4dt Kim Jong Un zu Treffen mit Putin ein - vof-news.eu\",\"isPartOf\":{\"@id\":\"https:\/\/vof-news.eu\/de\/#website\"},\"primaryImageOfPage\":{\"@id\":\"https:\/\/vof-news.eu\/de\/russlands-ausenminister-ladt-kim-jong-un-zu-treffen-mit-putin-ein\/#primaryimage\"},\"image\":{\"@id\":\"https:\/\/vof-news.eu\/de\/russlands-ausenminister-ladt-kim-jong-un-zu-treffen-mit-putin-ein\/#primaryimage\"},\"thumbnailUrl\":\"https:\/\/vof-news.eu\/wp-content\/uploads\/2025\/07\/wide__1000x562-34.jpg\",\"datePublished\":\"2025-07-12T14:28:08+00:00\",\"dateModified\":\"2025-07-12T14:29:01+00:00\",\"author\":{\"@id\":\"https:\/\/vof-news.eu\/de\/#\/schema\/person\/f6a2a4309f0561835797fd8c19b333ed\"},\"description\":\"Der russische\",\"breadcrumb\":{\"@id\":\"https:\/\/vof-news.eu\/de\/russlands-ausenminister-ladt-kim-jong-un-zu-treffen-mit-putin-ein\/#breadcrumb\"},\"inLanguage\":\"de\",\"potentialAction\":[{\"@type\":\"ReadAction\",\"target\":[\"https:\/\/vof-news.eu\/de\/russlands-ausenminister-ladt-kim-jong-un-zu-treffen-mit-putin-ein\/\"]}]},{\"@type\":\"ImageObject\",\"inLanguage\":\"de\",\"@id\":\"https:\/\/vof-news.eu\/de\/russlands-ausenminister-ladt-kim-jong-un-zu-treffen-mit-putin-ein\/#primaryimage\",\"url\":\"https:\/\/vof-news.eu\/wp-content\/uploads\/2025\/07\/wide__1000x562-34.jpg\",\"contentUrl\":\"https:\/\/vof-news.eu\/wp-content\/uploads\/2025\/07\/wide__1000x562-34.jpg\",\"width\":1000,\"height\":562},{\"@type\":\"BreadcrumbList\",\"@id\":\"https:\/\/vof-news.eu\/de\/russlands-ausenminister-ladt-kim-jong-un-zu-treffen-mit-putin-ein\/#breadcrumb\",\"itemListElement\":[{\"@type\":\"ListItem\",\"position\":1,\"name\":\"Home\",\"item\":\"https:\/\/vof-news.eu\/de\/\"},{\"@type\":\"ListItem\",\"position\":2,\"name\":\"Russlands Au\u00dfenminister l\u00e4dt Kim Jong Un zu Treffen mit Putin ein\"}]},{\"@type\":\"WebSite\",\"@id\":\"https:\/\/vof-news.eu\/de\/#website\",\"url\":\"https:\/\/vof-news.eu\/de\/\",\"name\":\"vof-news.eu\",\"description\":\"\",\"potentialAction\":[{\"@type\":\"SearchAction\",\"target\":{\"@type\":\"EntryPoint\",\"urlTemplate\":\"https:\/\/vof-news.eu\/de\/?s={search_term_string}\"},\"query-input\":\"required name=search_term_string\"}],\"inLanguage\":\"de\"},{\"@type\":\"Person\",\"@id\":\"https:\/\/vof-news.eu\/de\/#\/schema\/person\/f6a2a4309f0561835797fd8c19b333ed\",\"name\":\"Author\",\"image\":{\"@type\":\"ImageObject\",\"inLanguage\":\"de\",\"@id\":\"https:\/\/vof-news.eu\/de\/#\/schema\/person\/image\/\",\"url\":\"https:\/\/secure.gravatar.com\/avatar\/b67e614b1b25b3e9c0c239efdd2fde5ab015b5affd6f1c3c85911ca4b384e790?s=96&d=mm&r=g\",\"contentUrl\":\"https:\/\/secure.gravatar.com\/avatar\/b67e614b1b25b3e9c0c239efdd2fde5ab015b5affd6f1c3c85911ca4b384e790?s=96&d=mm&r=g\",\"caption\":\"Author\"},\"sameAs\":[\"http:\/\/vof-news.eu\"],\"url\":\"https:\/\/vof-news.eu\/de\/author\/zwt6qxnjulxbnyg\/\"}]}<\/script>\n<!-- \/ Yoast SEO plugin. -->","yoast_head_json":{"title":"Russlands Au\u00dfenminister l\u00e4dt Kim Jong Un zu Treffen mit Putin ein - vof-news.eu","description":"Der russische","robots":{"index":"noindex","follow":"follow","max-snippet":"max-snippet:-1","max-image-preview":"max-image-preview:large","max-video-preview":"max-video-preview:-1"},"og_locale":"de_DE","og_type":"article","og_title":"Russlands Au\u00dfenminister l\u00e4dt Kim Jong Un zu Treffen mit Putin ein - vof-news.eu","og_description":"Der russische","og_url":"https:\/\/vof-news.eu\/de\/russlands-ausenminister-ladt-kim-jong-un-zu-treffen-mit-putin-ein\/","og_site_name":"vof-news.eu","article_published_time":"2025-07-12T14:28:08+00:00","article_modified_time":"2025-07-12T14:29:01+00:00","og_image":[{"width":1000,"height":562,"url":"https:\/\/vof-news.eu\/wp-content\/uploads\/2025\/07\/wide__1000x562-34.jpg","type":"image\/jpeg"}],"author":"Author","twitter_card":"summary_large_image","twitter_misc":{"Verfasst von":"Author","Gesch\u00e4tzte Lesezeit":"1\u00a0Minute"},"schema":{"@context":"https:\/\/schema.org","@graph":[{"@type":"WebPage","@id":"https:\/\/vof-news.eu\/de\/russlands-ausenminister-ladt-kim-jong-un-zu-treffen-mit-putin-ein\/","url":"https:\/\/vof-news.eu\/de\/russlands-ausenminister-ladt-kim-jong-un-zu-treffen-mit-putin-ein\/","name":"Russlands Au\u00dfenminister l\u00e4dt Kim Jong Un zu Treffen mit Putin ein - vof-news.eu","isPartOf":{"@id":"https:\/\/vof-news.eu\/de\/#website"},"primaryImageOfPage":{"@id":"https:\/\/vof-news.eu\/de\/russlands-ausenminister-ladt-kim-jong-un-zu-treffen-mit-putin-ein\/#primaryimage"},"image":{"@id":"https:\/\/vof-news.eu\/de\/russlands-ausenminister-ladt-kim-jong-un-zu-treffen-mit-putin-ein\/#primaryimage"},"thumbnailUrl":"https:\/\/vof-news.eu\/wp-content\/uploads\/2025\/07\/wide__1000x562-34.jpg","datePublished":"2025-07-12T14:28:08+00:00","dateModified":"2025-07-12T14:29:01+00:00","author":{"@id":"https:\/\/vof-news.eu\/de\/#\/schema\/person\/f6a2a4309f0561835797fd8c19b333ed"},"description":"Der russische","breadcrumb":{"@id":"https:\/\/vof-news.eu\/de\/russlands-ausenminister-ladt-kim-jong-un-zu-treffen-mit-putin-ein\/#breadcrumb"},"inLanguage":"de","potentialAction":[{"@type":"ReadAction","target":["https:\/\/vof-news.eu\/de\/russlands-ausenminister-ladt-kim-jong-un-zu-treffen-mit-putin-ein\/"]}]},{"@type":"ImageObject","inLanguage":"de","@id":"https:\/\/vof-news.eu\/de\/russlands-ausenminister-ladt-kim-jong-un-zu-treffen-mit-putin-ein\/#primaryimage","url":"https:\/\/vof-news.eu\/wp-content\/uploads\/2025\/07\/wide__1000x562-34.jpg","contentUrl":"https:\/\/vof-news.eu\/wp-content\/uploads\/2025\/07\/wide__1000x562-34.jpg","width":1000,"height":562},{"@type":"BreadcrumbList","@id":"https:\/\/vof-news.eu\/de\/russlands-ausenminister-ladt-kim-jong-un-zu-treffen-mit-putin-ein\/#breadcrumb","itemListElement":[{"@type":"ListItem","position":1,"name":"Home","item":"https:\/\/vof-news.eu\/de\/"},{"@type":"ListItem","position":2,"name":"Russlands Au\u00dfenminister l\u00e4dt Kim Jong Un zu Treffen mit Putin ein"}]},{"@type":"WebSite","@id":"https:\/\/vof-news.eu\/de\/#website","url":"https:\/\/vof-news.eu\/de\/","name":"vof-news.eu","description":"","potentialAction":[{"@type":"SearchAction","target":{"@type":"EntryPoint","urlTemplate":"https:\/\/vof-news.eu\/de\/?s={search_term_string}"},"query-input":"required name=search_term_string"}],"inLanguage":"de"},{"@type":"Person","@id":"https:\/\/vof-news.eu\/de\/#\/schema\/person\/f6a2a4309f0561835797fd8c19b333ed","name":"Author","image":{"@type":"ImageObject","inLanguage":"de","@id":"https:\/\/vof-news.eu\/de\/#\/schema\/person\/image\/","url":"https:\/\/secure.gravatar.com\/avatar\/b67e614b1b25b3e9c0c239efdd2fde5ab015b5affd6f1c3c85911ca4b384e790?s=96&d=mm&r=g","contentUrl":"https:\/\/secure.gravatar.com\/avatar\/b67e614b1b25b3e9c0c239efdd2fde5ab015b5affd6f1c3c85911ca4b384e790?s=96&d=mm&r=g","caption":"Author"},"sameAs":["http:\/\/vof-news.eu"],"url":"https:\/\/vof-news.eu\/de\/author\/zwt6qxnjulxbnyg\/"}]}},"yoast_meta":{"yoast_wpseo_title":"","yoast_wpseo_metadesc":"","yoast_wpseo_canonical":""},"_links":{"self":[{"href":"https:\/\/vof-news.eu\/de\/wp-json\/wp\/v2\/posts\/252978","targetHints":{"allow":["GET"]}}],"collection":[{"href":"https:\/\/vof-news.eu\/de\/wp-json\/wp\/v2\/posts"}],"about":[{"href":"https:\/\/vof-news.eu\/de\/wp-json\/wp\/v2\/types\/post"}],"author":[{"embeddable":true,"href":"https:\/\/vof-news.eu\/de\/wp-json\/wp\/v2\/users\/1"}],"replies":[{"embeddable":true,"href":"https:\/\/vof-news.eu\/de\/wp-json\/wp\/v2\/comments?post=252978"}],"version-history":[{"count":1,"href":"https:\/\/vof-news.eu\/de\/wp-json\/wp\/v2\/posts\/252978\/revisions"}],"predecessor-version":[{"id":252985,"href":"https:\/\/vof-news.eu\/de\/wp-json\/wp\/v2\/posts\/252978\/revisions\/252985"}],"wp:featuredmedia":[{"embeddable":true,"href":"https:\/\/vof-news.eu\/de\/wp-json\/wp\/v2\/media\/252979"}],"wp:attachment":[{"href":"https:\/\/vof-news.eu\/de\/wp-json\/wp\/v2\/media?parent=252978"}],"wp:term":[{"taxonomy":"category","embeddable":true,"href":"https:\/\/vof-news.eu\/de\/wp-json\/wp\/v2\/categories?post=252978"},{"taxonomy":"post_tag","embeddable":true,"href":"https:\/\/vof-news.eu\/de\/wp-json\/wp\/v2\/tags?post=252978"}],"curies":[{"name":"wp","href":"https:\/\/api.w.org\/{rel}","templated":true}]}}