{"id":252581,"date":"2025-07-12T03:26:59","date_gmt":"2025-07-12T00:26:59","guid":{"rendered":"https:\/\/vof-news.eu\/gewerkschaften-fordern-zeiterfassung-auch-bei-vertrauensarbeitszeit\/"},"modified":"2025-07-12T03:27:24","modified_gmt":"2025-07-12T00:27:24","slug":"gewerkschaften-fordern-zeiterfassung-auch-bei-vertrauensarbeitszeit","status":"publish","type":"post","link":"https:\/\/vof-news.eu\/de\/gewerkschaften-fordern-zeiterfassung-auch-bei-vertrauensarbeitszeit\/","title":{"rendered":"Gewerkschaften fordern Zeiterfassung auch bei Vertrauensarbeitszeit"},"content":{"rendered":"<p>In der Debatte um das geplante Gesetz zur Arbeitszeiterfassung bahnt sich ein Konflikt mit den Gewerkschaften an. Die Bundesregierung muss die Arbeitszeiterfassung nach h\u00f6chstrichterlichen Entscheidungen neu regeln, will jedoch gro\u00dfz\u00fcgige Ausnahmen von der Pflicht zur Dokumentation der Arbeitsstunden schaffen. \u201eDie Vertrauensarbeitszeit bleibt ohne Zeiterfassung im Einklang mit der EU-Arbeitszeitrichtlinie m\u00f6glich\u201c, hei\u00dft es im Koalitionsvertrag. <\/p>\n<p>Beim Deutschen Gewerkschaftsbund (DGB) dr\u00e4ngt man jedoch auf eine Regelung zur l\u00fcckenlosen Dokumentation. \u201eF\u00fcr Ausnahmen von der Erfassung f\u00fcr Vertrauensarbeitszeit besteht keinerlei Erfordernis, sie widerspr\u00e4chen aus unserer Sicht zudem dem EU-Recht\u201c, sagte DGB-Vorstandsmitglied Anja Piel WELT AM SONNTAG. <\/p>\n<p>\u201eWir sind nicht grunds\u00e4tzlich f\u00fcr die Abschaffung der Vertrauensarbeitszeit, da sie meist bei Besch\u00e4ftigten mit hohen Geh\u00e4ltern einvernehmlich vereinbart wird\u201c, sagte die stellvertretende Verdi-Vorsitzende Andrea Kocsis der Zeitung. Aber: \u201eSollte sie als \u201aUmgehungsm\u00f6glichkeit\u2018 der Schutzrechte des Arbeitszeitgesetzes und der Aufzeichnung durch Arbeitgeber genutzt werden, darf das Modell nicht fortbestehen\u201c, so Kocsis. <\/p>\n<p>Dem widersprechen die Arbeitgeber: \u201eIn vielen Betrieben wird die Arbeitszeit bereits heute f\u00fcr die \u00fcberwiegende Zahl der Arbeitnehmer erfasst. In anderen Bereichen mit guten Gr\u00fcnden nicht. So wird im Rahmen von Vertrauensarbeitszeit dem Wunsch der Besch\u00e4ftigten entgegengekommen und ein verantwortliches Ma\u00df an Flexibilisierung erm\u00f6glicht\u201c, sagte Arbeitgeberpr\u00e4sident Rainer Dulger WELT AM SONNTAG. <\/p>\n<p>\u201eVertrauensarbeitszeit mit der Stechuhr zu erfassen, ist ein Widerspruch in sich. Damit w\u00fcrde ein wichtiges personalpolitisches Instrument zur Arbeitszeitflexibilisierung abgeschafft. Mit moderner Arbeitszeitgestaltung hat das nichts mehr zu tun.\u201c<\/p>\n<p>Schon die Vorg\u00e4ngerregierung hatte an einer Neuregelung der Arbeitszeiterfassung gearbeitet. Der damalige Entwurf sei nach dem Scheitern der Ampel-Regierung aber \u201eobsolet\u201c, hei\u00dft es aus dem Bundesarbeitsministerium. Deshalb habe man nach der Sommerpause Gewerkschaften und Arbeitgeber zu einem \u201eDialog\u201c \u00fcber die Neuregelung eingeladen. Wann ein Gesetzentwurf vorgelegt wird, bleibt weiter unklar.<\/p>\n<p><a class=\"is-link c-block-items__link c-link--rich-text-renderer\" data-internal-tracking='{\"action\":\"click\",\"label\":\"link\",\"name\":\"Inline Element\",\"data\":{\"source\":\"\",\"target\":\"https:\/\/www.welt.de\/autor\/jan-klauth\/\",\"trackingName\":\"\",\"trackingLabel\":\"\"}}' data-internal-tracking-enabled=\"true\" href=\"https:\/\/www.welt.de\/autor\/jan-klauth\/\"><b><em>Jan Klauth<\/em><\/b><\/a><b><em> ist Wirtschaftsredakteur in Berlin. Er berichtet \u00fcber Arbeitsmarkt-Themen, B\u00fcrgergeld, Migration und Sozialpolitik sowie Karriere-Themen.<\/em><\/b><\/p>\n","protected":false},"excerpt":{"rendered":"<p>In der Debatte um das geplante Gesetz zur Arbeitszeiterfassung bahnt sich ein Konflikt mit den Gewerkschaften an. Die Bundesregierung muss die Arbeitszeiterfassung nach h\u00f6chstrichterlichen Entscheidungen neu regeln, will jedoch gro\u00dfz\u00fcgige Ausnahmen von der Pflicht zur Dokumentation der Arbeitsstunden schaffen. \u201eDie Vertrauensarbeitszeit bleibt ohne Zeiterfassung im Einklang mit der EU-Arbeitszeitrichtlinie m\u00f6glich\u201c, hei\u00dft es im Koalitionsvertrag. Beim<\/p>\n","protected":false},"author":1,"featured_media":252582,"comment_status":"open","ping_status":"open","sticky":false,"template":"","format":"standard","meta":{"footnotes":""},"categories":[59],"tags":[],"class_list":["post-252581","post","type-post","status-publish","format-standard","has-post-thumbnail","hentry","category-business-de"],"acf":[],"yoast_head":"<!-- This site is optimized with the Yoast SEO plugin v22.9 - https:\/\/yoast.com\/wordpress\/plugins\/seo\/ -->\n<title>Gewerkschaften fordern Zeiterfassung auch bei Vertrauensarbeitszeit - vof-news.eu<\/title>\n<meta name=\"description\" content=\"In der Debatte um das geplante Gesetz zur Arbeitszeiterfassung bahnt sich ein Konflikt mit den Gewerkschaften an. Die Bundesregierung muss die Arbeitszeiterfassung nach h\u00f6chstrichterlichen Entscheidungen neu regeln, will jedoch gro\u00dfz\u00fcgige Ausnahmen von der Pflicht zur Dokumentation der Arbeitsstunden schaffen. \u201eDie Vertrauensarbeitszeit bleibt ohne Zeiterfassung im Einklang mit der EU-Arbeitszeitrichtlinie m\u00f6glich\u201c, hei\u00dft es im Koalitionsvertrag. Beim Deutschen Gewerkschaftsbund (DGB) dr\u00e4ngt man jedoch auf eine Regelung zur l\u00fcckenlosen Dokumentation. \u201eF\u00fcr Ausnahmen von der Erfassung f\u00fcr Vertrauensarbeitszeit besteht keinerlei Erfordernis, sie widerspr\u00e4chen aus unserer Sicht zudem dem EU-Recht\u201c, sagte DGB-Vorstandsmitglied Anja Piel WELT AM SONNTAG. \u201eWir sind nicht grunds\u00e4tzlich f\u00fcr die Abschaffung der Vertrauensarbeitszeit, da sie meist bei Besch\u00e4ftigten mit hohen Geh\u00e4ltern einvernehmlich vereinbart wird\u201c, sagte die stellvertretende Verdi-Vorsitzende Andrea Kocsis der Zeitung. Aber: \u201eSollte sie als \u201aUmgehungsm\u00f6glichkeit\u2018 der Schutzrechte des Arbeitszeitgesetzes und der Aufzeichnung durch Arbeitgeber genutzt werden, darf das Modell nicht fortbestehen\u201c, so Kocsis. Dem widersprechen die Arbeitgeber: \u201eIn vielen Betrieben wird die Arbeitszeit bereits heute f\u00fcr die \u00fcberwiegende Zahl der Arbeitnehmer erfasst. In anderen Bereichen mit guten Gr\u00fcnden nicht. So wird im Rahmen von Vertrauensarbeitszeit dem Wunsch der Besch\u00e4ftigten entgegengekommen und ein verantwortliches Ma\u00df an Flexibilisierung erm\u00f6glicht\u201c, sagte Arbeitgeberpr\u00e4sident Rainer Dulger WELT AM SONNTAG. \u201eVertrauensarbeitszeit mit der Stechuhr zu erfassen, ist ein Widerspruch in sich. Damit w\u00fcrde ein wichtiges personalpolitisches Instrument zur Arbeitszeitflexibilisierung abgeschafft. Mit moderner Arbeitszeitgestaltung hat das nichts mehr zu tun.\u201cSchon die Vorg\u00e4ngerregierung hatte an einer Neuregelung der Arbeitszeiterfassung gearbeitet. Der damalige Entwurf sei nach dem Scheitern der Ampel-Regierung aber \u201eobsolet\u201c, hei\u00dft es aus dem Bundesarbeitsministerium. Deshalb habe man nach der Sommerpause Gewerkschaften und Arbeitgeber zu einem \u201eDialog\u201c \u00fcber die Neuregelung eingeladen. Wann ein Gesetzentwurf vorgelegt wird, bleibt weiter unklar.Jan Klauth ist Wirtschaftsredakteur in Berlin. Er berichtet \u00fcber Arbeitsmarkt-Themen, B\u00fcrgergeld, Migration und Sozialpolitik sowie Karriere-Themen.\" \/>\n<meta name=\"robots\" content=\"noindex, follow, max-snippet:-1, max-image-preview:large, max-video-preview:-1\" \/>\n<meta property=\"og:locale\" content=\"de_DE\" \/>\n<meta property=\"og:type\" content=\"article\" \/>\n<meta property=\"og:title\" content=\"Gewerkschaften fordern Zeiterfassung auch bei Vertrauensarbeitszeit - vof-news.eu\" \/>\n<meta property=\"og:description\" content=\"In der Debatte um das geplante Gesetz zur Arbeitszeiterfassung bahnt sich ein Konflikt mit den Gewerkschaften an. Die Bundesregierung muss die Arbeitszeiterfassung nach h\u00f6chstrichterlichen Entscheidungen neu regeln, will jedoch gro\u00dfz\u00fcgige Ausnahmen von der Pflicht zur Dokumentation der Arbeitsstunden schaffen. \u201eDie Vertrauensarbeitszeit bleibt ohne Zeiterfassung im Einklang mit der EU-Arbeitszeitrichtlinie m\u00f6glich\u201c, hei\u00dft es im Koalitionsvertrag. Beim Deutschen Gewerkschaftsbund (DGB) dr\u00e4ngt man jedoch auf eine Regelung zur l\u00fcckenlosen Dokumentation. \u201eF\u00fcr Ausnahmen von der Erfassung f\u00fcr Vertrauensarbeitszeit besteht keinerlei Erfordernis, sie widerspr\u00e4chen aus unserer Sicht zudem dem EU-Recht\u201c, sagte DGB-Vorstandsmitglied Anja Piel WELT AM SONNTAG. \u201eWir sind nicht grunds\u00e4tzlich f\u00fcr die Abschaffung der Vertrauensarbeitszeit, da sie meist bei Besch\u00e4ftigten mit hohen Geh\u00e4ltern einvernehmlich vereinbart wird\u201c, sagte die stellvertretende Verdi-Vorsitzende Andrea Kocsis der Zeitung. Aber: \u201eSollte sie als \u201aUmgehungsm\u00f6glichkeit\u2018 der Schutzrechte des Arbeitszeitgesetzes und der Aufzeichnung durch Arbeitgeber genutzt werden, darf das Modell nicht fortbestehen\u201c, so Kocsis. Dem widersprechen die Arbeitgeber: \u201eIn vielen Betrieben wird die Arbeitszeit bereits heute f\u00fcr die \u00fcberwiegende Zahl der Arbeitnehmer erfasst. In anderen Bereichen mit guten Gr\u00fcnden nicht. So wird im Rahmen von Vertrauensarbeitszeit dem Wunsch der Besch\u00e4ftigten entgegengekommen und ein verantwortliches Ma\u00df an Flexibilisierung erm\u00f6glicht\u201c, sagte Arbeitgeberpr\u00e4sident Rainer Dulger WELT AM SONNTAG. \u201eVertrauensarbeitszeit mit der Stechuhr zu erfassen, ist ein Widerspruch in sich. Damit w\u00fcrde ein wichtiges personalpolitisches Instrument zur Arbeitszeitflexibilisierung abgeschafft. Mit moderner Arbeitszeitgestaltung hat das nichts mehr zu tun.\u201cSchon die Vorg\u00e4ngerregierung hatte an einer Neuregelung der Arbeitszeiterfassung gearbeitet. Der damalige Entwurf sei nach dem Scheitern der Ampel-Regierung aber \u201eobsolet\u201c, hei\u00dft es aus dem Bundesarbeitsministerium. Deshalb habe man nach der Sommerpause Gewerkschaften und Arbeitgeber zu einem \u201eDialog\u201c \u00fcber die Neuregelung eingeladen. Wann ein Gesetzentwurf vorgelegt wird, bleibt weiter unklar.Jan Klauth ist Wirtschaftsredakteur in Berlin. Er berichtet \u00fcber Arbeitsmarkt-Themen, B\u00fcrgergeld, Migration und Sozialpolitik sowie Karriere-Themen.\" \/>\n<meta property=\"og:url\" content=\"https:\/\/vof-news.eu\/de\/gewerkschaften-fordern-zeiterfassung-auch-bei-vertrauensarbeitszeit\/\" \/>\n<meta property=\"og:site_name\" content=\"vof-news.eu\" \/>\n<meta property=\"article:published_time\" content=\"2025-07-12T00:26:59+00:00\" \/>\n<meta property=\"article:modified_time\" content=\"2025-07-12T00:27:24+00:00\" \/>\n<meta property=\"og:image\" content=\"https:\/\/vof-news.eu\/wp-content\/uploads\/2025\/07\/kontrolle-per-stechuhr-was-zeiterfassung-am-arbeitsplatz-bringt.webp\" \/>\n\t<meta property=\"og:image:width\" content=\"1200\" \/>\n\t<meta property=\"og:image:height\" content=\"574\" \/>\n\t<meta property=\"og:image:type\" content=\"image\/webp\" \/>\n<meta name=\"author\" content=\"Author\" \/>\n<meta name=\"twitter:card\" content=\"summary_large_image\" \/>\n<meta name=\"twitter:label1\" content=\"Verfasst von\" \/>\n\t<meta name=\"twitter:data1\" content=\"Author\" \/>\n\t<meta name=\"twitter:label2\" content=\"Gesch\u00e4tzte Lesezeit\" \/>\n\t<meta name=\"twitter:data2\" content=\"2\u00a0Minuten\" \/>\n<script type=\"application\/ld+json\" class=\"yoast-schema-graph\">{\"@context\":\"https:\/\/schema.org\",\"@graph\":[{\"@type\":\"WebPage\",\"@id\":\"https:\/\/vof-news.eu\/de\/gewerkschaften-fordern-zeiterfassung-auch-bei-vertrauensarbeitszeit\/\",\"url\":\"https:\/\/vof-news.eu\/de\/gewerkschaften-fordern-zeiterfassung-auch-bei-vertrauensarbeitszeit\/\",\"name\":\"Gewerkschaften fordern Zeiterfassung auch bei Vertrauensarbeitszeit - vof-news.eu\",\"isPartOf\":{\"@id\":\"https:\/\/vof-news.eu\/de\/#website\"},\"primaryImageOfPage\":{\"@id\":\"https:\/\/vof-news.eu\/de\/gewerkschaften-fordern-zeiterfassung-auch-bei-vertrauensarbeitszeit\/#primaryimage\"},\"image\":{\"@id\":\"https:\/\/vof-news.eu\/de\/gewerkschaften-fordern-zeiterfassung-auch-bei-vertrauensarbeitszeit\/#primaryimage\"},\"thumbnailUrl\":\"https:\/\/vof-news.eu\/wp-content\/uploads\/2025\/07\/kontrolle-per-stechuhr-was-zeiterfassung-am-arbeitsplatz-bringt.webp\",\"datePublished\":\"2025-07-12T00:26:59+00:00\",\"dateModified\":\"2025-07-12T00:27:24+00:00\",\"author\":{\"@id\":\"https:\/\/vof-news.eu\/de\/#\/schema\/person\/f6a2a4309f0561835797fd8c19b333ed\"},\"description\":\"In der Debatte um das geplante Gesetz zur Arbeitszeiterfassung bahnt sich ein Konflikt mit den Gewerkschaften an. Die Bundesregierung muss die Arbeitszeiterfassung nach h\u00f6chstrichterlichen Entscheidungen neu regeln, will jedoch gro\u00dfz\u00fcgige Ausnahmen von der Pflicht zur Dokumentation der Arbeitsstunden schaffen. \u201eDie Vertrauensarbeitszeit bleibt ohne Zeiterfassung im Einklang mit der EU-Arbeitszeitrichtlinie m\u00f6glich\u201c, hei\u00dft es im Koalitionsvertrag. Beim Deutschen Gewerkschaftsbund (DGB) dr\u00e4ngt man jedoch auf eine Regelung zur l\u00fcckenlosen Dokumentation. \u201eF\u00fcr Ausnahmen von der Erfassung f\u00fcr Vertrauensarbeitszeit besteht keinerlei Erfordernis, sie widerspr\u00e4chen aus unserer Sicht zudem dem EU-Recht\u201c, sagte DGB-Vorstandsmitglied Anja Piel WELT AM SONNTAG. \u201eWir sind nicht grunds\u00e4tzlich f\u00fcr die Abschaffung der Vertrauensarbeitszeit, da sie meist bei Besch\u00e4ftigten mit hohen Geh\u00e4ltern einvernehmlich vereinbart wird\u201c, sagte die stellvertretende Verdi-Vorsitzende Andrea Kocsis der Zeitung. Aber: \u201eSollte sie als \u201aUmgehungsm\u00f6glichkeit\u2018 der Schutzrechte des Arbeitszeitgesetzes und der Aufzeichnung durch Arbeitgeber genutzt werden, darf das Modell nicht fortbestehen\u201c, so Kocsis. Dem widersprechen die Arbeitgeber: \u201eIn vielen Betrieben wird die Arbeitszeit bereits heute f\u00fcr die \u00fcberwiegende Zahl der Arbeitnehmer erfasst. In anderen Bereichen mit guten Gr\u00fcnden nicht. So wird im Rahmen von Vertrauensarbeitszeit dem Wunsch der Besch\u00e4ftigten entgegengekommen und ein verantwortliches Ma\u00df an Flexibilisierung erm\u00f6glicht\u201c, sagte Arbeitgeberpr\u00e4sident Rainer Dulger WELT AM SONNTAG. \u201eVertrauensarbeitszeit mit der Stechuhr zu erfassen, ist ein Widerspruch in sich. Damit w\u00fcrde ein wichtiges personalpolitisches Instrument zur Arbeitszeitflexibilisierung abgeschafft. Mit moderner Arbeitszeitgestaltung hat das nichts mehr zu tun.\u201cSchon die Vorg\u00e4ngerregierung hatte an einer Neuregelung der Arbeitszeiterfassung gearbeitet. Der damalige Entwurf sei nach dem Scheitern der Ampel-Regierung aber \u201eobsolet\u201c, hei\u00dft es aus dem Bundesarbeitsministerium. Deshalb habe man nach der Sommerpause Gewerkschaften und Arbeitgeber zu einem \u201eDialog\u201c \u00fcber die Neuregelung eingeladen. Wann ein Gesetzentwurf vorgelegt wird, bleibt weiter unklar.Jan Klauth ist Wirtschaftsredakteur in Berlin. Er berichtet \u00fcber Arbeitsmarkt-Themen, B\u00fcrgergeld, Migration und Sozialpolitik sowie Karriere-Themen.\",\"breadcrumb\":{\"@id\":\"https:\/\/vof-news.eu\/de\/gewerkschaften-fordern-zeiterfassung-auch-bei-vertrauensarbeitszeit\/#breadcrumb\"},\"inLanguage\":\"de\",\"potentialAction\":[{\"@type\":\"ReadAction\",\"target\":[\"https:\/\/vof-news.eu\/de\/gewerkschaften-fordern-zeiterfassung-auch-bei-vertrauensarbeitszeit\/\"]}]},{\"@type\":\"ImageObject\",\"inLanguage\":\"de\",\"@id\":\"https:\/\/vof-news.eu\/de\/gewerkschaften-fordern-zeiterfassung-auch-bei-vertrauensarbeitszeit\/#primaryimage\",\"url\":\"https:\/\/vof-news.eu\/wp-content\/uploads\/2025\/07\/kontrolle-per-stechuhr-was-zeiterfassung-am-arbeitsplatz-bringt.webp\",\"contentUrl\":\"https:\/\/vof-news.eu\/wp-content\/uploads\/2025\/07\/kontrolle-per-stechuhr-was-zeiterfassung-am-arbeitsplatz-bringt.webp\",\"width\":1200,\"height\":574},{\"@type\":\"BreadcrumbList\",\"@id\":\"https:\/\/vof-news.eu\/de\/gewerkschaften-fordern-zeiterfassung-auch-bei-vertrauensarbeitszeit\/#breadcrumb\",\"itemListElement\":[{\"@type\":\"ListItem\",\"position\":1,\"name\":\"Home\",\"item\":\"https:\/\/vof-news.eu\/de\/\"},{\"@type\":\"ListItem\",\"position\":2,\"name\":\"Gewerkschaften fordern Zeiterfassung auch bei Vertrauensarbeitszeit\"}]},{\"@type\":\"WebSite\",\"@id\":\"https:\/\/vof-news.eu\/de\/#website\",\"url\":\"https:\/\/vof-news.eu\/de\/\",\"name\":\"vof-news.eu\",\"description\":\"\",\"potentialAction\":[{\"@type\":\"SearchAction\",\"target\":{\"@type\":\"EntryPoint\",\"urlTemplate\":\"https:\/\/vof-news.eu\/de\/?s={search_term_string}\"},\"query-input\":\"required name=search_term_string\"}],\"inLanguage\":\"de\"},{\"@type\":\"Person\",\"@id\":\"https:\/\/vof-news.eu\/de\/#\/schema\/person\/f6a2a4309f0561835797fd8c19b333ed\",\"name\":\"Author\",\"image\":{\"@type\":\"ImageObject\",\"inLanguage\":\"de\",\"@id\":\"https:\/\/vof-news.eu\/de\/#\/schema\/person\/image\/\",\"url\":\"https:\/\/secure.gravatar.com\/avatar\/b67e614b1b25b3e9c0c239efdd2fde5ab015b5affd6f1c3c85911ca4b384e790?s=96&d=mm&r=g\",\"contentUrl\":\"https:\/\/secure.gravatar.com\/avatar\/b67e614b1b25b3e9c0c239efdd2fde5ab015b5affd6f1c3c85911ca4b384e790?s=96&d=mm&r=g\",\"caption\":\"Author\"},\"sameAs\":[\"http:\/\/vof-news.eu\"],\"url\":\"https:\/\/vof-news.eu\/de\/author\/zwt6qxnjulxbnyg\/\"}]}<\/script>\n<!-- \/ Yoast SEO plugin. -->","yoast_head_json":{"title":"Gewerkschaften fordern Zeiterfassung auch bei Vertrauensarbeitszeit - vof-news.eu","description":"In der Debatte um das geplante Gesetz zur Arbeitszeiterfassung bahnt sich ein Konflikt mit den Gewerkschaften an. Die Bundesregierung muss die Arbeitszeiterfassung nach h\u00f6chstrichterlichen Entscheidungen neu regeln, will jedoch gro\u00dfz\u00fcgige Ausnahmen von der Pflicht zur Dokumentation der Arbeitsstunden schaffen. \u201eDie Vertrauensarbeitszeit bleibt ohne Zeiterfassung im Einklang mit der EU-Arbeitszeitrichtlinie m\u00f6glich\u201c, hei\u00dft es im Koalitionsvertrag. Beim Deutschen Gewerkschaftsbund (DGB) dr\u00e4ngt man jedoch auf eine Regelung zur l\u00fcckenlosen Dokumentation. \u201eF\u00fcr Ausnahmen von der Erfassung f\u00fcr Vertrauensarbeitszeit besteht keinerlei Erfordernis, sie widerspr\u00e4chen aus unserer Sicht zudem dem EU-Recht\u201c, sagte DGB-Vorstandsmitglied Anja Piel WELT AM SONNTAG. \u201eWir sind nicht grunds\u00e4tzlich f\u00fcr die Abschaffung der Vertrauensarbeitszeit, da sie meist bei Besch\u00e4ftigten mit hohen Geh\u00e4ltern einvernehmlich vereinbart wird\u201c, sagte die stellvertretende Verdi-Vorsitzende Andrea Kocsis der Zeitung. Aber: \u201eSollte sie als \u201aUmgehungsm\u00f6glichkeit\u2018 der Schutzrechte des Arbeitszeitgesetzes und der Aufzeichnung durch Arbeitgeber genutzt werden, darf das Modell nicht fortbestehen\u201c, so Kocsis. Dem widersprechen die Arbeitgeber: \u201eIn vielen Betrieben wird die Arbeitszeit bereits heute f\u00fcr die \u00fcberwiegende Zahl der Arbeitnehmer erfasst. In anderen Bereichen mit guten Gr\u00fcnden nicht. So wird im Rahmen von Vertrauensarbeitszeit dem Wunsch der Besch\u00e4ftigten entgegengekommen und ein verantwortliches Ma\u00df an Flexibilisierung erm\u00f6glicht\u201c, sagte Arbeitgeberpr\u00e4sident Rainer Dulger WELT AM SONNTAG. \u201eVertrauensarbeitszeit mit der Stechuhr zu erfassen, ist ein Widerspruch in sich. Damit w\u00fcrde ein wichtiges personalpolitisches Instrument zur Arbeitszeitflexibilisierung abgeschafft. Mit moderner Arbeitszeitgestaltung hat das nichts mehr zu tun.\u201cSchon die Vorg\u00e4ngerregierung hatte an einer Neuregelung der Arbeitszeiterfassung gearbeitet. Der damalige Entwurf sei nach dem Scheitern der Ampel-Regierung aber \u201eobsolet\u201c, hei\u00dft es aus dem Bundesarbeitsministerium. Deshalb habe man nach der Sommerpause Gewerkschaften und Arbeitgeber zu einem \u201eDialog\u201c \u00fcber die Neuregelung eingeladen. Wann ein Gesetzentwurf vorgelegt wird, bleibt weiter unklar.Jan Klauth ist Wirtschaftsredakteur in Berlin. Er berichtet \u00fcber Arbeitsmarkt-Themen, B\u00fcrgergeld, Migration und Sozialpolitik sowie Karriere-Themen.","robots":{"index":"noindex","follow":"follow","max-snippet":"max-snippet:-1","max-image-preview":"max-image-preview:large","max-video-preview":"max-video-preview:-1"},"og_locale":"de_DE","og_type":"article","og_title":"Gewerkschaften fordern Zeiterfassung auch bei Vertrauensarbeitszeit - vof-news.eu","og_description":"In der Debatte um das geplante Gesetz zur Arbeitszeiterfassung bahnt sich ein Konflikt mit den Gewerkschaften an. Die Bundesregierung muss die Arbeitszeiterfassung nach h\u00f6chstrichterlichen Entscheidungen neu regeln, will jedoch gro\u00dfz\u00fcgige Ausnahmen von der Pflicht zur Dokumentation der Arbeitsstunden schaffen. \u201eDie Vertrauensarbeitszeit bleibt ohne Zeiterfassung im Einklang mit der EU-Arbeitszeitrichtlinie m\u00f6glich\u201c, hei\u00dft es im Koalitionsvertrag. Beim Deutschen Gewerkschaftsbund (DGB) dr\u00e4ngt man jedoch auf eine Regelung zur l\u00fcckenlosen Dokumentation. \u201eF\u00fcr Ausnahmen von der Erfassung f\u00fcr Vertrauensarbeitszeit besteht keinerlei Erfordernis, sie widerspr\u00e4chen aus unserer Sicht zudem dem EU-Recht\u201c, sagte DGB-Vorstandsmitglied Anja Piel WELT AM SONNTAG. \u201eWir sind nicht grunds\u00e4tzlich f\u00fcr die Abschaffung der Vertrauensarbeitszeit, da sie meist bei Besch\u00e4ftigten mit hohen Geh\u00e4ltern einvernehmlich vereinbart wird\u201c, sagte die stellvertretende Verdi-Vorsitzende Andrea Kocsis der Zeitung. Aber: \u201eSollte sie als \u201aUmgehungsm\u00f6glichkeit\u2018 der Schutzrechte des Arbeitszeitgesetzes und der Aufzeichnung durch Arbeitgeber genutzt werden, darf das Modell nicht fortbestehen\u201c, so Kocsis. Dem widersprechen die Arbeitgeber: \u201eIn vielen Betrieben wird die Arbeitszeit bereits heute f\u00fcr die \u00fcberwiegende Zahl der Arbeitnehmer erfasst. In anderen Bereichen mit guten Gr\u00fcnden nicht. So wird im Rahmen von Vertrauensarbeitszeit dem Wunsch der Besch\u00e4ftigten entgegengekommen und ein verantwortliches Ma\u00df an Flexibilisierung erm\u00f6glicht\u201c, sagte Arbeitgeberpr\u00e4sident Rainer Dulger WELT AM SONNTAG. \u201eVertrauensarbeitszeit mit der Stechuhr zu erfassen, ist ein Widerspruch in sich. Damit w\u00fcrde ein wichtiges personalpolitisches Instrument zur Arbeitszeitflexibilisierung abgeschafft. Mit moderner Arbeitszeitgestaltung hat das nichts mehr zu tun.\u201cSchon die Vorg\u00e4ngerregierung hatte an einer Neuregelung der Arbeitszeiterfassung gearbeitet. Der damalige Entwurf sei nach dem Scheitern der Ampel-Regierung aber \u201eobsolet\u201c, hei\u00dft es aus dem Bundesarbeitsministerium. Deshalb habe man nach der Sommerpause Gewerkschaften und Arbeitgeber zu einem \u201eDialog\u201c \u00fcber die Neuregelung eingeladen. Wann ein Gesetzentwurf vorgelegt wird, bleibt weiter unklar.Jan Klauth ist Wirtschaftsredakteur in Berlin. Er berichtet \u00fcber Arbeitsmarkt-Themen, B\u00fcrgergeld, Migration und Sozialpolitik sowie Karriere-Themen.","og_url":"https:\/\/vof-news.eu\/de\/gewerkschaften-fordern-zeiterfassung-auch-bei-vertrauensarbeitszeit\/","og_site_name":"vof-news.eu","article_published_time":"2025-07-12T00:26:59+00:00","article_modified_time":"2025-07-12T00:27:24+00:00","og_image":[{"width":1200,"height":574,"url":"https:\/\/vof-news.eu\/wp-content\/uploads\/2025\/07\/kontrolle-per-stechuhr-was-zeiterfassung-am-arbeitsplatz-bringt.webp","type":"image\/webp"}],"author":"Author","twitter_card":"summary_large_image","twitter_misc":{"Verfasst von":"Author","Gesch\u00e4tzte Lesezeit":"2\u00a0Minuten"},"schema":{"@context":"https:\/\/schema.org","@graph":[{"@type":"WebPage","@id":"https:\/\/vof-news.eu\/de\/gewerkschaften-fordern-zeiterfassung-auch-bei-vertrauensarbeitszeit\/","url":"https:\/\/vof-news.eu\/de\/gewerkschaften-fordern-zeiterfassung-auch-bei-vertrauensarbeitszeit\/","name":"Gewerkschaften fordern Zeiterfassung auch bei Vertrauensarbeitszeit - vof-news.eu","isPartOf":{"@id":"https:\/\/vof-news.eu\/de\/#website"},"primaryImageOfPage":{"@id":"https:\/\/vof-news.eu\/de\/gewerkschaften-fordern-zeiterfassung-auch-bei-vertrauensarbeitszeit\/#primaryimage"},"image":{"@id":"https:\/\/vof-news.eu\/de\/gewerkschaften-fordern-zeiterfassung-auch-bei-vertrauensarbeitszeit\/#primaryimage"},"thumbnailUrl":"https:\/\/vof-news.eu\/wp-content\/uploads\/2025\/07\/kontrolle-per-stechuhr-was-zeiterfassung-am-arbeitsplatz-bringt.webp","datePublished":"2025-07-12T00:26:59+00:00","dateModified":"2025-07-12T00:27:24+00:00","author":{"@id":"https:\/\/vof-news.eu\/de\/#\/schema\/person\/f6a2a4309f0561835797fd8c19b333ed"},"description":"In der Debatte um das geplante Gesetz zur Arbeitszeiterfassung bahnt sich ein Konflikt mit den Gewerkschaften an. Die Bundesregierung muss die Arbeitszeiterfassung nach h\u00f6chstrichterlichen Entscheidungen neu regeln, will jedoch gro\u00dfz\u00fcgige Ausnahmen von der Pflicht zur Dokumentation der Arbeitsstunden schaffen. \u201eDie Vertrauensarbeitszeit bleibt ohne Zeiterfassung im Einklang mit der EU-Arbeitszeitrichtlinie m\u00f6glich\u201c, hei\u00dft es im Koalitionsvertrag. Beim Deutschen Gewerkschaftsbund (DGB) dr\u00e4ngt man jedoch auf eine Regelung zur l\u00fcckenlosen Dokumentation. \u201eF\u00fcr Ausnahmen von der Erfassung f\u00fcr Vertrauensarbeitszeit besteht keinerlei Erfordernis, sie widerspr\u00e4chen aus unserer Sicht zudem dem EU-Recht\u201c, sagte DGB-Vorstandsmitglied Anja Piel WELT AM SONNTAG. \u201eWir sind nicht grunds\u00e4tzlich f\u00fcr die Abschaffung der Vertrauensarbeitszeit, da sie meist bei Besch\u00e4ftigten mit hohen Geh\u00e4ltern einvernehmlich vereinbart wird\u201c, sagte die stellvertretende Verdi-Vorsitzende Andrea Kocsis der Zeitung. Aber: \u201eSollte sie als \u201aUmgehungsm\u00f6glichkeit\u2018 der Schutzrechte des Arbeitszeitgesetzes und der Aufzeichnung durch Arbeitgeber genutzt werden, darf das Modell nicht fortbestehen\u201c, so Kocsis. Dem widersprechen die Arbeitgeber: \u201eIn vielen Betrieben wird die Arbeitszeit bereits heute f\u00fcr die \u00fcberwiegende Zahl der Arbeitnehmer erfasst. In anderen Bereichen mit guten Gr\u00fcnden nicht. So wird im Rahmen von Vertrauensarbeitszeit dem Wunsch der Besch\u00e4ftigten entgegengekommen und ein verantwortliches Ma\u00df an Flexibilisierung erm\u00f6glicht\u201c, sagte Arbeitgeberpr\u00e4sident Rainer Dulger WELT AM SONNTAG. \u201eVertrauensarbeitszeit mit der Stechuhr zu erfassen, ist ein Widerspruch in sich. Damit w\u00fcrde ein wichtiges personalpolitisches Instrument zur Arbeitszeitflexibilisierung abgeschafft. Mit moderner Arbeitszeitgestaltung hat das nichts mehr zu tun.\u201cSchon die Vorg\u00e4ngerregierung hatte an einer Neuregelung der Arbeitszeiterfassung gearbeitet. Der damalige Entwurf sei nach dem Scheitern der Ampel-Regierung aber \u201eobsolet\u201c, hei\u00dft es aus dem Bundesarbeitsministerium. Deshalb habe man nach der Sommerpause Gewerkschaften und Arbeitgeber zu einem \u201eDialog\u201c \u00fcber die Neuregelung eingeladen. Wann ein Gesetzentwurf vorgelegt wird, bleibt weiter unklar.Jan Klauth ist Wirtschaftsredakteur in Berlin. Er berichtet \u00fcber Arbeitsmarkt-Themen, B\u00fcrgergeld, Migration und Sozialpolitik sowie Karriere-Themen.","breadcrumb":{"@id":"https:\/\/vof-news.eu\/de\/gewerkschaften-fordern-zeiterfassung-auch-bei-vertrauensarbeitszeit\/#breadcrumb"},"inLanguage":"de","potentialAction":[{"@type":"ReadAction","target":["https:\/\/vof-news.eu\/de\/gewerkschaften-fordern-zeiterfassung-auch-bei-vertrauensarbeitszeit\/"]}]},{"@type":"ImageObject","inLanguage":"de","@id":"https:\/\/vof-news.eu\/de\/gewerkschaften-fordern-zeiterfassung-auch-bei-vertrauensarbeitszeit\/#primaryimage","url":"https:\/\/vof-news.eu\/wp-content\/uploads\/2025\/07\/kontrolle-per-stechuhr-was-zeiterfassung-am-arbeitsplatz-bringt.webp","contentUrl":"https:\/\/vof-news.eu\/wp-content\/uploads\/2025\/07\/kontrolle-per-stechuhr-was-zeiterfassung-am-arbeitsplatz-bringt.webp","width":1200,"height":574},{"@type":"BreadcrumbList","@id":"https:\/\/vof-news.eu\/de\/gewerkschaften-fordern-zeiterfassung-auch-bei-vertrauensarbeitszeit\/#breadcrumb","itemListElement":[{"@type":"ListItem","position":1,"name":"Home","item":"https:\/\/vof-news.eu\/de\/"},{"@type":"ListItem","position":2,"name":"Gewerkschaften fordern Zeiterfassung auch bei Vertrauensarbeitszeit"}]},{"@type":"WebSite","@id":"https:\/\/vof-news.eu\/de\/#website","url":"https:\/\/vof-news.eu\/de\/","name":"vof-news.eu","description":"","potentialAction":[{"@type":"SearchAction","target":{"@type":"EntryPoint","urlTemplate":"https:\/\/vof-news.eu\/de\/?s={search_term_string}"},"query-input":"required name=search_term_string"}],"inLanguage":"de"},{"@type":"Person","@id":"https:\/\/vof-news.eu\/de\/#\/schema\/person\/f6a2a4309f0561835797fd8c19b333ed","name":"Author","image":{"@type":"ImageObject","inLanguage":"de","@id":"https:\/\/vof-news.eu\/de\/#\/schema\/person\/image\/","url":"https:\/\/secure.gravatar.com\/avatar\/b67e614b1b25b3e9c0c239efdd2fde5ab015b5affd6f1c3c85911ca4b384e790?s=96&d=mm&r=g","contentUrl":"https:\/\/secure.gravatar.com\/avatar\/b67e614b1b25b3e9c0c239efdd2fde5ab015b5affd6f1c3c85911ca4b384e790?s=96&d=mm&r=g","caption":"Author"},"sameAs":["http:\/\/vof-news.eu"],"url":"https:\/\/vof-news.eu\/de\/author\/zwt6qxnjulxbnyg\/"}]}},"yoast_meta":{"yoast_wpseo_title":"","yoast_wpseo_metadesc":"","yoast_wpseo_canonical":""},"_links":{"self":[{"href":"https:\/\/vof-news.eu\/de\/wp-json\/wp\/v2\/posts\/252581","targetHints":{"allow":["GET"]}}],"collection":[{"href":"https:\/\/vof-news.eu\/de\/wp-json\/wp\/v2\/posts"}],"about":[{"href":"https:\/\/vof-news.eu\/de\/wp-json\/wp\/v2\/types\/post"}],"author":[{"embeddable":true,"href":"https:\/\/vof-news.eu\/de\/wp-json\/wp\/v2\/users\/1"}],"replies":[{"embeddable":true,"href":"https:\/\/vof-news.eu\/de\/wp-json\/wp\/v2\/comments?post=252581"}],"version-history":[{"count":1,"href":"https:\/\/vof-news.eu\/de\/wp-json\/wp\/v2\/posts\/252581\/revisions"}],"predecessor-version":[{"id":252588,"href":"https:\/\/vof-news.eu\/de\/wp-json\/wp\/v2\/posts\/252581\/revisions\/252588"}],"wp:featuredmedia":[{"embeddable":true,"href":"https:\/\/vof-news.eu\/de\/wp-json\/wp\/v2\/media\/252582"}],"wp:attachment":[{"href":"https:\/\/vof-news.eu\/de\/wp-json\/wp\/v2\/media?parent=252581"}],"wp:term":[{"taxonomy":"category","embeddable":true,"href":"https:\/\/vof-news.eu\/de\/wp-json\/wp\/v2\/categories?post=252581"},{"taxonomy":"post_tag","embeddable":true,"href":"https:\/\/vof-news.eu\/de\/wp-json\/wp\/v2\/tags?post=252581"}],"curies":[{"name":"wp","href":"https:\/\/api.w.org\/{rel}","templated":true}]}}