{"id":252573,"date":"2025-07-12T03:26:07","date_gmt":"2025-07-12T00:26:07","guid":{"rendered":"https:\/\/vof-news.eu\/werte-und-wissen-widerspiegeln-digitalminister-fordert-europaische-ki-modelle\/"},"modified":"2025-07-12T03:26:38","modified_gmt":"2025-07-12T00:26:38","slug":"werte-und-wissen-widerspiegeln-digitalminister-fordert-europaische-ki-modelle","status":"publish","type":"post","link":"https:\/\/vof-news.eu\/de\/werte-und-wissen-widerspiegeln-digitalminister-fordert-europaische-ki-modelle\/","title":{"rendered":"\u201eWerte und Wissen widerspiegeln\u201c \u2013 Digitalminister fordert europ\u00e4ische KI-Modelle"},"content":{"rendered":"<p>Digitalisierungsminister Karsten Wildberger (CDU) warnt vor den Folgen einer wachsenden digitalen Kluft in Deutschland. Die Nutzung von generativer k\u00fcnstlicher Intelligenz (KI) variiere stark nach Bildungsstand. \u201eDiese digitale Schere ist ein gro\u00dfes Problem\u201c, sagte Wildberger im Gespr\u00e4ch mit WELT AM SONNTAG. <\/p>\n<p>Es sei Aufgabe der Politik, \u201ealle mitzunehmen \u2013 in der Schule, am Arbeitsplatz, im Alltag\u201c. KI m\u00fcsse man f\u00fcr alle zug\u00e4nglich machen und daf\u00fcr sorgen, dass alle daran teilhaben k\u00f6nnen.<\/p>\n<p>Angesichts der dominierenden Rolle US-amerikanischer Tech-Konzerne sprach sich Wildberger f\u00fcr eigene europ\u00e4ische KI-Basismodelle aus \u2013 \u201enicht nur, weil sonst das geistige Eigentum bei anderen liegt, sondern weil solche Modelle auch Werte und Wissen derer widerspiegeln, die sie trainieren\u201c. Der Staat m\u00fcsse daf\u00fcr die Rahmenbedingungen schaffen und Infrastruktur bereitstellen. <\/p>\n<p>Wildberger will \u201egemeinsam mit mindestens zwei Bundesl\u00e4ndern den Beweis antreten, dass wir im bestehenden System etwas ver\u00e4ndern k\u00f6nnen\u201c. Ziel sei es, mindestens 50 Prozent mehr Online-Dienstleistungen der Verwaltung f\u00fcr B\u00fcrger in den n\u00e4chsten zwei Jahren anbieten zu k\u00f6nnen. <\/p>\n<p>\u201eMir ist es wichtig, jetzt schnell ein Beispielland zu finden, um den Umsetzungsprozess zu testen, z\u00fcgig in eine Lernphase zu kommen und dann mit anderen L\u00e4ndern m\u00f6glichst anzuwenden\u201c, sagte der Minister. \u201eAm weitesten fortgeschritten sind die Gespr\u00e4che mit Hessen.\u201c <\/p>\n<p><a class=\"is-link c-block-items__link c-link--rich-text-renderer\" data-internal-tracking='{\"action\":\"click\",\"label\":\"link\",\"name\":\"Inline Element\",\"data\":{\"source\":\"\",\"target\":\"https:\/\/www.welt.de\/autor\/daniel-zwick\/\",\"trackingName\":\"\",\"trackingLabel\":\"\"}}' data-internal-tracking-enabled=\"true\" href=\"https:\/\/www.welt.de\/autor\/daniel-zwick\/\"><b><em>Daniel Zwick<\/em><\/b><\/a><b><em> ist Wirtschaftsredakteur in Berlin und berichtet f\u00fcr WELT \u00fcber Wirtschafts- und Energiepolitik, Digitalisierung und Staatsmodernisierung.<\/em><\/b><\/p>\n<p><a class=\"is-link c-block-items__link c-link--rich-text-renderer\" data-internal-tracking='{\"action\":\"click\",\"label\":\"link\",\"name\":\"Inline Element\",\"data\":{\"source\":\"\",\"target\":\"https:\/\/www.welt.de\/autor\/jan-dams\/\",\"trackingName\":\"\",\"trackingLabel\":\"\"}}' data-internal-tracking-enabled=\"true\" href=\"https:\/\/www.welt.de\/autor\/jan-dams\/\"><b><em>Jan Dams<\/em><\/b><\/a><b><em> ist Chefreporter der WELT AM SONNTAG.<\/em><\/b><\/p>\n","protected":false},"excerpt":{"rendered":"<p>Digitalisierungsminister Karsten Wildberger (CDU) warnt vor den Folgen einer wachsenden digitalen Kluft in Deutschland. Die Nutzung von generativer k\u00fcnstlicher Intelligenz (KI) variiere stark nach Bildungsstand. \u201eDiese digitale Schere ist ein gro\u00dfes Problem\u201c, sagte Wildberger im Gespr\u00e4ch mit WELT AM SONNTAG. Es sei Aufgabe der Politik, \u201ealle mitzunehmen \u2013 in der Schule, am Arbeitsplatz, im Alltag\u201c.<\/p>\n","protected":false},"author":1,"featured_media":252574,"comment_status":"open","ping_status":"open","sticky":false,"template":"","format":"standard","meta":{"footnotes":""},"categories":[59],"tags":[],"class_list":["post-252573","post","type-post","status-publish","format-standard","has-post-thumbnail","hentry","category-business-de"],"acf":[],"yoast_head":"<!-- This site is optimized with the Yoast SEO plugin v22.9 - https:\/\/yoast.com\/wordpress\/plugins\/seo\/ -->\n<title>\u201eWerte und Wissen widerspiegeln\u201c \u2013 Digitalminister fordert europ\u00e4ische KI-Modelle - vof-news.eu<\/title>\n<meta name=\"description\" content=\"Digitalisierungsminister Karsten Wildberger (CDU) warnt vor den Folgen einer wachsenden digitalen Kluft in Deutschland. Die Nutzung von generativer k\u00fcnstlicher Intelligenz (KI) variiere stark nach Bildungsstand. \u201eDiese digitale Schere ist ein gro\u00dfes Problem\u201c, sagte Wildberger im Gespr\u00e4ch mit WELT AM SONNTAG. Es sei Aufgabe der Politik, \u201ealle mitzunehmen \u2013 in der Schule, am Arbeitsplatz, im Alltag\u201c. KI m\u00fcsse man f\u00fcr alle zug\u00e4nglich machen und daf\u00fcr sorgen, dass alle daran teilhaben k\u00f6nnen.Angesichts der dominierenden Rolle US-amerikanischer Tech-Konzerne sprach sich Wildberger f\u00fcr eigene europ\u00e4ische KI-Basismodelle aus \u2013 \u201enicht nur, weil sonst das geistige Eigentum bei anderen liegt, sondern weil solche Modelle auch Werte und Wissen derer widerspiegeln, die sie trainieren\u201c. Der Staat m\u00fcsse daf\u00fcr die Rahmenbedingungen schaffen und Infrastruktur bereitstellen. Wildberger will \u201egemeinsam mit mindestens zwei Bundesl\u00e4ndern den Beweis antreten, dass wir im bestehenden System etwas ver\u00e4ndern k\u00f6nnen\u201c. Ziel sei es, mindestens 50 Prozent mehr Online-Dienstleistungen der Verwaltung f\u00fcr B\u00fcrger in den n\u00e4chsten zwei Jahren anbieten zu k\u00f6nnen. \u201eMir ist es wichtig, jetzt schnell ein Beispielland zu finden, um den Umsetzungsprozess zu testen, z\u00fcgig in eine Lernphase zu kommen und dann mit anderen L\u00e4ndern m\u00f6glichst anzuwenden\u201c, sagte der Minister. \u201eAm weitesten fortgeschritten sind die Gespr\u00e4che mit Hessen.\u201c Daniel Zwick ist Wirtschaftsredakteur in Berlin und berichtet f\u00fcr WELT \u00fcber Wirtschafts- und Energiepolitik, Digitalisierung und Staatsmodernisierung.Jan Dams ist Chefreporter der WELT AM SONNTAG.\" \/>\n<meta name=\"robots\" content=\"noindex, follow, max-snippet:-1, max-image-preview:large, max-video-preview:-1\" \/>\n<meta property=\"og:locale\" content=\"de_DE\" \/>\n<meta property=\"og:type\" content=\"article\" \/>\n<meta property=\"og:title\" content=\"\u201eWerte und Wissen widerspiegeln\u201c \u2013 Digitalminister fordert europ\u00e4ische KI-Modelle - vof-news.eu\" \/>\n<meta property=\"og:description\" content=\"Digitalisierungsminister Karsten Wildberger (CDU) warnt vor den Folgen einer wachsenden digitalen Kluft in Deutschland. Die Nutzung von generativer k\u00fcnstlicher Intelligenz (KI) variiere stark nach Bildungsstand. \u201eDiese digitale Schere ist ein gro\u00dfes Problem\u201c, sagte Wildberger im Gespr\u00e4ch mit WELT AM SONNTAG. Es sei Aufgabe der Politik, \u201ealle mitzunehmen \u2013 in der Schule, am Arbeitsplatz, im Alltag\u201c. KI m\u00fcsse man f\u00fcr alle zug\u00e4nglich machen und daf\u00fcr sorgen, dass alle daran teilhaben k\u00f6nnen.Angesichts der dominierenden Rolle US-amerikanischer Tech-Konzerne sprach sich Wildberger f\u00fcr eigene europ\u00e4ische KI-Basismodelle aus \u2013 \u201enicht nur, weil sonst das geistige Eigentum bei anderen liegt, sondern weil solche Modelle auch Werte und Wissen derer widerspiegeln, die sie trainieren\u201c. Der Staat m\u00fcsse daf\u00fcr die Rahmenbedingungen schaffen und Infrastruktur bereitstellen. Wildberger will \u201egemeinsam mit mindestens zwei Bundesl\u00e4ndern den Beweis antreten, dass wir im bestehenden System etwas ver\u00e4ndern k\u00f6nnen\u201c. Ziel sei es, mindestens 50 Prozent mehr Online-Dienstleistungen der Verwaltung f\u00fcr B\u00fcrger in den n\u00e4chsten zwei Jahren anbieten zu k\u00f6nnen. \u201eMir ist es wichtig, jetzt schnell ein Beispielland zu finden, um den Umsetzungsprozess zu testen, z\u00fcgig in eine Lernphase zu kommen und dann mit anderen L\u00e4ndern m\u00f6glichst anzuwenden\u201c, sagte der Minister. \u201eAm weitesten fortgeschritten sind die Gespr\u00e4che mit Hessen.\u201c Daniel Zwick ist Wirtschaftsredakteur in Berlin und berichtet f\u00fcr WELT \u00fcber Wirtschafts- und Energiepolitik, Digitalisierung und Staatsmodernisierung.Jan Dams ist Chefreporter der WELT AM SONNTAG.\" \/>\n<meta property=\"og:url\" content=\"https:\/\/vof-news.eu\/de\/werte-und-wissen-widerspiegeln-digitalminister-fordert-europaische-ki-modelle\/\" \/>\n<meta property=\"og:site_name\" content=\"vof-news.eu\" \/>\n<meta property=\"article:published_time\" content=\"2025-07-12T00:26:07+00:00\" \/>\n<meta property=\"article:modified_time\" content=\"2025-07-12T00:26:38+00:00\" \/>\n<meta property=\"og:image\" content=\"https:\/\/vof-news.eu\/wp-content\/uploads\/2025\/07\/hcp-20250707089.webp\" \/>\n\t<meta property=\"og:image:width\" content=\"1200\" \/>\n\t<meta property=\"og:image:height\" content=\"574\" \/>\n\t<meta property=\"og:image:type\" content=\"image\/webp\" \/>\n<meta name=\"author\" content=\"Author\" \/>\n<meta name=\"twitter:card\" content=\"summary_large_image\" \/>\n<meta name=\"twitter:label1\" content=\"Verfasst von\" \/>\n\t<meta name=\"twitter:data1\" content=\"Author\" \/>\n\t<meta name=\"twitter:label2\" content=\"Gesch\u00e4tzte Lesezeit\" \/>\n\t<meta name=\"twitter:data2\" content=\"1\u00a0Minute\" \/>\n<script type=\"application\/ld+json\" class=\"yoast-schema-graph\">{\"@context\":\"https:\/\/schema.org\",\"@graph\":[{\"@type\":\"WebPage\",\"@id\":\"https:\/\/vof-news.eu\/de\/werte-und-wissen-widerspiegeln-digitalminister-fordert-europaische-ki-modelle\/\",\"url\":\"https:\/\/vof-news.eu\/de\/werte-und-wissen-widerspiegeln-digitalminister-fordert-europaische-ki-modelle\/\",\"name\":\"\u201eWerte und Wissen widerspiegeln\u201c \u2013 Digitalminister fordert europ\u00e4ische KI-Modelle - vof-news.eu\",\"isPartOf\":{\"@id\":\"https:\/\/vof-news.eu\/de\/#website\"},\"primaryImageOfPage\":{\"@id\":\"https:\/\/vof-news.eu\/de\/werte-und-wissen-widerspiegeln-digitalminister-fordert-europaische-ki-modelle\/#primaryimage\"},\"image\":{\"@id\":\"https:\/\/vof-news.eu\/de\/werte-und-wissen-widerspiegeln-digitalminister-fordert-europaische-ki-modelle\/#primaryimage\"},\"thumbnailUrl\":\"https:\/\/vof-news.eu\/wp-content\/uploads\/2025\/07\/hcp-20250707089.webp\",\"datePublished\":\"2025-07-12T00:26:07+00:00\",\"dateModified\":\"2025-07-12T00:26:38+00:00\",\"author\":{\"@id\":\"https:\/\/vof-news.eu\/de\/#\/schema\/person\/f6a2a4309f0561835797fd8c19b333ed\"},\"description\":\"Digitalisierungsminister Karsten Wildberger (CDU) warnt vor den Folgen einer wachsenden digitalen Kluft in Deutschland. Die Nutzung von generativer k\u00fcnstlicher Intelligenz (KI) variiere stark nach Bildungsstand. \u201eDiese digitale Schere ist ein gro\u00dfes Problem\u201c, sagte Wildberger im Gespr\u00e4ch mit WELT AM SONNTAG. Es sei Aufgabe der Politik, \u201ealle mitzunehmen \u2013 in der Schule, am Arbeitsplatz, im Alltag\u201c. KI m\u00fcsse man f\u00fcr alle zug\u00e4nglich machen und daf\u00fcr sorgen, dass alle daran teilhaben k\u00f6nnen.Angesichts der dominierenden Rolle US-amerikanischer Tech-Konzerne sprach sich Wildberger f\u00fcr eigene europ\u00e4ische KI-Basismodelle aus \u2013 \u201enicht nur, weil sonst das geistige Eigentum bei anderen liegt, sondern weil solche Modelle auch Werte und Wissen derer widerspiegeln, die sie trainieren\u201c. Der Staat m\u00fcsse daf\u00fcr die Rahmenbedingungen schaffen und Infrastruktur bereitstellen. Wildberger will \u201egemeinsam mit mindestens zwei Bundesl\u00e4ndern den Beweis antreten, dass wir im bestehenden System etwas ver\u00e4ndern k\u00f6nnen\u201c. Ziel sei es, mindestens 50 Prozent mehr Online-Dienstleistungen der Verwaltung f\u00fcr B\u00fcrger in den n\u00e4chsten zwei Jahren anbieten zu k\u00f6nnen. \u201eMir ist es wichtig, jetzt schnell ein Beispielland zu finden, um den Umsetzungsprozess zu testen, z\u00fcgig in eine Lernphase zu kommen und dann mit anderen L\u00e4ndern m\u00f6glichst anzuwenden\u201c, sagte der Minister. \u201eAm weitesten fortgeschritten sind die Gespr\u00e4che mit Hessen.\u201c Daniel Zwick ist Wirtschaftsredakteur in Berlin und berichtet f\u00fcr WELT \u00fcber Wirtschafts- und Energiepolitik, Digitalisierung und Staatsmodernisierung.Jan Dams ist Chefreporter der WELT AM SONNTAG.\",\"breadcrumb\":{\"@id\":\"https:\/\/vof-news.eu\/de\/werte-und-wissen-widerspiegeln-digitalminister-fordert-europaische-ki-modelle\/#breadcrumb\"},\"inLanguage\":\"de\",\"potentialAction\":[{\"@type\":\"ReadAction\",\"target\":[\"https:\/\/vof-news.eu\/de\/werte-und-wissen-widerspiegeln-digitalminister-fordert-europaische-ki-modelle\/\"]}]},{\"@type\":\"ImageObject\",\"inLanguage\":\"de\",\"@id\":\"https:\/\/vof-news.eu\/de\/werte-und-wissen-widerspiegeln-digitalminister-fordert-europaische-ki-modelle\/#primaryimage\",\"url\":\"https:\/\/vof-news.eu\/wp-content\/uploads\/2025\/07\/hcp-20250707089.webp\",\"contentUrl\":\"https:\/\/vof-news.eu\/wp-content\/uploads\/2025\/07\/hcp-20250707089.webp\",\"width\":1200,\"height\":574},{\"@type\":\"BreadcrumbList\",\"@id\":\"https:\/\/vof-news.eu\/de\/werte-und-wissen-widerspiegeln-digitalminister-fordert-europaische-ki-modelle\/#breadcrumb\",\"itemListElement\":[{\"@type\":\"ListItem\",\"position\":1,\"name\":\"Home\",\"item\":\"https:\/\/vof-news.eu\/de\/\"},{\"@type\":\"ListItem\",\"position\":2,\"name\":\"\u201eWerte und Wissen widerspiegeln\u201c \u2013 Digitalminister fordert europ\u00e4ische KI-Modelle\"}]},{\"@type\":\"WebSite\",\"@id\":\"https:\/\/vof-news.eu\/de\/#website\",\"url\":\"https:\/\/vof-news.eu\/de\/\",\"name\":\"vof-news.eu\",\"description\":\"\",\"potentialAction\":[{\"@type\":\"SearchAction\",\"target\":{\"@type\":\"EntryPoint\",\"urlTemplate\":\"https:\/\/vof-news.eu\/de\/?s={search_term_string}\"},\"query-input\":\"required name=search_term_string\"}],\"inLanguage\":\"de\"},{\"@type\":\"Person\",\"@id\":\"https:\/\/vof-news.eu\/de\/#\/schema\/person\/f6a2a4309f0561835797fd8c19b333ed\",\"name\":\"Author\",\"image\":{\"@type\":\"ImageObject\",\"inLanguage\":\"de\",\"@id\":\"https:\/\/vof-news.eu\/de\/#\/schema\/person\/image\/\",\"url\":\"https:\/\/secure.gravatar.com\/avatar\/b67e614b1b25b3e9c0c239efdd2fde5ab015b5affd6f1c3c85911ca4b384e790?s=96&d=mm&r=g\",\"contentUrl\":\"https:\/\/secure.gravatar.com\/avatar\/b67e614b1b25b3e9c0c239efdd2fde5ab015b5affd6f1c3c85911ca4b384e790?s=96&d=mm&r=g\",\"caption\":\"Author\"},\"sameAs\":[\"http:\/\/vof-news.eu\"],\"url\":\"https:\/\/vof-news.eu\/de\/author\/zwt6qxnjulxbnyg\/\"}]}<\/script>\n<!-- \/ Yoast SEO plugin. -->","yoast_head_json":{"title":"\u201eWerte und Wissen widerspiegeln\u201c \u2013 Digitalminister fordert europ\u00e4ische KI-Modelle - vof-news.eu","description":"Digitalisierungsminister Karsten Wildberger (CDU) warnt vor den Folgen einer wachsenden digitalen Kluft in Deutschland. Die Nutzung von generativer k\u00fcnstlicher Intelligenz (KI) variiere stark nach Bildungsstand. \u201eDiese digitale Schere ist ein gro\u00dfes Problem\u201c, sagte Wildberger im Gespr\u00e4ch mit WELT AM SONNTAG. Es sei Aufgabe der Politik, \u201ealle mitzunehmen \u2013 in der Schule, am Arbeitsplatz, im Alltag\u201c. KI m\u00fcsse man f\u00fcr alle zug\u00e4nglich machen und daf\u00fcr sorgen, dass alle daran teilhaben k\u00f6nnen.Angesichts der dominierenden Rolle US-amerikanischer Tech-Konzerne sprach sich Wildberger f\u00fcr eigene europ\u00e4ische KI-Basismodelle aus \u2013 \u201enicht nur, weil sonst das geistige Eigentum bei anderen liegt, sondern weil solche Modelle auch Werte und Wissen derer widerspiegeln, die sie trainieren\u201c. Der Staat m\u00fcsse daf\u00fcr die Rahmenbedingungen schaffen und Infrastruktur bereitstellen. Wildberger will \u201egemeinsam mit mindestens zwei Bundesl\u00e4ndern den Beweis antreten, dass wir im bestehenden System etwas ver\u00e4ndern k\u00f6nnen\u201c. Ziel sei es, mindestens 50 Prozent mehr Online-Dienstleistungen der Verwaltung f\u00fcr B\u00fcrger in den n\u00e4chsten zwei Jahren anbieten zu k\u00f6nnen. \u201eMir ist es wichtig, jetzt schnell ein Beispielland zu finden, um den Umsetzungsprozess zu testen, z\u00fcgig in eine Lernphase zu kommen und dann mit anderen L\u00e4ndern m\u00f6glichst anzuwenden\u201c, sagte der Minister. \u201eAm weitesten fortgeschritten sind die Gespr\u00e4che mit Hessen.\u201c Daniel Zwick ist Wirtschaftsredakteur in Berlin und berichtet f\u00fcr WELT \u00fcber Wirtschafts- und Energiepolitik, Digitalisierung und Staatsmodernisierung.Jan Dams ist Chefreporter der WELT AM SONNTAG.","robots":{"index":"noindex","follow":"follow","max-snippet":"max-snippet:-1","max-image-preview":"max-image-preview:large","max-video-preview":"max-video-preview:-1"},"og_locale":"de_DE","og_type":"article","og_title":"\u201eWerte und Wissen widerspiegeln\u201c \u2013 Digitalminister fordert europ\u00e4ische KI-Modelle - vof-news.eu","og_description":"Digitalisierungsminister Karsten Wildberger (CDU) warnt vor den Folgen einer wachsenden digitalen Kluft in Deutschland. Die Nutzung von generativer k\u00fcnstlicher Intelligenz (KI) variiere stark nach Bildungsstand. \u201eDiese digitale Schere ist ein gro\u00dfes Problem\u201c, sagte Wildberger im Gespr\u00e4ch mit WELT AM SONNTAG. Es sei Aufgabe der Politik, \u201ealle mitzunehmen \u2013 in der Schule, am Arbeitsplatz, im Alltag\u201c. KI m\u00fcsse man f\u00fcr alle zug\u00e4nglich machen und daf\u00fcr sorgen, dass alle daran teilhaben k\u00f6nnen.Angesichts der dominierenden Rolle US-amerikanischer Tech-Konzerne sprach sich Wildberger f\u00fcr eigene europ\u00e4ische KI-Basismodelle aus \u2013 \u201enicht nur, weil sonst das geistige Eigentum bei anderen liegt, sondern weil solche Modelle auch Werte und Wissen derer widerspiegeln, die sie trainieren\u201c. Der Staat m\u00fcsse daf\u00fcr die Rahmenbedingungen schaffen und Infrastruktur bereitstellen. Wildberger will \u201egemeinsam mit mindestens zwei Bundesl\u00e4ndern den Beweis antreten, dass wir im bestehenden System etwas ver\u00e4ndern k\u00f6nnen\u201c. Ziel sei es, mindestens 50 Prozent mehr Online-Dienstleistungen der Verwaltung f\u00fcr B\u00fcrger in den n\u00e4chsten zwei Jahren anbieten zu k\u00f6nnen. \u201eMir ist es wichtig, jetzt schnell ein Beispielland zu finden, um den Umsetzungsprozess zu testen, z\u00fcgig in eine Lernphase zu kommen und dann mit anderen L\u00e4ndern m\u00f6glichst anzuwenden\u201c, sagte der Minister. \u201eAm weitesten fortgeschritten sind die Gespr\u00e4che mit Hessen.\u201c Daniel Zwick ist Wirtschaftsredakteur in Berlin und berichtet f\u00fcr WELT \u00fcber Wirtschafts- und Energiepolitik, Digitalisierung und Staatsmodernisierung.Jan Dams ist Chefreporter der WELT AM SONNTAG.","og_url":"https:\/\/vof-news.eu\/de\/werte-und-wissen-widerspiegeln-digitalminister-fordert-europaische-ki-modelle\/","og_site_name":"vof-news.eu","article_published_time":"2025-07-12T00:26:07+00:00","article_modified_time":"2025-07-12T00:26:38+00:00","og_image":[{"width":1200,"height":574,"url":"https:\/\/vof-news.eu\/wp-content\/uploads\/2025\/07\/hcp-20250707089.webp","type":"image\/webp"}],"author":"Author","twitter_card":"summary_large_image","twitter_misc":{"Verfasst von":"Author","Gesch\u00e4tzte Lesezeit":"1\u00a0Minute"},"schema":{"@context":"https:\/\/schema.org","@graph":[{"@type":"WebPage","@id":"https:\/\/vof-news.eu\/de\/werte-und-wissen-widerspiegeln-digitalminister-fordert-europaische-ki-modelle\/","url":"https:\/\/vof-news.eu\/de\/werte-und-wissen-widerspiegeln-digitalminister-fordert-europaische-ki-modelle\/","name":"\u201eWerte und Wissen widerspiegeln\u201c \u2013 Digitalminister fordert europ\u00e4ische KI-Modelle - vof-news.eu","isPartOf":{"@id":"https:\/\/vof-news.eu\/de\/#website"},"primaryImageOfPage":{"@id":"https:\/\/vof-news.eu\/de\/werte-und-wissen-widerspiegeln-digitalminister-fordert-europaische-ki-modelle\/#primaryimage"},"image":{"@id":"https:\/\/vof-news.eu\/de\/werte-und-wissen-widerspiegeln-digitalminister-fordert-europaische-ki-modelle\/#primaryimage"},"thumbnailUrl":"https:\/\/vof-news.eu\/wp-content\/uploads\/2025\/07\/hcp-20250707089.webp","datePublished":"2025-07-12T00:26:07+00:00","dateModified":"2025-07-12T00:26:38+00:00","author":{"@id":"https:\/\/vof-news.eu\/de\/#\/schema\/person\/f6a2a4309f0561835797fd8c19b333ed"},"description":"Digitalisierungsminister Karsten Wildberger (CDU) warnt vor den Folgen einer wachsenden digitalen Kluft in Deutschland. Die Nutzung von generativer k\u00fcnstlicher Intelligenz (KI) variiere stark nach Bildungsstand. \u201eDiese digitale Schere ist ein gro\u00dfes Problem\u201c, sagte Wildberger im Gespr\u00e4ch mit WELT AM SONNTAG. Es sei Aufgabe der Politik, \u201ealle mitzunehmen \u2013 in der Schule, am Arbeitsplatz, im Alltag\u201c. KI m\u00fcsse man f\u00fcr alle zug\u00e4nglich machen und daf\u00fcr sorgen, dass alle daran teilhaben k\u00f6nnen.Angesichts der dominierenden Rolle US-amerikanischer Tech-Konzerne sprach sich Wildberger f\u00fcr eigene europ\u00e4ische KI-Basismodelle aus \u2013 \u201enicht nur, weil sonst das geistige Eigentum bei anderen liegt, sondern weil solche Modelle auch Werte und Wissen derer widerspiegeln, die sie trainieren\u201c. Der Staat m\u00fcsse daf\u00fcr die Rahmenbedingungen schaffen und Infrastruktur bereitstellen. Wildberger will \u201egemeinsam mit mindestens zwei Bundesl\u00e4ndern den Beweis antreten, dass wir im bestehenden System etwas ver\u00e4ndern k\u00f6nnen\u201c. Ziel sei es, mindestens 50 Prozent mehr Online-Dienstleistungen der Verwaltung f\u00fcr B\u00fcrger in den n\u00e4chsten zwei Jahren anbieten zu k\u00f6nnen. \u201eMir ist es wichtig, jetzt schnell ein Beispielland zu finden, um den Umsetzungsprozess zu testen, z\u00fcgig in eine Lernphase zu kommen und dann mit anderen L\u00e4ndern m\u00f6glichst anzuwenden\u201c, sagte der Minister. \u201eAm weitesten fortgeschritten sind die Gespr\u00e4che mit Hessen.\u201c Daniel Zwick ist Wirtschaftsredakteur in Berlin und berichtet f\u00fcr WELT \u00fcber Wirtschafts- und Energiepolitik, Digitalisierung und Staatsmodernisierung.Jan Dams ist Chefreporter der WELT AM SONNTAG.","breadcrumb":{"@id":"https:\/\/vof-news.eu\/de\/werte-und-wissen-widerspiegeln-digitalminister-fordert-europaische-ki-modelle\/#breadcrumb"},"inLanguage":"de","potentialAction":[{"@type":"ReadAction","target":["https:\/\/vof-news.eu\/de\/werte-und-wissen-widerspiegeln-digitalminister-fordert-europaische-ki-modelle\/"]}]},{"@type":"ImageObject","inLanguage":"de","@id":"https:\/\/vof-news.eu\/de\/werte-und-wissen-widerspiegeln-digitalminister-fordert-europaische-ki-modelle\/#primaryimage","url":"https:\/\/vof-news.eu\/wp-content\/uploads\/2025\/07\/hcp-20250707089.webp","contentUrl":"https:\/\/vof-news.eu\/wp-content\/uploads\/2025\/07\/hcp-20250707089.webp","width":1200,"height":574},{"@type":"BreadcrumbList","@id":"https:\/\/vof-news.eu\/de\/werte-und-wissen-widerspiegeln-digitalminister-fordert-europaische-ki-modelle\/#breadcrumb","itemListElement":[{"@type":"ListItem","position":1,"name":"Home","item":"https:\/\/vof-news.eu\/de\/"},{"@type":"ListItem","position":2,"name":"\u201eWerte und Wissen widerspiegeln\u201c \u2013 Digitalminister fordert europ\u00e4ische KI-Modelle"}]},{"@type":"WebSite","@id":"https:\/\/vof-news.eu\/de\/#website","url":"https:\/\/vof-news.eu\/de\/","name":"vof-news.eu","description":"","potentialAction":[{"@type":"SearchAction","target":{"@type":"EntryPoint","urlTemplate":"https:\/\/vof-news.eu\/de\/?s={search_term_string}"},"query-input":"required name=search_term_string"}],"inLanguage":"de"},{"@type":"Person","@id":"https:\/\/vof-news.eu\/de\/#\/schema\/person\/f6a2a4309f0561835797fd8c19b333ed","name":"Author","image":{"@type":"ImageObject","inLanguage":"de","@id":"https:\/\/vof-news.eu\/de\/#\/schema\/person\/image\/","url":"https:\/\/secure.gravatar.com\/avatar\/b67e614b1b25b3e9c0c239efdd2fde5ab015b5affd6f1c3c85911ca4b384e790?s=96&d=mm&r=g","contentUrl":"https:\/\/secure.gravatar.com\/avatar\/b67e614b1b25b3e9c0c239efdd2fde5ab015b5affd6f1c3c85911ca4b384e790?s=96&d=mm&r=g","caption":"Author"},"sameAs":["http:\/\/vof-news.eu"],"url":"https:\/\/vof-news.eu\/de\/author\/zwt6qxnjulxbnyg\/"}]}},"yoast_meta":{"yoast_wpseo_title":"","yoast_wpseo_metadesc":"","yoast_wpseo_canonical":""},"_links":{"self":[{"href":"https:\/\/vof-news.eu\/de\/wp-json\/wp\/v2\/posts\/252573","targetHints":{"allow":["GET"]}}],"collection":[{"href":"https:\/\/vof-news.eu\/de\/wp-json\/wp\/v2\/posts"}],"about":[{"href":"https:\/\/vof-news.eu\/de\/wp-json\/wp\/v2\/types\/post"}],"author":[{"embeddable":true,"href":"https:\/\/vof-news.eu\/de\/wp-json\/wp\/v2\/users\/1"}],"replies":[{"embeddable":true,"href":"https:\/\/vof-news.eu\/de\/wp-json\/wp\/v2\/comments?post=252573"}],"version-history":[{"count":1,"href":"https:\/\/vof-news.eu\/de\/wp-json\/wp\/v2\/posts\/252573\/revisions"}],"predecessor-version":[{"id":252580,"href":"https:\/\/vof-news.eu\/de\/wp-json\/wp\/v2\/posts\/252573\/revisions\/252580"}],"wp:featuredmedia":[{"embeddable":true,"href":"https:\/\/vof-news.eu\/de\/wp-json\/wp\/v2\/media\/252574"}],"wp:attachment":[{"href":"https:\/\/vof-news.eu\/de\/wp-json\/wp\/v2\/media?parent=252573"}],"wp:term":[{"taxonomy":"category","embeddable":true,"href":"https:\/\/vof-news.eu\/de\/wp-json\/wp\/v2\/categories?post=252573"},{"taxonomy":"post_tag","embeddable":true,"href":"https:\/\/vof-news.eu\/de\/wp-json\/wp\/v2\/tags?post=252573"}],"curies":[{"name":"wp","href":"https:\/\/api.w.org\/{rel}","templated":true}]}}