{"id":251970,"date":"2025-07-11T09:28:08","date_gmt":"2025-07-11T06:28:08","guid":{"rendered":"https:\/\/vof-news.eu\/donald-trump-kundigt-waffenlieferungen-uber-nato-an\/"},"modified":"2025-07-11T09:29:29","modified_gmt":"2025-07-11T06:29:29","slug":"donald-trump-kundigt-waffenlieferungen-uber-nato-an","status":"publish","type":"post","link":"https:\/\/vof-news.eu\/de\/donald-trump-kundigt-waffenlieferungen-uber-nato-an\/","title":{"rendered":"Donald Trump k\u00fcndigt Waffenlieferungen \u00fcber Nato an"},"content":{"rendered":"<div>\n<p>US-Pr\u00e4sident Donald Trump hat angek\u00fcndigt, der Ukraine k\u00fcnftig Waffen \u00fcber die <span><a href=\"https:\/\/www.zeit.de\/thema\/nato\" rel=\"nofollow\">Nato<\/a><\/span> zu liefern. &#8222;Wir schicken Waffen an die Nato, und die Nato wird die vollen Kosten f\u00fcr diese Waffen erstatten&#8220;, sagte Trump\u00a0dem Sender NBC News.\n<\/p>\n<p>Wie die Nachrichtenagentur Reuters unter Berufung auf zwei mit der Entscheidung vertraute Personen berichtet, soll daf\u00fcr eine besondere pr\u00e4sidentielle Vollmacht genutzt werden. Diese erlaube es dem Pr\u00e4sidenten, auf Best\u00e4nde des US-Milit\u00e4rs zur\u00fcckzugreifen. Das Paket k\u00f6nnte einen Wert von rund 300 Millionen Dollar haben und Patriot-Abwehrraketen sowie Mittelstreckenraketen umfassen.\n<\/p>\n<h2>Zuletzt widerspr\u00fcchliche Aussagen Trumps zu Waffenlieferungen<\/h2>\n<p>In den vergangenen Wochen hatten <span><a href=\"https:\/\/www.zeit.de\/thema\/donald-trump\" rel=\"nofollow\">Trump<\/a><\/span> und seine Regierung Widerspr\u00fcchliches zu US-Waffenlieferungen an die Ukraine mitgeteilt.\u00a0Das Pentagon hatte Anfang Juli einen Lieferstopp verh\u00e4ngt und dies damit begr\u00fcndet,\u00a0dass <a href=\"https:\/\/www.zeit.de\/politik\/ausland\/2025-07\/ukrainekrieg-usa-waffen-lieferung-stopp\" rel=\"nofollow\">die Best\u00e4nde der Vereinigten Staaten zu stark geschrumpft<\/a> seien. Wie Medien berichteten, hatte US-Verteidigungsminister Pete Hegseth dies aber<a href=\"https:\/\/www.zeit.de\/politik\/ausland\/2025-07\/usa-waffen-lieferung-ukraine-hegseth\" rel=\"nofollow\">\u00a0ohne R\u00fccksprache mit dem US-Pr\u00e4sidialamt verf\u00fcgt<\/a>.\u00a0\n<\/p>\n<p>Mehrere hochrangige US-Offiziere sowie Pentagon-Sprecher Sean Parnell hatten daraufhin den Aussagen <span><a href=\"https:\/\/www.zeit.de\/thema\/pete-hegseth\" rel=\"nofollow\">Hegseths<\/a><\/span> widersprochen.<br \/>\n Das US-Milit\u00e4r besitze weiterhin &#8222;alles, was sie f\u00fcr jeden Einsatz<br \/>\njederzeit und \u00fcberall auf der Welt ben\u00f6tigen&#8220;, hatte Parnell damals gesagt. Es gebe keinen<br \/>\nMunitionsmangel.\n<\/p>\n<p>Wenig sp\u00e4ter wiederum hatte dann\u00a0<a href=\"https:\/\/www.zeit.de\/kultur\/2025-07\/truth-donald-trump-streamingdienst-europa-newsmax\" rel=\"nofollow\">auch Trump mitgeteilt<\/a>, dass sein Vorg\u00e4nger <span><a href=\"https:\/\/www.zeit.de\/thema\/joe-biden\" rel=\"nofollow\">Joe Biden<\/a><\/span> zu viele<br \/>\nWaffen ver\u00e4u\u00dfert habe. Biden habe das &#8222;ganze Land geleert, um ihnen<br \/>\nWaffen zu geben, und wir m\u00fcssen sicherstellen, dass wir genug f\u00fcr uns<br \/>\nselbst haben&#8220;.\n<\/p>\n<p>Kurz darauf hatte\u00a0<a href=\"https:\/\/www.zeit.de\/politik\/ausland\/2025-07\/donald-trump-will-doch-waffen-an-ukraine-liefern\" rel=\"nofollow\">Trump seine Haltung revidiert<\/a>. Am Rande des Besuchs von Israels Regierungschef Benjamin Netanjahu im<br \/>\nWei\u00dfen Haus vergangene Woche hatte der US-Pr\u00e4sident mit Blick auf weitere milit\u00e4rische Unterst\u00fctzung f\u00fcr die<br \/>\n<span><a href=\"https:\/\/www.zeit.de\/politik\/ausland\/ukraine-krieg-russland-newsblog-live\" rel=\"nofollow\">Ukraine<\/a><\/span> gesagt: &#8222;Sie m\u00fcssen in der Lage sein, sich selbst zu verteidigen. Sie werden sehr schwer getroffen.&#8220;\u00a0Vorrangig war es dabei um Verteidigungswaffen gegangen.\n<\/p>\n<\/p>\n<\/div>\n","protected":false},"excerpt":{"rendered":"<p>US-Pr\u00e4sident Donald Trump hat angek\u00fcndigt, der Ukraine k\u00fcnftig Waffen \u00fcber die Nato zu liefern. &#8222;Wir schicken Waffen an die Nato, und die Nato wird die vollen Kosten f\u00fcr diese Waffen erstatten&#8220;, sagte Trump\u00a0dem Sender NBC News. Wie die Nachrichtenagentur Reuters unter Berufung auf zwei mit der Entscheidung vertraute Personen berichtet, soll daf\u00fcr eine besondere pr\u00e4sidentielle<\/p>\n","protected":false},"author":1,"featured_media":251971,"comment_status":"open","ping_status":"open","sticky":false,"template":"","format":"standard","meta":{"footnotes":""},"categories":[116],"tags":[],"class_list":["post-251970","post","type-post","status-publish","format-standard","has-post-thumbnail","hentry","category-war-chronicles-de"],"acf":[],"yoast_head":"<!-- This site is optimized with the Yoast SEO plugin v22.9 - https:\/\/yoast.com\/wordpress\/plugins\/seo\/ -->\n<title>Donald Trump k\u00fcndigt Waffenlieferungen \u00fcber Nato an - vof-news.eu<\/title>\n<meta name=\"description\" content=\"US-Pr\u00e4sident Donald Trump hat angek\u00fcndigt, der Ukraine k\u00fcnftig Waffen \u00fcber die Nato zu liefern. &quot;Wir schicken Waffen an die Nato, und die Nato wird die vollen Kosten f\u00fcr diese Waffen erstatten&quot;, sagte Trump\u00a0dem Sender NBC News.\" \/>\n<meta name=\"robots\" content=\"noindex, follow, max-snippet:-1, max-image-preview:large, max-video-preview:-1\" \/>\n<meta property=\"og:locale\" content=\"de_DE\" \/>\n<meta property=\"og:type\" content=\"article\" \/>\n<meta property=\"og:title\" content=\"Donald Trump k\u00fcndigt Waffenlieferungen \u00fcber Nato an - vof-news.eu\" \/>\n<meta property=\"og:description\" content=\"US-Pr\u00e4sident Donald Trump hat angek\u00fcndigt, der Ukraine k\u00fcnftig Waffen \u00fcber die Nato zu liefern. &quot;Wir schicken Waffen an die Nato, und die Nato wird die vollen Kosten f\u00fcr diese Waffen erstatten&quot;, sagte Trump\u00a0dem Sender NBC News.\" \/>\n<meta property=\"og:url\" content=\"https:\/\/vof-news.eu\/de\/donald-trump-kundigt-waffenlieferungen-uber-nato-an\/\" \/>\n<meta property=\"og:site_name\" content=\"vof-news.eu\" \/>\n<meta property=\"article:published_time\" content=\"2025-07-11T06:28:08+00:00\" \/>\n<meta property=\"article:modified_time\" content=\"2025-07-11T06:29:29+00:00\" \/>\n<meta property=\"og:image\" content=\"https:\/\/vof-news.eu\/wp-content\/uploads\/2025\/07\/wide__1000x562-31.jpg\" \/>\n\t<meta property=\"og:image:width\" content=\"1000\" \/>\n\t<meta property=\"og:image:height\" content=\"562\" \/>\n\t<meta property=\"og:image:type\" content=\"image\/jpeg\" \/>\n<meta name=\"author\" content=\"Author\" \/>\n<meta name=\"twitter:card\" content=\"summary_large_image\" \/>\n<meta name=\"twitter:label1\" content=\"Verfasst von\" \/>\n\t<meta name=\"twitter:data1\" content=\"Author\" \/>\n\t<meta name=\"twitter:label2\" content=\"Gesch\u00e4tzte Lesezeit\" \/>\n\t<meta name=\"twitter:data2\" content=\"2\u00a0Minuten\" \/>\n<script type=\"application\/ld+json\" class=\"yoast-schema-graph\">{\"@context\":\"https:\/\/schema.org\",\"@graph\":[{\"@type\":\"WebPage\",\"@id\":\"https:\/\/vof-news.eu\/de\/donald-trump-kundigt-waffenlieferungen-uber-nato-an\/\",\"url\":\"https:\/\/vof-news.eu\/de\/donald-trump-kundigt-waffenlieferungen-uber-nato-an\/\",\"name\":\"Donald Trump k\u00fcndigt Waffenlieferungen \u00fcber Nato an - vof-news.eu\",\"isPartOf\":{\"@id\":\"https:\/\/vof-news.eu\/de\/#website\"},\"primaryImageOfPage\":{\"@id\":\"https:\/\/vof-news.eu\/de\/donald-trump-kundigt-waffenlieferungen-uber-nato-an\/#primaryimage\"},\"image\":{\"@id\":\"https:\/\/vof-news.eu\/de\/donald-trump-kundigt-waffenlieferungen-uber-nato-an\/#primaryimage\"},\"thumbnailUrl\":\"https:\/\/vof-news.eu\/wp-content\/uploads\/2025\/07\/wide__1000x562-31.jpg\",\"datePublished\":\"2025-07-11T06:28:08+00:00\",\"dateModified\":\"2025-07-11T06:29:29+00:00\",\"author\":{\"@id\":\"https:\/\/vof-news.eu\/de\/#\/schema\/person\/f6a2a4309f0561835797fd8c19b333ed\"},\"description\":\"US-Pr\u00e4sident Donald Trump hat angek\u00fcndigt, der Ukraine k\u00fcnftig Waffen \u00fcber die Nato zu liefern. \\\"Wir schicken Waffen an die Nato, und die Nato wird die vollen Kosten f\u00fcr diese Waffen erstatten\\\", sagte Trump\u00a0dem Sender NBC News.\",\"breadcrumb\":{\"@id\":\"https:\/\/vof-news.eu\/de\/donald-trump-kundigt-waffenlieferungen-uber-nato-an\/#breadcrumb\"},\"inLanguage\":\"de\",\"potentialAction\":[{\"@type\":\"ReadAction\",\"target\":[\"https:\/\/vof-news.eu\/de\/donald-trump-kundigt-waffenlieferungen-uber-nato-an\/\"]}]},{\"@type\":\"ImageObject\",\"inLanguage\":\"de\",\"@id\":\"https:\/\/vof-news.eu\/de\/donald-trump-kundigt-waffenlieferungen-uber-nato-an\/#primaryimage\",\"url\":\"https:\/\/vof-news.eu\/wp-content\/uploads\/2025\/07\/wide__1000x562-31.jpg\",\"contentUrl\":\"https:\/\/vof-news.eu\/wp-content\/uploads\/2025\/07\/wide__1000x562-31.jpg\",\"width\":1000,\"height\":562},{\"@type\":\"BreadcrumbList\",\"@id\":\"https:\/\/vof-news.eu\/de\/donald-trump-kundigt-waffenlieferungen-uber-nato-an\/#breadcrumb\",\"itemListElement\":[{\"@type\":\"ListItem\",\"position\":1,\"name\":\"Home\",\"item\":\"https:\/\/vof-news.eu\/de\/\"},{\"@type\":\"ListItem\",\"position\":2,\"name\":\"Donald Trump k\u00fcndigt Waffenlieferungen \u00fcber Nato an\"}]},{\"@type\":\"WebSite\",\"@id\":\"https:\/\/vof-news.eu\/de\/#website\",\"url\":\"https:\/\/vof-news.eu\/de\/\",\"name\":\"vof-news.eu\",\"description\":\"\",\"potentialAction\":[{\"@type\":\"SearchAction\",\"target\":{\"@type\":\"EntryPoint\",\"urlTemplate\":\"https:\/\/vof-news.eu\/de\/?s={search_term_string}\"},\"query-input\":\"required name=search_term_string\"}],\"inLanguage\":\"de\"},{\"@type\":\"Person\",\"@id\":\"https:\/\/vof-news.eu\/de\/#\/schema\/person\/f6a2a4309f0561835797fd8c19b333ed\",\"name\":\"Author\",\"image\":{\"@type\":\"ImageObject\",\"inLanguage\":\"de\",\"@id\":\"https:\/\/vof-news.eu\/de\/#\/schema\/person\/image\/\",\"url\":\"https:\/\/secure.gravatar.com\/avatar\/b67e614b1b25b3e9c0c239efdd2fde5ab015b5affd6f1c3c85911ca4b384e790?s=96&d=mm&r=g\",\"contentUrl\":\"https:\/\/secure.gravatar.com\/avatar\/b67e614b1b25b3e9c0c239efdd2fde5ab015b5affd6f1c3c85911ca4b384e790?s=96&d=mm&r=g\",\"caption\":\"Author\"},\"sameAs\":[\"http:\/\/vof-news.eu\"],\"url\":\"https:\/\/vof-news.eu\/de\/author\/zwt6qxnjulxbnyg\/\"}]}<\/script>\n<!-- \/ Yoast SEO plugin. -->","yoast_head_json":{"title":"Donald Trump k\u00fcndigt Waffenlieferungen \u00fcber Nato an - vof-news.eu","description":"US-Pr\u00e4sident Donald Trump hat angek\u00fcndigt, der Ukraine k\u00fcnftig Waffen \u00fcber die Nato zu liefern. \"Wir schicken Waffen an die Nato, und die Nato wird die vollen Kosten f\u00fcr diese Waffen erstatten\", sagte Trump\u00a0dem Sender NBC News.","robots":{"index":"noindex","follow":"follow","max-snippet":"max-snippet:-1","max-image-preview":"max-image-preview:large","max-video-preview":"max-video-preview:-1"},"og_locale":"de_DE","og_type":"article","og_title":"Donald Trump k\u00fcndigt Waffenlieferungen \u00fcber Nato an - vof-news.eu","og_description":"US-Pr\u00e4sident Donald Trump hat angek\u00fcndigt, der Ukraine k\u00fcnftig Waffen \u00fcber die Nato zu liefern. \"Wir schicken Waffen an die Nato, und die Nato wird die vollen Kosten f\u00fcr diese Waffen erstatten\", sagte Trump\u00a0dem Sender NBC News.","og_url":"https:\/\/vof-news.eu\/de\/donald-trump-kundigt-waffenlieferungen-uber-nato-an\/","og_site_name":"vof-news.eu","article_published_time":"2025-07-11T06:28:08+00:00","article_modified_time":"2025-07-11T06:29:29+00:00","og_image":[{"width":1000,"height":562,"url":"https:\/\/vof-news.eu\/wp-content\/uploads\/2025\/07\/wide__1000x562-31.jpg","type":"image\/jpeg"}],"author":"Author","twitter_card":"summary_large_image","twitter_misc":{"Verfasst von":"Author","Gesch\u00e4tzte Lesezeit":"2\u00a0Minuten"},"schema":{"@context":"https:\/\/schema.org","@graph":[{"@type":"WebPage","@id":"https:\/\/vof-news.eu\/de\/donald-trump-kundigt-waffenlieferungen-uber-nato-an\/","url":"https:\/\/vof-news.eu\/de\/donald-trump-kundigt-waffenlieferungen-uber-nato-an\/","name":"Donald Trump k\u00fcndigt Waffenlieferungen \u00fcber Nato an - vof-news.eu","isPartOf":{"@id":"https:\/\/vof-news.eu\/de\/#website"},"primaryImageOfPage":{"@id":"https:\/\/vof-news.eu\/de\/donald-trump-kundigt-waffenlieferungen-uber-nato-an\/#primaryimage"},"image":{"@id":"https:\/\/vof-news.eu\/de\/donald-trump-kundigt-waffenlieferungen-uber-nato-an\/#primaryimage"},"thumbnailUrl":"https:\/\/vof-news.eu\/wp-content\/uploads\/2025\/07\/wide__1000x562-31.jpg","datePublished":"2025-07-11T06:28:08+00:00","dateModified":"2025-07-11T06:29:29+00:00","author":{"@id":"https:\/\/vof-news.eu\/de\/#\/schema\/person\/f6a2a4309f0561835797fd8c19b333ed"},"description":"US-Pr\u00e4sident Donald Trump hat angek\u00fcndigt, der Ukraine k\u00fcnftig Waffen \u00fcber die Nato zu liefern. \"Wir schicken Waffen an die Nato, und die Nato wird die vollen Kosten f\u00fcr diese Waffen erstatten\", sagte Trump\u00a0dem Sender NBC News.","breadcrumb":{"@id":"https:\/\/vof-news.eu\/de\/donald-trump-kundigt-waffenlieferungen-uber-nato-an\/#breadcrumb"},"inLanguage":"de","potentialAction":[{"@type":"ReadAction","target":["https:\/\/vof-news.eu\/de\/donald-trump-kundigt-waffenlieferungen-uber-nato-an\/"]}]},{"@type":"ImageObject","inLanguage":"de","@id":"https:\/\/vof-news.eu\/de\/donald-trump-kundigt-waffenlieferungen-uber-nato-an\/#primaryimage","url":"https:\/\/vof-news.eu\/wp-content\/uploads\/2025\/07\/wide__1000x562-31.jpg","contentUrl":"https:\/\/vof-news.eu\/wp-content\/uploads\/2025\/07\/wide__1000x562-31.jpg","width":1000,"height":562},{"@type":"BreadcrumbList","@id":"https:\/\/vof-news.eu\/de\/donald-trump-kundigt-waffenlieferungen-uber-nato-an\/#breadcrumb","itemListElement":[{"@type":"ListItem","position":1,"name":"Home","item":"https:\/\/vof-news.eu\/de\/"},{"@type":"ListItem","position":2,"name":"Donald Trump k\u00fcndigt Waffenlieferungen \u00fcber Nato an"}]},{"@type":"WebSite","@id":"https:\/\/vof-news.eu\/de\/#website","url":"https:\/\/vof-news.eu\/de\/","name":"vof-news.eu","description":"","potentialAction":[{"@type":"SearchAction","target":{"@type":"EntryPoint","urlTemplate":"https:\/\/vof-news.eu\/de\/?s={search_term_string}"},"query-input":"required name=search_term_string"}],"inLanguage":"de"},{"@type":"Person","@id":"https:\/\/vof-news.eu\/de\/#\/schema\/person\/f6a2a4309f0561835797fd8c19b333ed","name":"Author","image":{"@type":"ImageObject","inLanguage":"de","@id":"https:\/\/vof-news.eu\/de\/#\/schema\/person\/image\/","url":"https:\/\/secure.gravatar.com\/avatar\/b67e614b1b25b3e9c0c239efdd2fde5ab015b5affd6f1c3c85911ca4b384e790?s=96&d=mm&r=g","contentUrl":"https:\/\/secure.gravatar.com\/avatar\/b67e614b1b25b3e9c0c239efdd2fde5ab015b5affd6f1c3c85911ca4b384e790?s=96&d=mm&r=g","caption":"Author"},"sameAs":["http:\/\/vof-news.eu"],"url":"https:\/\/vof-news.eu\/de\/author\/zwt6qxnjulxbnyg\/"}]}},"yoast_meta":{"yoast_wpseo_title":"","yoast_wpseo_metadesc":"","yoast_wpseo_canonical":""},"_links":{"self":[{"href":"https:\/\/vof-news.eu\/de\/wp-json\/wp\/v2\/posts\/251970","targetHints":{"allow":["GET"]}}],"collection":[{"href":"https:\/\/vof-news.eu\/de\/wp-json\/wp\/v2\/posts"}],"about":[{"href":"https:\/\/vof-news.eu\/de\/wp-json\/wp\/v2\/types\/post"}],"author":[{"embeddable":true,"href":"https:\/\/vof-news.eu\/de\/wp-json\/wp\/v2\/users\/1"}],"replies":[{"embeddable":true,"href":"https:\/\/vof-news.eu\/de\/wp-json\/wp\/v2\/comments?post=251970"}],"version-history":[{"count":1,"href":"https:\/\/vof-news.eu\/de\/wp-json\/wp\/v2\/posts\/251970\/revisions"}],"predecessor-version":[{"id":251977,"href":"https:\/\/vof-news.eu\/de\/wp-json\/wp\/v2\/posts\/251970\/revisions\/251977"}],"wp:featuredmedia":[{"embeddable":true,"href":"https:\/\/vof-news.eu\/de\/wp-json\/wp\/v2\/media\/251971"}],"wp:attachment":[{"href":"https:\/\/vof-news.eu\/de\/wp-json\/wp\/v2\/media?parent=251970"}],"wp:term":[{"taxonomy":"category","embeddable":true,"href":"https:\/\/vof-news.eu\/de\/wp-json\/wp\/v2\/categories?post=251970"},{"taxonomy":"post_tag","embeddable":true,"href":"https:\/\/vof-news.eu\/de\/wp-json\/wp\/v2\/tags?post=251970"}],"curies":[{"name":"wp","href":"https:\/\/api.w.org\/{rel}","templated":true}]}}