{"id":251510,"date":"2025-07-10T17:28:08","date_gmt":"2025-07-10T14:28:08","guid":{"rendered":"https:\/\/vof-news.eu\/europa-bekraftigt-unterstutzung-fur-die-ukraine\/"},"modified":"2025-07-10T17:29:02","modified_gmt":"2025-07-10T14:29:02","slug":"europa-bekraftigt-unterstutzung-fur-die-ukraine","status":"publish","type":"post","link":"https:\/\/vof-news.eu\/de\/europa-bekraftigt-unterstutzung-fur-die-ukraine\/","title":{"rendered":"Europa bekr\u00e4ftigt Unterst\u00fctzung f\u00fcr die Ukraine"},"content":{"rendered":"<div>\n<p>Die europ\u00e4ischen Verb\u00fcndeten der <span><a href=\"https:\/\/www.zeit.de\/politik\/ausland\/ukraine-krieg-russland-newsblog-live\" rel=\"nofollow\">Ukraine<\/a><\/span> haben auf einer Wiederaufbaukonferenz in Rom ihre Unterst\u00fctzung f\u00fcr das angegriffene Land bekr\u00e4ftigt. So k\u00fcndigte die Europ\u00e4ische Union ein neues Finanzpaket f\u00fcr die Ukraine in H\u00f6he von 2,3 Milliarden Euro an. Es umfasst Kreditgarantien in H\u00f6he von 1,8 Milliarden Euro sowie mehr als 500 Millionen Euro an Zusch\u00fcssen.\n<\/p>\n<p>Mit dem Geld sollen Investitionen von mehr als zehn Milliarden Euro f\u00fcr &#8222;Wachstum, Erholung und Wiederaufbau&#8220; mobilisiert werden, sagte EU-Kommissionspr\u00e4sidentin Ursula von der Leyen zu Beginn der zweit\u00e4gigen Konferenz. Zudem plane die EU einen 220 Millionen Euro schweren &#8222;Europ\u00e4ischen Flaggschifffonds&#8220;, um private Investitionen zu f\u00f6rdern, insbesondere in den Bereichen Energie und Transport.\n<\/p>\n<h2>&#8222;Bleiben Sie an der Seite der Europ\u00e4er&#8220;<\/h2>\n<p><a href=\"https:\/\/www.zeit.de\/politik\/deutschland\/2025-05\/wolodymyr-selenskyj-friedrich-merz-berlin-ukraine-waffenstillstand\" rel=\"nofollow\">Bundeskanzler Friedrich Merz<\/a> (CDU) rief den US-Pr\u00e4sidenten <span><a href=\"https:\/\/www.zeit.de\/thema\/donald-trump\" rel=\"nofollow\">Donald Trump<\/a><\/span> auf, bei der <a href=\"https:\/\/www.zeit.de\/politik\/ausland\/2025-05\/ukraine-krieg-wolodymyr-selenskyj-friedrich-merz-berlin\" rel=\"nofollow\">Unterst\u00fctzung der Ukraine<\/a> weiter an der Seite der Europ\u00e4er zu stehen. In Rom hielt der Kanzler eine Rede auf Englisch und wandte sich darin direkt an Trump: &#8222;Bleiben Sie bei uns und bleiben Sie an der Seite der Europ\u00e4er.&#8220; Europa und die USA st\u00fcnden auf derselben Seite und wollten eine stabile politische Ordnung in dieser Welt, sagte Merz.\n<\/p>\n<p>Hinsichtlich der finanziellen Hilfen f\u00fcr die Ukraine sagte Merz, die Beteiligung privater Unternehmen sei wichtig, da die \u00f6ffentliche Hand die hohen Kosten des Wiederaufbaus nicht allein tragen k\u00f6nne. Bei den deutschen Unternehmen bestehe daran &#8222;enormes Interesse&#8220;. Deshalb unterst\u00fctze die Bundesregierung das Ziel, umfangreiche private Investitionen f\u00fcr den Wiederaufbau der Ukraine zu mobilisieren, &#8222;voll und ganz&#8220;.\n<\/p>\n<h2>Weiteres Sanktionspaket gegen Russland in Planung<\/h2>\n<p>Der Bundeskanzler verwies zudem auf die Bedeutung einer &#8222;erfolgreichen europ\u00e4ischen Integration der Ukraine&#8220;. Deutschland unterst\u00fctze die Ukraine auf ihrem Weg in die EU. Dieser beinhalte auch Reformen im Kampf gegen die Korruption und zur St\u00e4rkung des Rechtsstaats.\n<\/p>\n<p>An den Aggressor Russland sowie den russischen Machthaber Wladimir Putin gerichtet, sagte Merz: &#8222;Wir werden nicht aufgeben.&#8220; Auf der gemeinsam von Italien und der Ukraine ausgerichteten Konferenz in Rom verwies der Kanzler darauf, dass die EU derzeit <a href=\"https:\/\/www.zeit.de\/politik\/ausland\/2025-05\/friedrich-merz-ukraine-krieg-russland-drohung-sanktionen\" rel=\"nofollow\">ein weiteres Sanktionspaket gegen Russland<\/a> vorbereite, nur die Zustimmung der Slowakei fehle noch.\n<\/p>\n<\/div>\n","protected":false},"excerpt":{"rendered":"<p>Die europ\u00e4ischen Verb\u00fcndeten der Ukraine haben auf einer Wiederaufbaukonferenz in Rom ihre Unterst\u00fctzung f\u00fcr das angegriffene Land bekr\u00e4ftigt. So k\u00fcndigte die Europ\u00e4ische Union ein neues Finanzpaket f\u00fcr die Ukraine in H\u00f6he von 2,3 Milliarden Euro an. Es umfasst Kreditgarantien in H\u00f6he von 1,8 Milliarden Euro sowie mehr als 500 Millionen Euro an Zusch\u00fcssen. Mit dem<\/p>\n","protected":false},"author":1,"featured_media":251511,"comment_status":"open","ping_status":"open","sticky":false,"template":"","format":"standard","meta":{"footnotes":""},"categories":[116],"tags":[],"class_list":["post-251510","post","type-post","status-publish","format-standard","has-post-thumbnail","hentry","category-war-chronicles-de"],"acf":[],"yoast_head":"<!-- This site is optimized with the Yoast SEO plugin v22.9 - https:\/\/yoast.com\/wordpress\/plugins\/seo\/ -->\n<title>Europa bekr\u00e4ftigt Unterst\u00fctzung f\u00fcr die Ukraine - vof-news.eu<\/title>\n<meta name=\"description\" content=\"Die europ\u00e4ischen Verb\u00fcndeten der Ukraine haben auf einer Wiederaufbaukonferenz in Rom ihre Unterst\u00fctzung f\u00fcr das angegriffene Land bekr\u00e4ftigt. So k\u00fcndigte die Europ\u00e4ische Union ein neues Finanzpaket f\u00fcr die Ukraine in H\u00f6he von 2,3 Milliarden Euro an. Es umfasst Kreditgarantien in H\u00f6he von 1,8 Milliarden Euro sowie mehr als 500 Millionen Euro an Zusch\u00fcssen.\" \/>\n<meta name=\"robots\" content=\"noindex, follow, max-snippet:-1, max-image-preview:large, max-video-preview:-1\" \/>\n<meta property=\"og:locale\" content=\"de_DE\" \/>\n<meta property=\"og:type\" content=\"article\" \/>\n<meta property=\"og:title\" content=\"Europa bekr\u00e4ftigt Unterst\u00fctzung f\u00fcr die Ukraine - vof-news.eu\" \/>\n<meta property=\"og:description\" content=\"Die europ\u00e4ischen Verb\u00fcndeten der Ukraine haben auf einer Wiederaufbaukonferenz in Rom ihre Unterst\u00fctzung f\u00fcr das angegriffene Land bekr\u00e4ftigt. So k\u00fcndigte die Europ\u00e4ische Union ein neues Finanzpaket f\u00fcr die Ukraine in H\u00f6he von 2,3 Milliarden Euro an. Es umfasst Kreditgarantien in H\u00f6he von 1,8 Milliarden Euro sowie mehr als 500 Millionen Euro an Zusch\u00fcssen.\" \/>\n<meta property=\"og:url\" content=\"https:\/\/vof-news.eu\/de\/europa-bekraftigt-unterstutzung-fur-die-ukraine\/\" \/>\n<meta property=\"og:site_name\" content=\"vof-news.eu\" \/>\n<meta property=\"article:published_time\" content=\"2025-07-10T14:28:08+00:00\" \/>\n<meta property=\"article:modified_time\" content=\"2025-07-10T14:29:02+00:00\" \/>\n<meta property=\"og:image\" content=\"https:\/\/vof-news.eu\/wp-content\/uploads\/2025\/07\/wide__1000x562-30.jpg\" \/>\n\t<meta property=\"og:image:width\" content=\"1000\" \/>\n\t<meta property=\"og:image:height\" content=\"562\" \/>\n\t<meta property=\"og:image:type\" content=\"image\/jpeg\" \/>\n<meta name=\"author\" content=\"Author\" \/>\n<meta name=\"twitter:card\" content=\"summary_large_image\" \/>\n<meta name=\"twitter:label1\" content=\"Verfasst von\" \/>\n\t<meta name=\"twitter:data1\" content=\"Author\" \/>\n\t<meta name=\"twitter:label2\" content=\"Gesch\u00e4tzte Lesezeit\" \/>\n\t<meta name=\"twitter:data2\" content=\"2\u00a0Minuten\" \/>\n<script type=\"application\/ld+json\" class=\"yoast-schema-graph\">{\"@context\":\"https:\/\/schema.org\",\"@graph\":[{\"@type\":\"WebPage\",\"@id\":\"https:\/\/vof-news.eu\/de\/europa-bekraftigt-unterstutzung-fur-die-ukraine\/\",\"url\":\"https:\/\/vof-news.eu\/de\/europa-bekraftigt-unterstutzung-fur-die-ukraine\/\",\"name\":\"Europa bekr\u00e4ftigt Unterst\u00fctzung f\u00fcr die Ukraine - vof-news.eu\",\"isPartOf\":{\"@id\":\"https:\/\/vof-news.eu\/de\/#website\"},\"primaryImageOfPage\":{\"@id\":\"https:\/\/vof-news.eu\/de\/europa-bekraftigt-unterstutzung-fur-die-ukraine\/#primaryimage\"},\"image\":{\"@id\":\"https:\/\/vof-news.eu\/de\/europa-bekraftigt-unterstutzung-fur-die-ukraine\/#primaryimage\"},\"thumbnailUrl\":\"https:\/\/vof-news.eu\/wp-content\/uploads\/2025\/07\/wide__1000x562-30.jpg\",\"datePublished\":\"2025-07-10T14:28:08+00:00\",\"dateModified\":\"2025-07-10T14:29:02+00:00\",\"author\":{\"@id\":\"https:\/\/vof-news.eu\/de\/#\/schema\/person\/f6a2a4309f0561835797fd8c19b333ed\"},\"description\":\"Die europ\u00e4ischen Verb\u00fcndeten der Ukraine haben auf einer Wiederaufbaukonferenz in Rom ihre Unterst\u00fctzung f\u00fcr das angegriffene Land bekr\u00e4ftigt. So k\u00fcndigte die Europ\u00e4ische Union ein neues Finanzpaket f\u00fcr die Ukraine in H\u00f6he von 2,3 Milliarden Euro an. Es umfasst Kreditgarantien in H\u00f6he von 1,8 Milliarden Euro sowie mehr als 500 Millionen Euro an Zusch\u00fcssen.\",\"breadcrumb\":{\"@id\":\"https:\/\/vof-news.eu\/de\/europa-bekraftigt-unterstutzung-fur-die-ukraine\/#breadcrumb\"},\"inLanguage\":\"de\",\"potentialAction\":[{\"@type\":\"ReadAction\",\"target\":[\"https:\/\/vof-news.eu\/de\/europa-bekraftigt-unterstutzung-fur-die-ukraine\/\"]}]},{\"@type\":\"ImageObject\",\"inLanguage\":\"de\",\"@id\":\"https:\/\/vof-news.eu\/de\/europa-bekraftigt-unterstutzung-fur-die-ukraine\/#primaryimage\",\"url\":\"https:\/\/vof-news.eu\/wp-content\/uploads\/2025\/07\/wide__1000x562-30.jpg\",\"contentUrl\":\"https:\/\/vof-news.eu\/wp-content\/uploads\/2025\/07\/wide__1000x562-30.jpg\",\"width\":1000,\"height\":562},{\"@type\":\"BreadcrumbList\",\"@id\":\"https:\/\/vof-news.eu\/de\/europa-bekraftigt-unterstutzung-fur-die-ukraine\/#breadcrumb\",\"itemListElement\":[{\"@type\":\"ListItem\",\"position\":1,\"name\":\"Home\",\"item\":\"https:\/\/vof-news.eu\/de\/\"},{\"@type\":\"ListItem\",\"position\":2,\"name\":\"Europa bekr\u00e4ftigt Unterst\u00fctzung f\u00fcr die Ukraine\"}]},{\"@type\":\"WebSite\",\"@id\":\"https:\/\/vof-news.eu\/de\/#website\",\"url\":\"https:\/\/vof-news.eu\/de\/\",\"name\":\"vof-news.eu\",\"description\":\"\",\"potentialAction\":[{\"@type\":\"SearchAction\",\"target\":{\"@type\":\"EntryPoint\",\"urlTemplate\":\"https:\/\/vof-news.eu\/de\/?s={search_term_string}\"},\"query-input\":\"required name=search_term_string\"}],\"inLanguage\":\"de\"},{\"@type\":\"Person\",\"@id\":\"https:\/\/vof-news.eu\/de\/#\/schema\/person\/f6a2a4309f0561835797fd8c19b333ed\",\"name\":\"Author\",\"image\":{\"@type\":\"ImageObject\",\"inLanguage\":\"de\",\"@id\":\"https:\/\/vof-news.eu\/de\/#\/schema\/person\/image\/\",\"url\":\"https:\/\/secure.gravatar.com\/avatar\/b67e614b1b25b3e9c0c239efdd2fde5ab015b5affd6f1c3c85911ca4b384e790?s=96&d=mm&r=g\",\"contentUrl\":\"https:\/\/secure.gravatar.com\/avatar\/b67e614b1b25b3e9c0c239efdd2fde5ab015b5affd6f1c3c85911ca4b384e790?s=96&d=mm&r=g\",\"caption\":\"Author\"},\"sameAs\":[\"http:\/\/vof-news.eu\"],\"url\":\"https:\/\/vof-news.eu\/de\/author\/zwt6qxnjulxbnyg\/\"}]}<\/script>\n<!-- \/ Yoast SEO plugin. -->","yoast_head_json":{"title":"Europa bekr\u00e4ftigt Unterst\u00fctzung f\u00fcr die Ukraine - vof-news.eu","description":"Die europ\u00e4ischen Verb\u00fcndeten der Ukraine haben auf einer Wiederaufbaukonferenz in Rom ihre Unterst\u00fctzung f\u00fcr das angegriffene Land bekr\u00e4ftigt. So k\u00fcndigte die Europ\u00e4ische Union ein neues Finanzpaket f\u00fcr die Ukraine in H\u00f6he von 2,3 Milliarden Euro an. Es umfasst Kreditgarantien in H\u00f6he von 1,8 Milliarden Euro sowie mehr als 500 Millionen Euro an Zusch\u00fcssen.","robots":{"index":"noindex","follow":"follow","max-snippet":"max-snippet:-1","max-image-preview":"max-image-preview:large","max-video-preview":"max-video-preview:-1"},"og_locale":"de_DE","og_type":"article","og_title":"Europa bekr\u00e4ftigt Unterst\u00fctzung f\u00fcr die Ukraine - vof-news.eu","og_description":"Die europ\u00e4ischen Verb\u00fcndeten der Ukraine haben auf einer Wiederaufbaukonferenz in Rom ihre Unterst\u00fctzung f\u00fcr das angegriffene Land bekr\u00e4ftigt. So k\u00fcndigte die Europ\u00e4ische Union ein neues Finanzpaket f\u00fcr die Ukraine in H\u00f6he von 2,3 Milliarden Euro an. Es umfasst Kreditgarantien in H\u00f6he von 1,8 Milliarden Euro sowie mehr als 500 Millionen Euro an Zusch\u00fcssen.","og_url":"https:\/\/vof-news.eu\/de\/europa-bekraftigt-unterstutzung-fur-die-ukraine\/","og_site_name":"vof-news.eu","article_published_time":"2025-07-10T14:28:08+00:00","article_modified_time":"2025-07-10T14:29:02+00:00","og_image":[{"width":1000,"height":562,"url":"https:\/\/vof-news.eu\/wp-content\/uploads\/2025\/07\/wide__1000x562-30.jpg","type":"image\/jpeg"}],"author":"Author","twitter_card":"summary_large_image","twitter_misc":{"Verfasst von":"Author","Gesch\u00e4tzte Lesezeit":"2\u00a0Minuten"},"schema":{"@context":"https:\/\/schema.org","@graph":[{"@type":"WebPage","@id":"https:\/\/vof-news.eu\/de\/europa-bekraftigt-unterstutzung-fur-die-ukraine\/","url":"https:\/\/vof-news.eu\/de\/europa-bekraftigt-unterstutzung-fur-die-ukraine\/","name":"Europa bekr\u00e4ftigt Unterst\u00fctzung f\u00fcr die Ukraine - vof-news.eu","isPartOf":{"@id":"https:\/\/vof-news.eu\/de\/#website"},"primaryImageOfPage":{"@id":"https:\/\/vof-news.eu\/de\/europa-bekraftigt-unterstutzung-fur-die-ukraine\/#primaryimage"},"image":{"@id":"https:\/\/vof-news.eu\/de\/europa-bekraftigt-unterstutzung-fur-die-ukraine\/#primaryimage"},"thumbnailUrl":"https:\/\/vof-news.eu\/wp-content\/uploads\/2025\/07\/wide__1000x562-30.jpg","datePublished":"2025-07-10T14:28:08+00:00","dateModified":"2025-07-10T14:29:02+00:00","author":{"@id":"https:\/\/vof-news.eu\/de\/#\/schema\/person\/f6a2a4309f0561835797fd8c19b333ed"},"description":"Die europ\u00e4ischen Verb\u00fcndeten der Ukraine haben auf einer Wiederaufbaukonferenz in Rom ihre Unterst\u00fctzung f\u00fcr das angegriffene Land bekr\u00e4ftigt. So k\u00fcndigte die Europ\u00e4ische Union ein neues Finanzpaket f\u00fcr die Ukraine in H\u00f6he von 2,3 Milliarden Euro an. Es umfasst Kreditgarantien in H\u00f6he von 1,8 Milliarden Euro sowie mehr als 500 Millionen Euro an Zusch\u00fcssen.","breadcrumb":{"@id":"https:\/\/vof-news.eu\/de\/europa-bekraftigt-unterstutzung-fur-die-ukraine\/#breadcrumb"},"inLanguage":"de","potentialAction":[{"@type":"ReadAction","target":["https:\/\/vof-news.eu\/de\/europa-bekraftigt-unterstutzung-fur-die-ukraine\/"]}]},{"@type":"ImageObject","inLanguage":"de","@id":"https:\/\/vof-news.eu\/de\/europa-bekraftigt-unterstutzung-fur-die-ukraine\/#primaryimage","url":"https:\/\/vof-news.eu\/wp-content\/uploads\/2025\/07\/wide__1000x562-30.jpg","contentUrl":"https:\/\/vof-news.eu\/wp-content\/uploads\/2025\/07\/wide__1000x562-30.jpg","width":1000,"height":562},{"@type":"BreadcrumbList","@id":"https:\/\/vof-news.eu\/de\/europa-bekraftigt-unterstutzung-fur-die-ukraine\/#breadcrumb","itemListElement":[{"@type":"ListItem","position":1,"name":"Home","item":"https:\/\/vof-news.eu\/de\/"},{"@type":"ListItem","position":2,"name":"Europa bekr\u00e4ftigt Unterst\u00fctzung f\u00fcr die Ukraine"}]},{"@type":"WebSite","@id":"https:\/\/vof-news.eu\/de\/#website","url":"https:\/\/vof-news.eu\/de\/","name":"vof-news.eu","description":"","potentialAction":[{"@type":"SearchAction","target":{"@type":"EntryPoint","urlTemplate":"https:\/\/vof-news.eu\/de\/?s={search_term_string}"},"query-input":"required name=search_term_string"}],"inLanguage":"de"},{"@type":"Person","@id":"https:\/\/vof-news.eu\/de\/#\/schema\/person\/f6a2a4309f0561835797fd8c19b333ed","name":"Author","image":{"@type":"ImageObject","inLanguage":"de","@id":"https:\/\/vof-news.eu\/de\/#\/schema\/person\/image\/","url":"https:\/\/secure.gravatar.com\/avatar\/b67e614b1b25b3e9c0c239efdd2fde5ab015b5affd6f1c3c85911ca4b384e790?s=96&d=mm&r=g","contentUrl":"https:\/\/secure.gravatar.com\/avatar\/b67e614b1b25b3e9c0c239efdd2fde5ab015b5affd6f1c3c85911ca4b384e790?s=96&d=mm&r=g","caption":"Author"},"sameAs":["http:\/\/vof-news.eu"],"url":"https:\/\/vof-news.eu\/de\/author\/zwt6qxnjulxbnyg\/"}]}},"yoast_meta":{"yoast_wpseo_title":"","yoast_wpseo_metadesc":"","yoast_wpseo_canonical":""},"_links":{"self":[{"href":"https:\/\/vof-news.eu\/de\/wp-json\/wp\/v2\/posts\/251510","targetHints":{"allow":["GET"]}}],"collection":[{"href":"https:\/\/vof-news.eu\/de\/wp-json\/wp\/v2\/posts"}],"about":[{"href":"https:\/\/vof-news.eu\/de\/wp-json\/wp\/v2\/types\/post"}],"author":[{"embeddable":true,"href":"https:\/\/vof-news.eu\/de\/wp-json\/wp\/v2\/users\/1"}],"replies":[{"embeddable":true,"href":"https:\/\/vof-news.eu\/de\/wp-json\/wp\/v2\/comments?post=251510"}],"version-history":[{"count":1,"href":"https:\/\/vof-news.eu\/de\/wp-json\/wp\/v2\/posts\/251510\/revisions"}],"predecessor-version":[{"id":251517,"href":"https:\/\/vof-news.eu\/de\/wp-json\/wp\/v2\/posts\/251510\/revisions\/251517"}],"wp:featuredmedia":[{"embeddable":true,"href":"https:\/\/vof-news.eu\/de\/wp-json\/wp\/v2\/media\/251511"}],"wp:attachment":[{"href":"https:\/\/vof-news.eu\/de\/wp-json\/wp\/v2\/media?parent=251510"}],"wp:term":[{"taxonomy":"category","embeddable":true,"href":"https:\/\/vof-news.eu\/de\/wp-json\/wp\/v2\/categories?post=251510"},{"taxonomy":"post_tag","embeddable":true,"href":"https:\/\/vof-news.eu\/de\/wp-json\/wp\/v2\/tags?post=251510"}],"curies":[{"name":"wp","href":"https:\/\/api.w.org\/{rel}","templated":true}]}}