{"id":251256,"date":"2025-07-10T11:29:36","date_gmt":"2025-07-10T08:29:36","guid":{"rendered":"https:\/\/vof-news.eu\/russland-startet-erneut-schwere-angriffe-auf-kyjiw\/"},"modified":"2025-07-10T11:30:32","modified_gmt":"2025-07-10T08:30:32","slug":"russland-startet-erneut-schwere-angriffe-auf-kyjiw","status":"publish","type":"post","link":"https:\/\/vof-news.eu\/de\/russland-startet-erneut-schwere-angriffe-auf-kyjiw\/","title":{"rendered":"Russland startet erneut schwere Angriffe auf Kyjiw"},"content":{"rendered":"<div>\n<p>Bei einem russischen Angriff auf die <a href=\"https:\/\/www.zeit.de\/thema\/krieg-in-ukraine\" rel=\"nofollow\">ukrainische<\/a> Hauptstadt Kyjiw<br \/>\nsind mindestens zwei Menschen get\u00f6tet und 13 verletzt worden. Das teilte die Milit\u00e4rverwaltung in Kyjiw mit. Der ukrainische Pr\u00e4sident <a href=\"https:\/\/www.zeit.de\/thema\/wolodymyr-selenskyj\" rel=\"nofollow\">Wolodymyr Selenskyj<\/a> teilte am Morgen<br \/>\nmit, <span><a href=\"https:\/\/www.zeit.de\/thema\/russland\" rel=\"nofollow\">Russland<\/a><\/span> habe das Land in der Nacht mit 18 Raketen und rund 400 Drohnen<br \/>\nangegriffen. Der Gro\u00dfteil davon habe die Hauptstadt zum Ziel gehabt.\u00a0\n<\/p>\n<p>Herabfallende Tr\u00fcmmerteile h\u00e4tten Br\u00e4nde in verschiedenen<br \/>\nStadtteilen ausgel\u00f6st, teilte <span><a href=\"https:\/\/www.zeit.de\/thema\/kiew\" rel=\"nofollow\">Kyjiws<\/a><\/span> B\u00fcrgermeister Vitali Klitschko mit. Geb\u00e4ude,<br \/>\nGaragen und eine Tankstelle st\u00fcnden in Flammen.\n<\/p>\n<h2>Angriffe wurden verst\u00e4rkt<\/h2>\n<p>Die Milit\u00e4rverwaltung hatte in der Nacht vor einer<br \/>\n&#8222;Gefahr durch den Einsatz ballistischer Waffen durch den Feind&#8220; gewarnt<br \/>\nund alle Einwohner aufgerufen, sich unverz\u00fcglich in die n\u00e4chstgelegenen<br \/>\nSchutzr\u00e4ume zu begeben. Die <span><a href=\"https:\/\/www.zeit.de\/thema\/luftwaffe\" rel=\"nofollow\">Luftwaffe<\/a><\/span> teilte mit, dass sich &#8222;eine Gruppe<br \/>\nRaketen&#8220; der Hauptstadt vom Osten her n\u00e4herte.\n<\/p>\n<p>Journalisten der Nachrichtenagentur AFP berichteten von lauten<br \/>\nExplosionen die ganze Nacht \u00fcber und Blitzen durch aktive Luftabwehrsysteme am<br \/>\nHimmel. Zahlreiche Menschen suchten demnach Schutz in einer Metrostation.\n<\/p>\n<h2>Hilfskonferenz in Rom<\/h2>\n<p>Die Angriffe Russlands auf die <span><a href=\"https:\/\/www.zeit.de\/politik\/ausland\/ukraine-krieg-russland-newsblog-live\" rel=\"nofollow\">Ukraine<\/a><\/span> haben sich j\u00fcngst<br \/>\nverst\u00e4rkt. In der vorherigen Nacht hatte Russland die Ukraine mit <a href=\"https:\/\/www.zeit.de\/politik\/ausland\/2025-07\/ukraine-russland-krieg-drohen-raketen-zahlreichster-angriff-luzk\" rel=\"nofollow\">den schwersten Luftangriffen seit Kriegsbeginn \u00fcberzogen<\/a>. Die<br \/>\nrussische Armee habe mit 728 Drohnen und 13 Raketen insbesondere den Westen des<br \/>\nLandes attackiert, hatte die ukrainische Luftwaffe am Mittwoch mitgeteilt. 711<br \/>\nDrohnen und mindestens sieben Raketen seien abgefangen worden. Mindestens ein<br \/>\nMensch wurde den Angaben nach get\u00f6tet.\n<\/p>\n<p>Selenskyj wird an diesem Donnerstag in <span><a href=\"https:\/\/www.zeit.de\/thema\/rom\" rel=\"nofollow\">Rom<\/a><\/span> an einer<br \/>\nHilfskonferenz f\u00fcr die Ukraine teilnehmen. Dort soll es in seinen Gespr\u00e4chen<br \/>\nmit Partnern vor allem um die Finanzierung von Drohnenabfangsystemen und der<br \/>\nLuftverteidigung gehen.\n<\/p>\n<p><a href=\"https:\/\/www.zeit.de\/politik\/ausland\/ukraine-krieg-news-liveblog\" rel=\"nofollow\"><\/a>\n<\/p>\n<\/div>\n","protected":false},"excerpt":{"rendered":"<p>Bei einem russischen Angriff auf die ukrainische Hauptstadt Kyjiw sind mindestens zwei Menschen get\u00f6tet und 13 verletzt worden. Das teilte die Milit\u00e4rverwaltung in Kyjiw mit. Der ukrainische Pr\u00e4sident Wolodymyr Selenskyj teilte am Morgen mit, Russland habe das Land in der Nacht mit 18 Raketen und rund 400 Drohnen angegriffen. Der Gro\u00dfteil davon habe die Hauptstadt<\/p>\n","protected":false},"author":1,"featured_media":251257,"comment_status":"open","ping_status":"open","sticky":false,"template":"","format":"standard","meta":{"footnotes":""},"categories":[116],"tags":[],"class_list":["post-251256","post","type-post","status-publish","format-standard","has-post-thumbnail","hentry","category-war-chronicles-de"],"acf":[],"yoast_head":"<!-- This site is optimized with the Yoast SEO plugin v22.9 - https:\/\/yoast.com\/wordpress\/plugins\/seo\/ -->\n<title>Russland startet erneut schwere Angriffe auf Kyjiw - vof-news.eu<\/title>\n<meta name=\"description\" content=\"Bei einem russischen Angriff auf die ukrainische Hauptstadt Kyjiw\" \/>\n<meta name=\"robots\" content=\"noindex, follow, max-snippet:-1, max-image-preview:large, max-video-preview:-1\" \/>\n<meta property=\"og:locale\" content=\"de_DE\" \/>\n<meta property=\"og:type\" content=\"article\" \/>\n<meta property=\"og:title\" content=\"Russland startet erneut schwere Angriffe auf Kyjiw - vof-news.eu\" \/>\n<meta property=\"og:description\" content=\"Bei einem russischen Angriff auf die ukrainische Hauptstadt Kyjiw\" \/>\n<meta property=\"og:url\" content=\"https:\/\/vof-news.eu\/de\/russland-startet-erneut-schwere-angriffe-auf-kyjiw\/\" \/>\n<meta property=\"og:site_name\" content=\"vof-news.eu\" \/>\n<meta property=\"article:published_time\" content=\"2025-07-10T08:29:36+00:00\" \/>\n<meta property=\"article:modified_time\" content=\"2025-07-10T08:30:32+00:00\" \/>\n<meta property=\"og:image\" content=\"https:\/\/vof-news.eu\/wp-content\/uploads\/2025\/07\/wide__1000x562-29.jpg\" \/>\n\t<meta property=\"og:image:width\" content=\"1000\" \/>\n\t<meta property=\"og:image:height\" content=\"562\" \/>\n\t<meta property=\"og:image:type\" content=\"image\/jpeg\" \/>\n<meta name=\"author\" content=\"Author\" \/>\n<meta name=\"twitter:card\" content=\"summary_large_image\" \/>\n<meta name=\"twitter:label1\" content=\"Verfasst von\" \/>\n\t<meta name=\"twitter:data1\" content=\"Author\" \/>\n\t<meta name=\"twitter:label2\" content=\"Gesch\u00e4tzte Lesezeit\" \/>\n\t<meta name=\"twitter:data2\" content=\"1\u00a0Minute\" \/>\n<script type=\"application\/ld+json\" class=\"yoast-schema-graph\">{\"@context\":\"https:\/\/schema.org\",\"@graph\":[{\"@type\":\"WebPage\",\"@id\":\"https:\/\/vof-news.eu\/de\/russland-startet-erneut-schwere-angriffe-auf-kyjiw\/\",\"url\":\"https:\/\/vof-news.eu\/de\/russland-startet-erneut-schwere-angriffe-auf-kyjiw\/\",\"name\":\"Russland startet erneut schwere Angriffe auf Kyjiw - vof-news.eu\",\"isPartOf\":{\"@id\":\"https:\/\/vof-news.eu\/de\/#website\"},\"primaryImageOfPage\":{\"@id\":\"https:\/\/vof-news.eu\/de\/russland-startet-erneut-schwere-angriffe-auf-kyjiw\/#primaryimage\"},\"image\":{\"@id\":\"https:\/\/vof-news.eu\/de\/russland-startet-erneut-schwere-angriffe-auf-kyjiw\/#primaryimage\"},\"thumbnailUrl\":\"https:\/\/vof-news.eu\/wp-content\/uploads\/2025\/07\/wide__1000x562-29.jpg\",\"datePublished\":\"2025-07-10T08:29:36+00:00\",\"dateModified\":\"2025-07-10T08:30:32+00:00\",\"author\":{\"@id\":\"https:\/\/vof-news.eu\/de\/#\/schema\/person\/f6a2a4309f0561835797fd8c19b333ed\"},\"description\":\"Bei einem russischen Angriff auf die ukrainische Hauptstadt Kyjiw\",\"breadcrumb\":{\"@id\":\"https:\/\/vof-news.eu\/de\/russland-startet-erneut-schwere-angriffe-auf-kyjiw\/#breadcrumb\"},\"inLanguage\":\"de\",\"potentialAction\":[{\"@type\":\"ReadAction\",\"target\":[\"https:\/\/vof-news.eu\/de\/russland-startet-erneut-schwere-angriffe-auf-kyjiw\/\"]}]},{\"@type\":\"ImageObject\",\"inLanguage\":\"de\",\"@id\":\"https:\/\/vof-news.eu\/de\/russland-startet-erneut-schwere-angriffe-auf-kyjiw\/#primaryimage\",\"url\":\"https:\/\/vof-news.eu\/wp-content\/uploads\/2025\/07\/wide__1000x562-29.jpg\",\"contentUrl\":\"https:\/\/vof-news.eu\/wp-content\/uploads\/2025\/07\/wide__1000x562-29.jpg\",\"width\":1000,\"height\":562},{\"@type\":\"BreadcrumbList\",\"@id\":\"https:\/\/vof-news.eu\/de\/russland-startet-erneut-schwere-angriffe-auf-kyjiw\/#breadcrumb\",\"itemListElement\":[{\"@type\":\"ListItem\",\"position\":1,\"name\":\"Home\",\"item\":\"https:\/\/vof-news.eu\/de\/\"},{\"@type\":\"ListItem\",\"position\":2,\"name\":\"Russland startet erneut schwere Angriffe auf Kyjiw\"}]},{\"@type\":\"WebSite\",\"@id\":\"https:\/\/vof-news.eu\/de\/#website\",\"url\":\"https:\/\/vof-news.eu\/de\/\",\"name\":\"vof-news.eu\",\"description\":\"\",\"potentialAction\":[{\"@type\":\"SearchAction\",\"target\":{\"@type\":\"EntryPoint\",\"urlTemplate\":\"https:\/\/vof-news.eu\/de\/?s={search_term_string}\"},\"query-input\":\"required name=search_term_string\"}],\"inLanguage\":\"de\"},{\"@type\":\"Person\",\"@id\":\"https:\/\/vof-news.eu\/de\/#\/schema\/person\/f6a2a4309f0561835797fd8c19b333ed\",\"name\":\"Author\",\"image\":{\"@type\":\"ImageObject\",\"inLanguage\":\"de\",\"@id\":\"https:\/\/vof-news.eu\/de\/#\/schema\/person\/image\/\",\"url\":\"https:\/\/secure.gravatar.com\/avatar\/b67e614b1b25b3e9c0c239efdd2fde5ab015b5affd6f1c3c85911ca4b384e790?s=96&d=mm&r=g\",\"contentUrl\":\"https:\/\/secure.gravatar.com\/avatar\/b67e614b1b25b3e9c0c239efdd2fde5ab015b5affd6f1c3c85911ca4b384e790?s=96&d=mm&r=g\",\"caption\":\"Author\"},\"sameAs\":[\"http:\/\/vof-news.eu\"],\"url\":\"https:\/\/vof-news.eu\/de\/author\/zwt6qxnjulxbnyg\/\"}]}<\/script>\n<!-- \/ Yoast SEO plugin. -->","yoast_head_json":{"title":"Russland startet erneut schwere Angriffe auf Kyjiw - vof-news.eu","description":"Bei einem russischen Angriff auf die ukrainische Hauptstadt Kyjiw","robots":{"index":"noindex","follow":"follow","max-snippet":"max-snippet:-1","max-image-preview":"max-image-preview:large","max-video-preview":"max-video-preview:-1"},"og_locale":"de_DE","og_type":"article","og_title":"Russland startet erneut schwere Angriffe auf Kyjiw - vof-news.eu","og_description":"Bei einem russischen Angriff auf die ukrainische Hauptstadt Kyjiw","og_url":"https:\/\/vof-news.eu\/de\/russland-startet-erneut-schwere-angriffe-auf-kyjiw\/","og_site_name":"vof-news.eu","article_published_time":"2025-07-10T08:29:36+00:00","article_modified_time":"2025-07-10T08:30:32+00:00","og_image":[{"width":1000,"height":562,"url":"https:\/\/vof-news.eu\/wp-content\/uploads\/2025\/07\/wide__1000x562-29.jpg","type":"image\/jpeg"}],"author":"Author","twitter_card":"summary_large_image","twitter_misc":{"Verfasst von":"Author","Gesch\u00e4tzte Lesezeit":"1\u00a0Minute"},"schema":{"@context":"https:\/\/schema.org","@graph":[{"@type":"WebPage","@id":"https:\/\/vof-news.eu\/de\/russland-startet-erneut-schwere-angriffe-auf-kyjiw\/","url":"https:\/\/vof-news.eu\/de\/russland-startet-erneut-schwere-angriffe-auf-kyjiw\/","name":"Russland startet erneut schwere Angriffe auf Kyjiw - vof-news.eu","isPartOf":{"@id":"https:\/\/vof-news.eu\/de\/#website"},"primaryImageOfPage":{"@id":"https:\/\/vof-news.eu\/de\/russland-startet-erneut-schwere-angriffe-auf-kyjiw\/#primaryimage"},"image":{"@id":"https:\/\/vof-news.eu\/de\/russland-startet-erneut-schwere-angriffe-auf-kyjiw\/#primaryimage"},"thumbnailUrl":"https:\/\/vof-news.eu\/wp-content\/uploads\/2025\/07\/wide__1000x562-29.jpg","datePublished":"2025-07-10T08:29:36+00:00","dateModified":"2025-07-10T08:30:32+00:00","author":{"@id":"https:\/\/vof-news.eu\/de\/#\/schema\/person\/f6a2a4309f0561835797fd8c19b333ed"},"description":"Bei einem russischen Angriff auf die ukrainische Hauptstadt Kyjiw","breadcrumb":{"@id":"https:\/\/vof-news.eu\/de\/russland-startet-erneut-schwere-angriffe-auf-kyjiw\/#breadcrumb"},"inLanguage":"de","potentialAction":[{"@type":"ReadAction","target":["https:\/\/vof-news.eu\/de\/russland-startet-erneut-schwere-angriffe-auf-kyjiw\/"]}]},{"@type":"ImageObject","inLanguage":"de","@id":"https:\/\/vof-news.eu\/de\/russland-startet-erneut-schwere-angriffe-auf-kyjiw\/#primaryimage","url":"https:\/\/vof-news.eu\/wp-content\/uploads\/2025\/07\/wide__1000x562-29.jpg","contentUrl":"https:\/\/vof-news.eu\/wp-content\/uploads\/2025\/07\/wide__1000x562-29.jpg","width":1000,"height":562},{"@type":"BreadcrumbList","@id":"https:\/\/vof-news.eu\/de\/russland-startet-erneut-schwere-angriffe-auf-kyjiw\/#breadcrumb","itemListElement":[{"@type":"ListItem","position":1,"name":"Home","item":"https:\/\/vof-news.eu\/de\/"},{"@type":"ListItem","position":2,"name":"Russland startet erneut schwere Angriffe auf Kyjiw"}]},{"@type":"WebSite","@id":"https:\/\/vof-news.eu\/de\/#website","url":"https:\/\/vof-news.eu\/de\/","name":"vof-news.eu","description":"","potentialAction":[{"@type":"SearchAction","target":{"@type":"EntryPoint","urlTemplate":"https:\/\/vof-news.eu\/de\/?s={search_term_string}"},"query-input":"required name=search_term_string"}],"inLanguage":"de"},{"@type":"Person","@id":"https:\/\/vof-news.eu\/de\/#\/schema\/person\/f6a2a4309f0561835797fd8c19b333ed","name":"Author","image":{"@type":"ImageObject","inLanguage":"de","@id":"https:\/\/vof-news.eu\/de\/#\/schema\/person\/image\/","url":"https:\/\/secure.gravatar.com\/avatar\/b67e614b1b25b3e9c0c239efdd2fde5ab015b5affd6f1c3c85911ca4b384e790?s=96&d=mm&r=g","contentUrl":"https:\/\/secure.gravatar.com\/avatar\/b67e614b1b25b3e9c0c239efdd2fde5ab015b5affd6f1c3c85911ca4b384e790?s=96&d=mm&r=g","caption":"Author"},"sameAs":["http:\/\/vof-news.eu"],"url":"https:\/\/vof-news.eu\/de\/author\/zwt6qxnjulxbnyg\/"}]}},"yoast_meta":{"yoast_wpseo_title":"","yoast_wpseo_metadesc":"","yoast_wpseo_canonical":""},"_links":{"self":[{"href":"https:\/\/vof-news.eu\/de\/wp-json\/wp\/v2\/posts\/251256","targetHints":{"allow":["GET"]}}],"collection":[{"href":"https:\/\/vof-news.eu\/de\/wp-json\/wp\/v2\/posts"}],"about":[{"href":"https:\/\/vof-news.eu\/de\/wp-json\/wp\/v2\/types\/post"}],"author":[{"embeddable":true,"href":"https:\/\/vof-news.eu\/de\/wp-json\/wp\/v2\/users\/1"}],"replies":[{"embeddable":true,"href":"https:\/\/vof-news.eu\/de\/wp-json\/wp\/v2\/comments?post=251256"}],"version-history":[{"count":1,"href":"https:\/\/vof-news.eu\/de\/wp-json\/wp\/v2\/posts\/251256\/revisions"}],"predecessor-version":[{"id":251272,"href":"https:\/\/vof-news.eu\/de\/wp-json\/wp\/v2\/posts\/251256\/revisions\/251272"}],"wp:featuredmedia":[{"embeddable":true,"href":"https:\/\/vof-news.eu\/de\/wp-json\/wp\/v2\/media\/251257"}],"wp:attachment":[{"href":"https:\/\/vof-news.eu\/de\/wp-json\/wp\/v2\/media?parent=251256"}],"wp:term":[{"taxonomy":"category","embeddable":true,"href":"https:\/\/vof-news.eu\/de\/wp-json\/wp\/v2\/categories?post=251256"},{"taxonomy":"post_tag","embeddable":true,"href":"https:\/\/vof-news.eu\/de\/wp-json\/wp\/v2\/tags?post=251256"}],"curies":[{"name":"wp","href":"https:\/\/api.w.org\/{rel}","templated":true}]}}