{"id":246487,"date":"2025-07-03T21:29:11","date_gmt":"2025-07-03T18:29:11","guid":{"rendered":"https:\/\/vof-news.eu\/rbb-und-gelbhaar-einigen-sich-auf-ausergerichtlichen-vergleich\/"},"modified":"2025-07-03T21:29:56","modified_gmt":"2025-07-03T18:29:56","slug":"rbb-und-gelbhaar-einigen-sich-auf-ausergerichtlichen-vergleich","status":"publish","type":"post","link":"https:\/\/vof-news.eu\/de\/rbb-und-gelbhaar-einigen-sich-auf-ausergerichtlichen-vergleich\/","title":{"rendered":"RBB und Gelbhaar einigen sich auf au\u00dfergerichtlichen Vergleich"},"content":{"rendered":"<div>\n<p>Nach der fehlerhaften Berichterstattung des RBB \u00fcber <span><a href=\"https:\/\/www.zeit.de\/thema\/stefan-gelbhaar\" rel=\"nofollow\">Stefan Gelbhaar<\/a><\/span> haben sich der Sender und der Gr\u00fcnenpolitiker au\u00dfergerichtlich<br \/>\ngeeinigt. Au\u00dferdem bezahlt der RBB Gelbhaar eine Entsch\u00e4digung, wie der Sender mitteilte. \u00dcber den konkreten Inhalt des<br \/>\nVergleichs sei jedoch Stillschweigen vereinbart worden. &#8222;Beide Parteien<br \/>\nbezeichnen die nun abgeschlossenen Verhandlungen als respektvoll und im<br \/>\nErgebnis als auch f\u00fcr beide gelungen&#8220;, teilte der RBB<br \/>\nweiter mit.\n<\/p>\n<p>&#8222;Der RBB hat sich<br \/>\neinsichtig gezeigt und ist in unserer Verhandlung dann auch sehr vern\u00fcnftig und<br \/>\nstrukturiert mit dem Konflikt umgegangen&#8220;, zitierte der <span><a href=\"https:\/\/www.zeit.de\/thema\/rbb\" rel=\"nofollow\">RBB<\/a><\/span> Gelbhaar. Der Sender zeigte sich den Angaben<br \/>\nzufolge &#8222;ebenfalls positiv dar\u00fcber, dass man den Konflikt mit Stefan<br \/>\nGelbhaar nun abschlie\u00dfen konnte&#8220;.\n<\/p>\n<h2>Gelbhaar forderte 1,7 Millionen Euro<\/h2>\n<p>In einem Schreiben an den Sender vom Februar hatte Gelbhaar <a href=\"https:\/\/www.zeit.de\/politik\/deutschland\/2025-02\/stefan-gelbhaar-schadensersatzforderung-rbb\" rel=\"nofollow\">insgesamt 1,7<br \/>\n Millionen Euro Schadensersatz gefordert<\/a> \u2013 500.000 Euro als Wiedergutmachung sowie Zahlungen f\u00fcr entgangene Di\u00e4ten als<br \/>\nBundestagsabgeordneter.\n<\/p>\n<p>Ende 2024 hatte der RBB \u00fcber Bel\u00e4stigungsvorw\u00fcrfe gegen Gelbhaar berichtet, die der<br \/>\nPolitiker zur\u00fcckwies. Der Sender\u00a0bezog sich dabei auf die Vorw\u00fcrfe von mehreren Frauen,\u00a0r\u00e4umte<br \/>\n sp\u00e4ter jedoch &#8222;schwerwiegende<br \/>\nFehler&#8220; bei der <span><a href=\"https:\/\/www.zeit.de\/thema\/berichterstattung\" rel=\"nofollow\">Berichterstattung<\/a><\/span> ein und zog einen Gro\u00dfteil davon<br \/>\nzur\u00fcck, da\u00a0die zentralen Vorw\u00fcrfe gegen ihn offenbar erfunden waren.\u00a0Eine der angeblich Betroffenen soll unter falschem Namen eine gef\u00e4lschte<br \/>\neidesstattliche Erkl\u00e4rung abgegeben haben.\n<\/p>\n<h2>Untersuchung belegt journalistische Fehler<\/h2>\n<p>Gelbhaar wehrte sich juristisch dagegen. Daraufhin erlie\u00df das Landgericht Hamburg eine einstweilige Verf\u00fcgung, wonach der RBB mehrere Behauptungen nicht mehr<br \/>\nverbreiten darf. Zudem legten Chefredakteur<br \/>\nDavid Biesinger und Programmdirektorin Katrin G\u00fcnther ihre \u00c4mter nieder. Eine<br \/>\nunabh\u00e4ngige Untersuchungskommission <a href=\"https:\/\/www.zeit.de\/kultur\/2025-04\/stefan-gelbhaar-gruene-rbb-untersuchungskommission\" rel=\"nofollow\">bescheinigte dem Sender au\u00dferdem schwere journalistische<br \/>\nFehler<\/a>.\n<\/p>\n<p>Mehrere Frauen halten ihre Vorw\u00fcrfe Gelbhaar gegen\u00fcber indes weiter<br \/>\naufrecht \u2013 auch diese hat er stets bestritten. Eine interne Untersuchung<br \/>\n der Gr\u00fcnen war eingestellt worden, da sich die Vorw\u00fcrfe der Kommission<br \/>\nzufolge nicht eindeutig kl\u00e4ren lassen.\n<\/p>\n<\/div>\n","protected":false},"excerpt":{"rendered":"<p>Nach der fehlerhaften Berichterstattung des RBB \u00fcber Stefan Gelbhaar haben sich der Sender und der Gr\u00fcnenpolitiker au\u00dfergerichtlich geeinigt. Au\u00dferdem bezahlt der RBB Gelbhaar eine Entsch\u00e4digung, wie der Sender mitteilte. \u00dcber den konkreten Inhalt des Vergleichs sei jedoch Stillschweigen vereinbart worden. &#8222;Beide Parteien bezeichnen die nun abgeschlossenen Verhandlungen als respektvoll und im Ergebnis als auch f\u00fcr<\/p>\n","protected":false},"author":1,"featured_media":246488,"comment_status":"open","ping_status":"open","sticky":false,"template":"","format":"standard","meta":{"footnotes":""},"categories":[64],"tags":[],"class_list":["post-246487","post","type-post","status-publish","format-standard","has-post-thumbnail","hentry","category-culture-de"],"acf":[],"yoast_head":"<!-- This site is optimized with the Yoast SEO plugin v22.9 - https:\/\/yoast.com\/wordpress\/plugins\/seo\/ -->\n<title>RBB und Gelbhaar einigen sich auf au\u00dfergerichtlichen Vergleich - vof-news.eu<\/title>\n<meta name=\"description\" content=\"Nach der fehlerhaften Berichterstattung des RBB \u00fcber Stefan Gelbhaar haben sich der Sender und der Gr\u00fcnenpolitiker au\u00dfergerichtlich\" \/>\n<meta name=\"robots\" content=\"noindex, follow, max-snippet:-1, max-image-preview:large, max-video-preview:-1\" \/>\n<meta property=\"og:locale\" content=\"de_DE\" \/>\n<meta property=\"og:type\" content=\"article\" \/>\n<meta property=\"og:title\" content=\"RBB und Gelbhaar einigen sich auf au\u00dfergerichtlichen Vergleich - vof-news.eu\" \/>\n<meta property=\"og:description\" content=\"Nach der fehlerhaften Berichterstattung des RBB \u00fcber Stefan Gelbhaar haben sich der Sender und der Gr\u00fcnenpolitiker au\u00dfergerichtlich\" \/>\n<meta property=\"og:url\" content=\"https:\/\/vof-news.eu\/de\/rbb-und-gelbhaar-einigen-sich-auf-ausergerichtlichen-vergleich\/\" \/>\n<meta property=\"og:site_name\" content=\"vof-news.eu\" \/>\n<meta property=\"article:published_time\" content=\"2025-07-03T18:29:11+00:00\" \/>\n<meta property=\"article:modified_time\" content=\"2025-07-03T18:29:56+00:00\" \/>\n<meta property=\"og:image\" content=\"https:\/\/vof-news.eu\/wp-content\/uploads\/2025\/07\/wide__1000x562-8.jpg\" \/>\n\t<meta property=\"og:image:width\" content=\"1000\" \/>\n\t<meta property=\"og:image:height\" content=\"562\" \/>\n\t<meta property=\"og:image:type\" content=\"image\/jpeg\" \/>\n<meta name=\"author\" content=\"Author\" \/>\n<meta name=\"twitter:card\" content=\"summary_large_image\" \/>\n<meta name=\"twitter:label1\" content=\"Verfasst von\" \/>\n\t<meta name=\"twitter:data1\" content=\"Author\" \/>\n\t<meta name=\"twitter:label2\" content=\"Gesch\u00e4tzte Lesezeit\" \/>\n\t<meta name=\"twitter:data2\" content=\"2\u00a0Minuten\" \/>\n<script type=\"application\/ld+json\" class=\"yoast-schema-graph\">{\"@context\":\"https:\/\/schema.org\",\"@graph\":[{\"@type\":\"WebPage\",\"@id\":\"https:\/\/vof-news.eu\/de\/rbb-und-gelbhaar-einigen-sich-auf-ausergerichtlichen-vergleich\/\",\"url\":\"https:\/\/vof-news.eu\/de\/rbb-und-gelbhaar-einigen-sich-auf-ausergerichtlichen-vergleich\/\",\"name\":\"RBB und Gelbhaar einigen sich auf au\u00dfergerichtlichen Vergleich - vof-news.eu\",\"isPartOf\":{\"@id\":\"https:\/\/vof-news.eu\/de\/#website\"},\"primaryImageOfPage\":{\"@id\":\"https:\/\/vof-news.eu\/de\/rbb-und-gelbhaar-einigen-sich-auf-ausergerichtlichen-vergleich\/#primaryimage\"},\"image\":{\"@id\":\"https:\/\/vof-news.eu\/de\/rbb-und-gelbhaar-einigen-sich-auf-ausergerichtlichen-vergleich\/#primaryimage\"},\"thumbnailUrl\":\"https:\/\/vof-news.eu\/wp-content\/uploads\/2025\/07\/wide__1000x562-8.jpg\",\"datePublished\":\"2025-07-03T18:29:11+00:00\",\"dateModified\":\"2025-07-03T18:29:56+00:00\",\"author\":{\"@id\":\"https:\/\/vof-news.eu\/de\/#\/schema\/person\/f6a2a4309f0561835797fd8c19b333ed\"},\"description\":\"Nach der fehlerhaften Berichterstattung des RBB \u00fcber Stefan Gelbhaar haben sich der Sender und der Gr\u00fcnenpolitiker au\u00dfergerichtlich\",\"breadcrumb\":{\"@id\":\"https:\/\/vof-news.eu\/de\/rbb-und-gelbhaar-einigen-sich-auf-ausergerichtlichen-vergleich\/#breadcrumb\"},\"inLanguage\":\"de\",\"potentialAction\":[{\"@type\":\"ReadAction\",\"target\":[\"https:\/\/vof-news.eu\/de\/rbb-und-gelbhaar-einigen-sich-auf-ausergerichtlichen-vergleich\/\"]}]},{\"@type\":\"ImageObject\",\"inLanguage\":\"de\",\"@id\":\"https:\/\/vof-news.eu\/de\/rbb-und-gelbhaar-einigen-sich-auf-ausergerichtlichen-vergleich\/#primaryimage\",\"url\":\"https:\/\/vof-news.eu\/wp-content\/uploads\/2025\/07\/wide__1000x562-8.jpg\",\"contentUrl\":\"https:\/\/vof-news.eu\/wp-content\/uploads\/2025\/07\/wide__1000x562-8.jpg\",\"width\":1000,\"height\":562},{\"@type\":\"BreadcrumbList\",\"@id\":\"https:\/\/vof-news.eu\/de\/rbb-und-gelbhaar-einigen-sich-auf-ausergerichtlichen-vergleich\/#breadcrumb\",\"itemListElement\":[{\"@type\":\"ListItem\",\"position\":1,\"name\":\"Home\",\"item\":\"https:\/\/vof-news.eu\/de\/\"},{\"@type\":\"ListItem\",\"position\":2,\"name\":\"RBB und Gelbhaar einigen sich auf au\u00dfergerichtlichen Vergleich\"}]},{\"@type\":\"WebSite\",\"@id\":\"https:\/\/vof-news.eu\/de\/#website\",\"url\":\"https:\/\/vof-news.eu\/de\/\",\"name\":\"vof-news.eu\",\"description\":\"\",\"potentialAction\":[{\"@type\":\"SearchAction\",\"target\":{\"@type\":\"EntryPoint\",\"urlTemplate\":\"https:\/\/vof-news.eu\/de\/?s={search_term_string}\"},\"query-input\":\"required name=search_term_string\"}],\"inLanguage\":\"de\"},{\"@type\":\"Person\",\"@id\":\"https:\/\/vof-news.eu\/de\/#\/schema\/person\/f6a2a4309f0561835797fd8c19b333ed\",\"name\":\"Author\",\"image\":{\"@type\":\"ImageObject\",\"inLanguage\":\"de\",\"@id\":\"https:\/\/vof-news.eu\/de\/#\/schema\/person\/image\/\",\"url\":\"https:\/\/secure.gravatar.com\/avatar\/b67e614b1b25b3e9c0c239efdd2fde5ab015b5affd6f1c3c85911ca4b384e790?s=96&d=mm&r=g\",\"contentUrl\":\"https:\/\/secure.gravatar.com\/avatar\/b67e614b1b25b3e9c0c239efdd2fde5ab015b5affd6f1c3c85911ca4b384e790?s=96&d=mm&r=g\",\"caption\":\"Author\"},\"sameAs\":[\"http:\/\/vof-news.eu\"],\"url\":\"https:\/\/vof-news.eu\/de\/author\/zwt6qxnjulxbnyg\/\"}]}<\/script>\n<!-- \/ Yoast SEO plugin. -->","yoast_head_json":{"title":"RBB und Gelbhaar einigen sich auf au\u00dfergerichtlichen Vergleich - vof-news.eu","description":"Nach der fehlerhaften Berichterstattung des RBB \u00fcber Stefan Gelbhaar haben sich der Sender und der Gr\u00fcnenpolitiker au\u00dfergerichtlich","robots":{"index":"noindex","follow":"follow","max-snippet":"max-snippet:-1","max-image-preview":"max-image-preview:large","max-video-preview":"max-video-preview:-1"},"og_locale":"de_DE","og_type":"article","og_title":"RBB und Gelbhaar einigen sich auf au\u00dfergerichtlichen Vergleich - vof-news.eu","og_description":"Nach der fehlerhaften Berichterstattung des RBB \u00fcber Stefan Gelbhaar haben sich der Sender und der Gr\u00fcnenpolitiker au\u00dfergerichtlich","og_url":"https:\/\/vof-news.eu\/de\/rbb-und-gelbhaar-einigen-sich-auf-ausergerichtlichen-vergleich\/","og_site_name":"vof-news.eu","article_published_time":"2025-07-03T18:29:11+00:00","article_modified_time":"2025-07-03T18:29:56+00:00","og_image":[{"width":1000,"height":562,"url":"https:\/\/vof-news.eu\/wp-content\/uploads\/2025\/07\/wide__1000x562-8.jpg","type":"image\/jpeg"}],"author":"Author","twitter_card":"summary_large_image","twitter_misc":{"Verfasst von":"Author","Gesch\u00e4tzte Lesezeit":"2\u00a0Minuten"},"schema":{"@context":"https:\/\/schema.org","@graph":[{"@type":"WebPage","@id":"https:\/\/vof-news.eu\/de\/rbb-und-gelbhaar-einigen-sich-auf-ausergerichtlichen-vergleich\/","url":"https:\/\/vof-news.eu\/de\/rbb-und-gelbhaar-einigen-sich-auf-ausergerichtlichen-vergleich\/","name":"RBB und Gelbhaar einigen sich auf au\u00dfergerichtlichen Vergleich - vof-news.eu","isPartOf":{"@id":"https:\/\/vof-news.eu\/de\/#website"},"primaryImageOfPage":{"@id":"https:\/\/vof-news.eu\/de\/rbb-und-gelbhaar-einigen-sich-auf-ausergerichtlichen-vergleich\/#primaryimage"},"image":{"@id":"https:\/\/vof-news.eu\/de\/rbb-und-gelbhaar-einigen-sich-auf-ausergerichtlichen-vergleich\/#primaryimage"},"thumbnailUrl":"https:\/\/vof-news.eu\/wp-content\/uploads\/2025\/07\/wide__1000x562-8.jpg","datePublished":"2025-07-03T18:29:11+00:00","dateModified":"2025-07-03T18:29:56+00:00","author":{"@id":"https:\/\/vof-news.eu\/de\/#\/schema\/person\/f6a2a4309f0561835797fd8c19b333ed"},"description":"Nach der fehlerhaften Berichterstattung des RBB \u00fcber Stefan Gelbhaar haben sich der Sender und der Gr\u00fcnenpolitiker au\u00dfergerichtlich","breadcrumb":{"@id":"https:\/\/vof-news.eu\/de\/rbb-und-gelbhaar-einigen-sich-auf-ausergerichtlichen-vergleich\/#breadcrumb"},"inLanguage":"de","potentialAction":[{"@type":"ReadAction","target":["https:\/\/vof-news.eu\/de\/rbb-und-gelbhaar-einigen-sich-auf-ausergerichtlichen-vergleich\/"]}]},{"@type":"ImageObject","inLanguage":"de","@id":"https:\/\/vof-news.eu\/de\/rbb-und-gelbhaar-einigen-sich-auf-ausergerichtlichen-vergleich\/#primaryimage","url":"https:\/\/vof-news.eu\/wp-content\/uploads\/2025\/07\/wide__1000x562-8.jpg","contentUrl":"https:\/\/vof-news.eu\/wp-content\/uploads\/2025\/07\/wide__1000x562-8.jpg","width":1000,"height":562},{"@type":"BreadcrumbList","@id":"https:\/\/vof-news.eu\/de\/rbb-und-gelbhaar-einigen-sich-auf-ausergerichtlichen-vergleich\/#breadcrumb","itemListElement":[{"@type":"ListItem","position":1,"name":"Home","item":"https:\/\/vof-news.eu\/de\/"},{"@type":"ListItem","position":2,"name":"RBB und Gelbhaar einigen sich auf au\u00dfergerichtlichen Vergleich"}]},{"@type":"WebSite","@id":"https:\/\/vof-news.eu\/de\/#website","url":"https:\/\/vof-news.eu\/de\/","name":"vof-news.eu","description":"","potentialAction":[{"@type":"SearchAction","target":{"@type":"EntryPoint","urlTemplate":"https:\/\/vof-news.eu\/de\/?s={search_term_string}"},"query-input":"required name=search_term_string"}],"inLanguage":"de"},{"@type":"Person","@id":"https:\/\/vof-news.eu\/de\/#\/schema\/person\/f6a2a4309f0561835797fd8c19b333ed","name":"Author","image":{"@type":"ImageObject","inLanguage":"de","@id":"https:\/\/vof-news.eu\/de\/#\/schema\/person\/image\/","url":"https:\/\/secure.gravatar.com\/avatar\/b67e614b1b25b3e9c0c239efdd2fde5ab015b5affd6f1c3c85911ca4b384e790?s=96&d=mm&r=g","contentUrl":"https:\/\/secure.gravatar.com\/avatar\/b67e614b1b25b3e9c0c239efdd2fde5ab015b5affd6f1c3c85911ca4b384e790?s=96&d=mm&r=g","caption":"Author"},"sameAs":["http:\/\/vof-news.eu"],"url":"https:\/\/vof-news.eu\/de\/author\/zwt6qxnjulxbnyg\/"}]}},"yoast_meta":{"yoast_wpseo_title":"","yoast_wpseo_metadesc":"","yoast_wpseo_canonical":""},"_links":{"self":[{"href":"https:\/\/vof-news.eu\/de\/wp-json\/wp\/v2\/posts\/246487","targetHints":{"allow":["GET"]}}],"collection":[{"href":"https:\/\/vof-news.eu\/de\/wp-json\/wp\/v2\/posts"}],"about":[{"href":"https:\/\/vof-news.eu\/de\/wp-json\/wp\/v2\/types\/post"}],"author":[{"embeddable":true,"href":"https:\/\/vof-news.eu\/de\/wp-json\/wp\/v2\/users\/1"}],"replies":[{"embeddable":true,"href":"https:\/\/vof-news.eu\/de\/wp-json\/wp\/v2\/comments?post=246487"}],"version-history":[{"count":1,"href":"https:\/\/vof-news.eu\/de\/wp-json\/wp\/v2\/posts\/246487\/revisions"}],"predecessor-version":[{"id":246495,"href":"https:\/\/vof-news.eu\/de\/wp-json\/wp\/v2\/posts\/246487\/revisions\/246495"}],"wp:featuredmedia":[{"embeddable":true,"href":"https:\/\/vof-news.eu\/de\/wp-json\/wp\/v2\/media\/246488"}],"wp:attachment":[{"href":"https:\/\/vof-news.eu\/de\/wp-json\/wp\/v2\/media?parent=246487"}],"wp:term":[{"taxonomy":"category","embeddable":true,"href":"https:\/\/vof-news.eu\/de\/wp-json\/wp\/v2\/categories?post=246487"},{"taxonomy":"post_tag","embeddable":true,"href":"https:\/\/vof-news.eu\/de\/wp-json\/wp\/v2\/tags?post=246487"}],"curies":[{"name":"wp","href":"https:\/\/api.w.org\/{rel}","templated":true}]}}