{"id":246272,"date":"2025-07-03T15:28:06","date_gmt":"2025-07-03T12:28:06","guid":{"rendered":"https:\/\/vof-news.eu\/vizechef-der-russischen-flotte-bei-raketenangriff-getotet\/"},"modified":"2025-07-03T15:28:56","modified_gmt":"2025-07-03T12:28:56","slug":"vizechef-der-russischen-flotte-bei-raketenangriff-getotet","status":"publish","type":"post","link":"https:\/\/vof-news.eu\/de\/vizechef-der-russischen-flotte-bei-raketenangriff-getotet\/","title":{"rendered":"Vizechef der russischen Flotte bei Raketenangriff get\u00f6tet"},"content":{"rendered":"<div>\n<p>Der stellvertretende Kommandeur der russischen Marine ist nach offiziellen Angaben in der <a href=\"https:\/\/www.zeit.de\/thema\/kursk\" rel=\"nofollow\">Grenzregion Kursk<\/a> bei einem ukrainischen Raketenangriff get\u00f6tet worden. Generalmajor Michail Gudkow sei bei der Erf\u00fcllung seiner Pflicht gefallen, teilte der<br \/>\nGouverneur der am Pazifik gelegenen Region Primorje, Oleg Koschemjako,<br \/>\nmit.\n<\/p>\n<p>Auch das russische Verteidigungsministerium best\u00e4tigte den Tod des Generalmajors. Er sei bei<br \/>\nKampfeins\u00e4tzen in einem der Grenzgebiete der Region <span><a href=\"https:\/\/www.zeit.de\/thema\/kursk\" rel=\"nofollow\">Kursk<\/a><\/span> gestorben,<br \/>\nteilte das Ministerium demnach mit.\n<\/p>\n<p>Zuvor<br \/>\n hatten mehrere inoffizielle russische und ukrainische Telegram-Kan\u00e4le<br \/>\nberichtet, Gudkow sei gemeinsam mit zehn weiteren Soldaten und Offizieren bei einem Angriff auf einen Kommandoposten im Ort Korenewo get\u00f6tet worden. Die Stadt liegt in unmittelbarer N\u00e4he zur ukrainischen Grenze.\n<\/p>\n<h2>Mehrere russische Gener\u00e4le im Krieg get\u00f6tet<\/h2>\n<p>Gudkow war erst im M\u00e4rz von Pr\u00e4sident Wladimir Putin zum stellvertretenden Oberbefehlshaber der russischen Marine ernannt worden. Zu seinem Verantwortungsbereich geh\u00f6rte die Koordination der Marineinfanterie sowie der Raketen- und Artillerieeinheiten der K\u00fcstenverteidigung.\n<\/p>\n<p>Zuvor hatte Gudkow die 155. Marineinfanterie-Brigade gef\u00fchrt.\u00a0Die Brigade war kurz nach Beginn des russischen Angriffskriegs in<br \/>\ndie <span><a href=\"https:\/\/www.zeit.de\/politik\/ausland\/ukraine-krieg-russland-newsblog-live\" rel=\"nofollow\">Ukraine<\/a><\/span> abkommandiert worden. Besonders schwere Verluste erlitten sie<a href=\"https:\/\/www.zeit.de\/politik\/ausland\/2023-02\/russland-armee-ukraine-krieg-ressourcen\" rel=\"nofollow\"> bei der Schlacht um die ostukrainische Stadt<br \/>\nWuhledar.<\/a>\u00a0Die Ukraine wirft der Brigade unter anderem die T\u00f6tung ukrainischer Kriegsgefangener und weitere Kriegsverbrechen vor.\n<\/p>\n<p>Gudkow ist nicht der erste russische General, den die Ukraine im Krieg t\u00f6ten konnte. Best\u00e4tigt wurde \u2013 einschlie\u00dflich Gudkow \u2013 bislang der Tod von zw\u00f6lf Offizieren im<br \/>\nGeneralsrang.\n<\/p>\n<h2>Tote und Verletzte durch russische Raketenangriffe<\/h2>\n<p>Nach einem\u00a0<a href=\"https:\/\/www.zeit.de\/politik\/ausland\/karte-ukraine-krieg-russland-frontverlauf-truppenbewegungen\" rel=\"nofollow\">russischen Angriff<\/a> auf den Hafen von Odessa meldete die Ukraine zwei Tote und sechs Verletzte. Unter den Verletzten sind auch zwei syrische Staatsangeh\u00f6rige, die Besatzungsmitglieder eines zivilen Schiffes waren. Zudem wurden Infrastruktureinrichtungen wie Portalkr\u00e4ne, Maschinen und Lagerh\u00e4user besch\u00e4digt.\n<\/p>\n<p>Zudem griff\u00a0<a href=\"https:\/\/www.zeit.de\/thema\/russland\" rel=\"nofollow\">Russland\u00a0<\/a>ein Rekrutierungszentrum in der ukrainischen Region Poltawa an. Nach Angaben der ukrainischen Beh\u00f6rden wurden mindestens zwei Menschen get\u00f6tet und 28 Personen verletzt, darunter auch Milit\u00e4rangeh\u00f6rige.\u00a0\n<\/p>\n<p>\n<\/p>\n<p>\n<\/p>\n<p>\n<\/p>\n<\/div>\n","protected":false},"excerpt":{"rendered":"<p>Der stellvertretende Kommandeur der russischen Marine ist nach offiziellen Angaben in der Grenzregion Kursk bei einem ukrainischen Raketenangriff get\u00f6tet worden. Generalmajor Michail Gudkow sei bei der Erf\u00fcllung seiner Pflicht gefallen, teilte der Gouverneur der am Pazifik gelegenen Region Primorje, Oleg Koschemjako, mit. Auch das russische Verteidigungsministerium best\u00e4tigte den Tod des Generalmajors. Er sei bei Kampfeins\u00e4tzen<\/p>\n","protected":false},"author":1,"featured_media":246273,"comment_status":"open","ping_status":"open","sticky":false,"template":"","format":"standard","meta":{"footnotes":""},"categories":[116],"tags":[],"class_list":["post-246272","post","type-post","status-publish","format-standard","has-post-thumbnail","hentry","category-war-chronicles-de"],"acf":[],"yoast_head":"<!-- This site is optimized with the Yoast SEO plugin v22.9 - https:\/\/yoast.com\/wordpress\/plugins\/seo\/ -->\n<title>Vizechef der russischen Flotte bei Raketenangriff get\u00f6tet - vof-news.eu<\/title>\n<meta name=\"description\" content=\"Der stellvertretende Kommandeur der russischen Marine ist nach offiziellen Angaben in der Grenzregion Kursk bei einem ukrainischen Raketenangriff get\u00f6tet worden. Generalmajor Michail Gudkow sei bei der Erf\u00fcllung seiner Pflicht gefallen, teilte der\" \/>\n<meta name=\"robots\" content=\"noindex, follow, max-snippet:-1, max-image-preview:large, max-video-preview:-1\" \/>\n<meta property=\"og:locale\" content=\"de_DE\" \/>\n<meta property=\"og:type\" content=\"article\" \/>\n<meta property=\"og:title\" content=\"Vizechef der russischen Flotte bei Raketenangriff get\u00f6tet - vof-news.eu\" \/>\n<meta property=\"og:description\" content=\"Der stellvertretende Kommandeur der russischen Marine ist nach offiziellen Angaben in der Grenzregion Kursk bei einem ukrainischen Raketenangriff get\u00f6tet worden. Generalmajor Michail Gudkow sei bei der Erf\u00fcllung seiner Pflicht gefallen, teilte der\" \/>\n<meta property=\"og:url\" content=\"https:\/\/vof-news.eu\/de\/vizechef-der-russischen-flotte-bei-raketenangriff-getotet\/\" \/>\n<meta property=\"og:site_name\" content=\"vof-news.eu\" \/>\n<meta property=\"article:published_time\" content=\"2025-07-03T12:28:06+00:00\" \/>\n<meta property=\"article:modified_time\" content=\"2025-07-03T12:28:56+00:00\" \/>\n<meta property=\"og:image\" content=\"https:\/\/vof-news.eu\/wp-content\/uploads\/2025\/07\/wide__1000x562-6.jpg\" \/>\n\t<meta property=\"og:image:width\" content=\"1000\" \/>\n\t<meta property=\"og:image:height\" content=\"562\" \/>\n\t<meta property=\"og:image:type\" content=\"image\/jpeg\" \/>\n<meta name=\"author\" content=\"Author\" \/>\n<meta name=\"twitter:card\" content=\"summary_large_image\" \/>\n<meta name=\"twitter:label1\" content=\"Verfasst von\" \/>\n\t<meta name=\"twitter:data1\" content=\"Author\" \/>\n\t<meta name=\"twitter:label2\" content=\"Gesch\u00e4tzte Lesezeit\" \/>\n\t<meta name=\"twitter:data2\" content=\"2\u00a0Minuten\" \/>\n<script type=\"application\/ld+json\" class=\"yoast-schema-graph\">{\"@context\":\"https:\/\/schema.org\",\"@graph\":[{\"@type\":\"WebPage\",\"@id\":\"https:\/\/vof-news.eu\/de\/vizechef-der-russischen-flotte-bei-raketenangriff-getotet\/\",\"url\":\"https:\/\/vof-news.eu\/de\/vizechef-der-russischen-flotte-bei-raketenangriff-getotet\/\",\"name\":\"Vizechef der russischen Flotte bei Raketenangriff get\u00f6tet - vof-news.eu\",\"isPartOf\":{\"@id\":\"https:\/\/vof-news.eu\/de\/#website\"},\"primaryImageOfPage\":{\"@id\":\"https:\/\/vof-news.eu\/de\/vizechef-der-russischen-flotte-bei-raketenangriff-getotet\/#primaryimage\"},\"image\":{\"@id\":\"https:\/\/vof-news.eu\/de\/vizechef-der-russischen-flotte-bei-raketenangriff-getotet\/#primaryimage\"},\"thumbnailUrl\":\"https:\/\/vof-news.eu\/wp-content\/uploads\/2025\/07\/wide__1000x562-6.jpg\",\"datePublished\":\"2025-07-03T12:28:06+00:00\",\"dateModified\":\"2025-07-03T12:28:56+00:00\",\"author\":{\"@id\":\"https:\/\/vof-news.eu\/de\/#\/schema\/person\/f6a2a4309f0561835797fd8c19b333ed\"},\"description\":\"Der stellvertretende Kommandeur der russischen Marine ist nach offiziellen Angaben in der Grenzregion Kursk bei einem ukrainischen Raketenangriff get\u00f6tet worden. Generalmajor Michail Gudkow sei bei der Erf\u00fcllung seiner Pflicht gefallen, teilte der\",\"breadcrumb\":{\"@id\":\"https:\/\/vof-news.eu\/de\/vizechef-der-russischen-flotte-bei-raketenangriff-getotet\/#breadcrumb\"},\"inLanguage\":\"de\",\"potentialAction\":[{\"@type\":\"ReadAction\",\"target\":[\"https:\/\/vof-news.eu\/de\/vizechef-der-russischen-flotte-bei-raketenangriff-getotet\/\"]}]},{\"@type\":\"ImageObject\",\"inLanguage\":\"de\",\"@id\":\"https:\/\/vof-news.eu\/de\/vizechef-der-russischen-flotte-bei-raketenangriff-getotet\/#primaryimage\",\"url\":\"https:\/\/vof-news.eu\/wp-content\/uploads\/2025\/07\/wide__1000x562-6.jpg\",\"contentUrl\":\"https:\/\/vof-news.eu\/wp-content\/uploads\/2025\/07\/wide__1000x562-6.jpg\",\"width\":1000,\"height\":562},{\"@type\":\"BreadcrumbList\",\"@id\":\"https:\/\/vof-news.eu\/de\/vizechef-der-russischen-flotte-bei-raketenangriff-getotet\/#breadcrumb\",\"itemListElement\":[{\"@type\":\"ListItem\",\"position\":1,\"name\":\"Home\",\"item\":\"https:\/\/vof-news.eu\/de\/\"},{\"@type\":\"ListItem\",\"position\":2,\"name\":\"Vizechef der russischen Flotte bei Raketenangriff get\u00f6tet\"}]},{\"@type\":\"WebSite\",\"@id\":\"https:\/\/vof-news.eu\/de\/#website\",\"url\":\"https:\/\/vof-news.eu\/de\/\",\"name\":\"vof-news.eu\",\"description\":\"\",\"potentialAction\":[{\"@type\":\"SearchAction\",\"target\":{\"@type\":\"EntryPoint\",\"urlTemplate\":\"https:\/\/vof-news.eu\/de\/?s={search_term_string}\"},\"query-input\":\"required name=search_term_string\"}],\"inLanguage\":\"de\"},{\"@type\":\"Person\",\"@id\":\"https:\/\/vof-news.eu\/de\/#\/schema\/person\/f6a2a4309f0561835797fd8c19b333ed\",\"name\":\"Author\",\"image\":{\"@type\":\"ImageObject\",\"inLanguage\":\"de\",\"@id\":\"https:\/\/vof-news.eu\/de\/#\/schema\/person\/image\/\",\"url\":\"https:\/\/secure.gravatar.com\/avatar\/b67e614b1b25b3e9c0c239efdd2fde5ab015b5affd6f1c3c85911ca4b384e790?s=96&d=mm&r=g\",\"contentUrl\":\"https:\/\/secure.gravatar.com\/avatar\/b67e614b1b25b3e9c0c239efdd2fde5ab015b5affd6f1c3c85911ca4b384e790?s=96&d=mm&r=g\",\"caption\":\"Author\"},\"sameAs\":[\"http:\/\/vof-news.eu\"],\"url\":\"https:\/\/vof-news.eu\/de\/author\/zwt6qxnjulxbnyg\/\"}]}<\/script>\n<!-- \/ Yoast SEO plugin. -->","yoast_head_json":{"title":"Vizechef der russischen Flotte bei Raketenangriff get\u00f6tet - vof-news.eu","description":"Der stellvertretende Kommandeur der russischen Marine ist nach offiziellen Angaben in der Grenzregion Kursk bei einem ukrainischen Raketenangriff get\u00f6tet worden. Generalmajor Michail Gudkow sei bei der Erf\u00fcllung seiner Pflicht gefallen, teilte der","robots":{"index":"noindex","follow":"follow","max-snippet":"max-snippet:-1","max-image-preview":"max-image-preview:large","max-video-preview":"max-video-preview:-1"},"og_locale":"de_DE","og_type":"article","og_title":"Vizechef der russischen Flotte bei Raketenangriff get\u00f6tet - vof-news.eu","og_description":"Der stellvertretende Kommandeur der russischen Marine ist nach offiziellen Angaben in der Grenzregion Kursk bei einem ukrainischen Raketenangriff get\u00f6tet worden. Generalmajor Michail Gudkow sei bei der Erf\u00fcllung seiner Pflicht gefallen, teilte der","og_url":"https:\/\/vof-news.eu\/de\/vizechef-der-russischen-flotte-bei-raketenangriff-getotet\/","og_site_name":"vof-news.eu","article_published_time":"2025-07-03T12:28:06+00:00","article_modified_time":"2025-07-03T12:28:56+00:00","og_image":[{"width":1000,"height":562,"url":"https:\/\/vof-news.eu\/wp-content\/uploads\/2025\/07\/wide__1000x562-6.jpg","type":"image\/jpeg"}],"author":"Author","twitter_card":"summary_large_image","twitter_misc":{"Verfasst von":"Author","Gesch\u00e4tzte Lesezeit":"2\u00a0Minuten"},"schema":{"@context":"https:\/\/schema.org","@graph":[{"@type":"WebPage","@id":"https:\/\/vof-news.eu\/de\/vizechef-der-russischen-flotte-bei-raketenangriff-getotet\/","url":"https:\/\/vof-news.eu\/de\/vizechef-der-russischen-flotte-bei-raketenangriff-getotet\/","name":"Vizechef der russischen Flotte bei Raketenangriff get\u00f6tet - vof-news.eu","isPartOf":{"@id":"https:\/\/vof-news.eu\/de\/#website"},"primaryImageOfPage":{"@id":"https:\/\/vof-news.eu\/de\/vizechef-der-russischen-flotte-bei-raketenangriff-getotet\/#primaryimage"},"image":{"@id":"https:\/\/vof-news.eu\/de\/vizechef-der-russischen-flotte-bei-raketenangriff-getotet\/#primaryimage"},"thumbnailUrl":"https:\/\/vof-news.eu\/wp-content\/uploads\/2025\/07\/wide__1000x562-6.jpg","datePublished":"2025-07-03T12:28:06+00:00","dateModified":"2025-07-03T12:28:56+00:00","author":{"@id":"https:\/\/vof-news.eu\/de\/#\/schema\/person\/f6a2a4309f0561835797fd8c19b333ed"},"description":"Der stellvertretende Kommandeur der russischen Marine ist nach offiziellen Angaben in der Grenzregion Kursk bei einem ukrainischen Raketenangriff get\u00f6tet worden. Generalmajor Michail Gudkow sei bei der Erf\u00fcllung seiner Pflicht gefallen, teilte der","breadcrumb":{"@id":"https:\/\/vof-news.eu\/de\/vizechef-der-russischen-flotte-bei-raketenangriff-getotet\/#breadcrumb"},"inLanguage":"de","potentialAction":[{"@type":"ReadAction","target":["https:\/\/vof-news.eu\/de\/vizechef-der-russischen-flotte-bei-raketenangriff-getotet\/"]}]},{"@type":"ImageObject","inLanguage":"de","@id":"https:\/\/vof-news.eu\/de\/vizechef-der-russischen-flotte-bei-raketenangriff-getotet\/#primaryimage","url":"https:\/\/vof-news.eu\/wp-content\/uploads\/2025\/07\/wide__1000x562-6.jpg","contentUrl":"https:\/\/vof-news.eu\/wp-content\/uploads\/2025\/07\/wide__1000x562-6.jpg","width":1000,"height":562},{"@type":"BreadcrumbList","@id":"https:\/\/vof-news.eu\/de\/vizechef-der-russischen-flotte-bei-raketenangriff-getotet\/#breadcrumb","itemListElement":[{"@type":"ListItem","position":1,"name":"Home","item":"https:\/\/vof-news.eu\/de\/"},{"@type":"ListItem","position":2,"name":"Vizechef der russischen Flotte bei Raketenangriff get\u00f6tet"}]},{"@type":"WebSite","@id":"https:\/\/vof-news.eu\/de\/#website","url":"https:\/\/vof-news.eu\/de\/","name":"vof-news.eu","description":"","potentialAction":[{"@type":"SearchAction","target":{"@type":"EntryPoint","urlTemplate":"https:\/\/vof-news.eu\/de\/?s={search_term_string}"},"query-input":"required name=search_term_string"}],"inLanguage":"de"},{"@type":"Person","@id":"https:\/\/vof-news.eu\/de\/#\/schema\/person\/f6a2a4309f0561835797fd8c19b333ed","name":"Author","image":{"@type":"ImageObject","inLanguage":"de","@id":"https:\/\/vof-news.eu\/de\/#\/schema\/person\/image\/","url":"https:\/\/secure.gravatar.com\/avatar\/b67e614b1b25b3e9c0c239efdd2fde5ab015b5affd6f1c3c85911ca4b384e790?s=96&d=mm&r=g","contentUrl":"https:\/\/secure.gravatar.com\/avatar\/b67e614b1b25b3e9c0c239efdd2fde5ab015b5affd6f1c3c85911ca4b384e790?s=96&d=mm&r=g","caption":"Author"},"sameAs":["http:\/\/vof-news.eu"],"url":"https:\/\/vof-news.eu\/de\/author\/zwt6qxnjulxbnyg\/"}]}},"yoast_meta":{"yoast_wpseo_title":"","yoast_wpseo_metadesc":"","yoast_wpseo_canonical":""},"_links":{"self":[{"href":"https:\/\/vof-news.eu\/de\/wp-json\/wp\/v2\/posts\/246272","targetHints":{"allow":["GET"]}}],"collection":[{"href":"https:\/\/vof-news.eu\/de\/wp-json\/wp\/v2\/posts"}],"about":[{"href":"https:\/\/vof-news.eu\/de\/wp-json\/wp\/v2\/types\/post"}],"author":[{"embeddable":true,"href":"https:\/\/vof-news.eu\/de\/wp-json\/wp\/v2\/users\/1"}],"replies":[{"embeddable":true,"href":"https:\/\/vof-news.eu\/de\/wp-json\/wp\/v2\/comments?post=246272"}],"version-history":[{"count":1,"href":"https:\/\/vof-news.eu\/de\/wp-json\/wp\/v2\/posts\/246272\/revisions"}],"predecessor-version":[{"id":246279,"href":"https:\/\/vof-news.eu\/de\/wp-json\/wp\/v2\/posts\/246272\/revisions\/246279"}],"wp:featuredmedia":[{"embeddable":true,"href":"https:\/\/vof-news.eu\/de\/wp-json\/wp\/v2\/media\/246273"}],"wp:attachment":[{"href":"https:\/\/vof-news.eu\/de\/wp-json\/wp\/v2\/media?parent=246272"}],"wp:term":[{"taxonomy":"category","embeddable":true,"href":"https:\/\/vof-news.eu\/de\/wp-json\/wp\/v2\/categories?post=246272"},{"taxonomy":"post_tag","embeddable":true,"href":"https:\/\/vof-news.eu\/de\/wp-json\/wp\/v2\/tags?post=246272"}],"curies":[{"name":"wp","href":"https:\/\/api.w.org\/{rel}","templated":true}]}}