{"id":244772,"date":"2025-07-01T17:26:06","date_gmt":"2025-07-01T14:26:06","guid":{"rendered":"https:\/\/vof-news.eu\/gericht-stellt-verfahren-im-dieselskandal-gegen-winterkorn-vorlaufig-ein\/"},"modified":"2025-07-01T17:26:29","modified_gmt":"2025-07-01T14:26:29","slug":"gericht-stellt-verfahren-im-dieselskandal-gegen-winterkorn-vorlaufig-ein","status":"publish","type":"post","link":"https:\/\/vof-news.eu\/de\/gericht-stellt-verfahren-im-dieselskandal-gegen-winterkorn-vorlaufig-ein\/","title":{"rendered":"Gericht stellt Verfahren im Dieselskandal gegen Winterkorn vorl\u00e4ufig ein"},"content":{"rendered":"<p>Das Landgericht Braunschweig hat das Strafverfahren zur VW-Dieselaff\u00e4re gegen Ex-Konzernchef Martin Winterkorn wegen seiner andauernden Erkrankung vorl\u00e4ufig eingestellt. Die 16. Strafkammer sieht in der Erkrankung und der daraus folgenden Verhandlungsunf\u00e4higkeit ein \u201evor\u00fcbergehendes Hindernis\u201c. Damit ist offen, ob das Verfahren gegen den fr\u00fcheren Topmanager \u00fcberhaupt beendet werden kann. <\/p>\n<p>Die Wirtschaftskammer werde weiterhin fortlaufend mit einem Sachverst\u00e4ndigen pr\u00fcfen, ob <a class=\"is-link c-block-items__link c-link--rich-text-renderer\" data-internal-tracking='{\"action\":\"click\",\"label\":\"link\",\"name\":\"Inline Element\",\"data\":{\"source\":\"\",\"target\":\"https:\/\/www.welt.de\/themen\/martin-winterkorn\/\",\"trackingName\":\"\",\"trackingLabel\":\"\"}}' data-internal-tracking-enabled=\"true\" href=\"https:\/\/www.welt.de\/themen\/martin-winterkorn\/\">Winterkorn<\/a> wieder verhandlungsf\u00e4hig sei, teilte das Landgericht mit. Sollte dieser Fall eintreten, werde das Verfahren gegen den mittlerweile 78-J\u00e4hrigen fortgesetzt. <\/p>\n<p>Der VW-Skandal flog im September 2015 auf, als die US-Umweltbeh\u00f6rde EPA \u00fcber Manipulationen bei Abgastests von Dieselautos informierte. Kurz zuvor hatte VW falsche Testergebnisse einger\u00e4umt. Wenige Tage sp\u00e4ter trat Winterkorn zur\u00fcck, und der Autobauer schlitterte in eine der gr\u00f6\u00dften Krisen der Unternehmensgeschichte.<\/p>\n<p>Dem fr\u00fcheren Chef werden im Zusammenhang mit dem Abgasskandal gewerbs- und bandenm\u00e4\u00dfiger Betrug, uneidliche Falschaussage sowie Marktmanipulation vorgeworfen. Winterkorn war von 2007 bis 2015 VW-Chef.<\/p>\n<p>2024 startete der Prozess gegen ihn. Dabei widersprach der Angeklagte den Vorw\u00fcrfen gegen sich und sah seine erfolgreiche Karriere durch die Dieselaff\u00e4re besch\u00e4digt. Ein Unfall Winterkorns unterbrach den Prozess nach nur wenigen Tagen.<\/p>\n","protected":false},"excerpt":{"rendered":"<p>Das Landgericht Braunschweig hat das Strafverfahren zur VW-Dieselaff\u00e4re gegen Ex-Konzernchef Martin Winterkorn wegen seiner andauernden Erkrankung vorl\u00e4ufig eingestellt. Die 16. Strafkammer sieht in der Erkrankung und der daraus folgenden Verhandlungsunf\u00e4higkeit ein \u201evor\u00fcbergehendes Hindernis\u201c. Damit ist offen, ob das Verfahren gegen den fr\u00fcheren Topmanager \u00fcberhaupt beendet werden kann. Die Wirtschaftskammer werde weiterhin fortlaufend mit einem Sachverst\u00e4ndigen<\/p>\n","protected":false},"author":1,"featured_media":244773,"comment_status":"open","ping_status":"open","sticky":false,"template":"","format":"standard","meta":{"footnotes":""},"categories":[59],"tags":[],"class_list":["post-244772","post","type-post","status-publish","format-standard","has-post-thumbnail","hentry","category-business-de"],"acf":[],"yoast_head":"<!-- This site is optimized with the Yoast SEO plugin v22.9 - https:\/\/yoast.com\/wordpress\/plugins\/seo\/ -->\n<title>Gericht stellt Verfahren im Dieselskandal gegen Winterkorn vorl\u00e4ufig ein - vof-news.eu<\/title>\n<meta name=\"description\" content=\"Das Landgericht Braunschweig hat das Strafverfahren zur VW-Dieselaff\u00e4re gegen Ex-Konzernchef Martin Winterkorn wegen seiner andauernden Erkrankung vorl\u00e4ufig eingestellt. Die 16. Strafkammer sieht in der Erkrankung und der daraus folgenden Verhandlungsunf\u00e4higkeit ein \u201evor\u00fcbergehendes Hindernis\u201c. Damit ist offen, ob das Verfahren gegen den fr\u00fcheren Topmanager \u00fcberhaupt beendet werden kann. Die Wirtschaftskammer werde weiterhin fortlaufend mit einem Sachverst\u00e4ndigen pr\u00fcfen, ob Winterkorn wieder verhandlungsf\u00e4hig sei, teilte das Landgericht mit. Sollte dieser Fall eintreten, werde das Verfahren gegen den mittlerweile 78-J\u00e4hrigen fortgesetzt. Der VW-Skandal flog im September 2015 auf, als die US-Umweltbeh\u00f6rde EPA \u00fcber Manipulationen bei Abgastests von Dieselautos informierte. Kurz zuvor hatte VW falsche Testergebnisse einger\u00e4umt. Wenige Tage sp\u00e4ter trat Winterkorn zur\u00fcck, und der Autobauer schlitterte in eine der gr\u00f6\u00dften Krisen der Unternehmensgeschichte.Dem fr\u00fcheren Chef werden im Zusammenhang mit dem Abgasskandal gewerbs- und bandenm\u00e4\u00dfiger Betrug, uneidliche Falschaussage sowie Marktmanipulation vorgeworfen. Winterkorn war von 2007 bis 2015 VW-Chef.2024 startete der Prozess gegen ihn. Dabei widersprach der Angeklagte den Vorw\u00fcrfen gegen sich und sah seine erfolgreiche Karriere durch die Dieselaff\u00e4re besch\u00e4digt. Ein Unfall Winterkorns unterbrach den Prozess nach nur wenigen Tagen.\" \/>\n<meta name=\"robots\" content=\"noindex, follow, max-snippet:-1, max-image-preview:large, max-video-preview:-1\" \/>\n<meta property=\"og:locale\" content=\"de_DE\" \/>\n<meta property=\"og:type\" content=\"article\" \/>\n<meta property=\"og:title\" content=\"Gericht stellt Verfahren im Dieselskandal gegen Winterkorn vorl\u00e4ufig ein - vof-news.eu\" \/>\n<meta property=\"og:description\" content=\"Das Landgericht Braunschweig hat das Strafverfahren zur VW-Dieselaff\u00e4re gegen Ex-Konzernchef Martin Winterkorn wegen seiner andauernden Erkrankung vorl\u00e4ufig eingestellt. Die 16. Strafkammer sieht in der Erkrankung und der daraus folgenden Verhandlungsunf\u00e4higkeit ein \u201evor\u00fcbergehendes Hindernis\u201c. Damit ist offen, ob das Verfahren gegen den fr\u00fcheren Topmanager \u00fcberhaupt beendet werden kann. Die Wirtschaftskammer werde weiterhin fortlaufend mit einem Sachverst\u00e4ndigen pr\u00fcfen, ob Winterkorn wieder verhandlungsf\u00e4hig sei, teilte das Landgericht mit. Sollte dieser Fall eintreten, werde das Verfahren gegen den mittlerweile 78-J\u00e4hrigen fortgesetzt. Der VW-Skandal flog im September 2015 auf, als die US-Umweltbeh\u00f6rde EPA \u00fcber Manipulationen bei Abgastests von Dieselautos informierte. Kurz zuvor hatte VW falsche Testergebnisse einger\u00e4umt. Wenige Tage sp\u00e4ter trat Winterkorn zur\u00fcck, und der Autobauer schlitterte in eine der gr\u00f6\u00dften Krisen der Unternehmensgeschichte.Dem fr\u00fcheren Chef werden im Zusammenhang mit dem Abgasskandal gewerbs- und bandenm\u00e4\u00dfiger Betrug, uneidliche Falschaussage sowie Marktmanipulation vorgeworfen. Winterkorn war von 2007 bis 2015 VW-Chef.2024 startete der Prozess gegen ihn. Dabei widersprach der Angeklagte den Vorw\u00fcrfen gegen sich und sah seine erfolgreiche Karriere durch die Dieselaff\u00e4re besch\u00e4digt. Ein Unfall Winterkorns unterbrach den Prozess nach nur wenigen Tagen.\" \/>\n<meta property=\"og:url\" content=\"https:\/\/vof-news.eu\/de\/gericht-stellt-verfahren-im-dieselskandal-gegen-winterkorn-vorlaufig-ein\/\" \/>\n<meta property=\"og:site_name\" content=\"vof-news.eu\" \/>\n<meta property=\"article:published_time\" content=\"2025-07-01T14:26:06+00:00\" \/>\n<meta property=\"article:modified_time\" content=\"2025-07-01T14:26:29+00:00\" \/>\n<meta property=\"og:image\" content=\"https:\/\/vof-news.eu\/wp-content\/uploads\/2025\/07\/ex-volkswagenchef-winterkorn.webp\" \/>\n\t<meta property=\"og:image:width\" content=\"1200\" \/>\n\t<meta property=\"og:image:height\" content=\"574\" \/>\n\t<meta property=\"og:image:type\" content=\"image\/webp\" \/>\n<meta name=\"author\" content=\"Author\" \/>\n<meta name=\"twitter:card\" content=\"summary_large_image\" \/>\n<meta name=\"twitter:label1\" content=\"Verfasst von\" \/>\n\t<meta name=\"twitter:data1\" content=\"Author\" \/>\n\t<meta name=\"twitter:label2\" content=\"Gesch\u00e4tzte Lesezeit\" \/>\n\t<meta name=\"twitter:data2\" content=\"1\u00a0Minute\" \/>\n<script type=\"application\/ld+json\" class=\"yoast-schema-graph\">{\"@context\":\"https:\/\/schema.org\",\"@graph\":[{\"@type\":\"WebPage\",\"@id\":\"https:\/\/vof-news.eu\/de\/gericht-stellt-verfahren-im-dieselskandal-gegen-winterkorn-vorlaufig-ein\/\",\"url\":\"https:\/\/vof-news.eu\/de\/gericht-stellt-verfahren-im-dieselskandal-gegen-winterkorn-vorlaufig-ein\/\",\"name\":\"Gericht stellt Verfahren im Dieselskandal gegen Winterkorn vorl\u00e4ufig ein - vof-news.eu\",\"isPartOf\":{\"@id\":\"https:\/\/vof-news.eu\/de\/#website\"},\"primaryImageOfPage\":{\"@id\":\"https:\/\/vof-news.eu\/de\/gericht-stellt-verfahren-im-dieselskandal-gegen-winterkorn-vorlaufig-ein\/#primaryimage\"},\"image\":{\"@id\":\"https:\/\/vof-news.eu\/de\/gericht-stellt-verfahren-im-dieselskandal-gegen-winterkorn-vorlaufig-ein\/#primaryimage\"},\"thumbnailUrl\":\"https:\/\/vof-news.eu\/wp-content\/uploads\/2025\/07\/ex-volkswagenchef-winterkorn.webp\",\"datePublished\":\"2025-07-01T14:26:06+00:00\",\"dateModified\":\"2025-07-01T14:26:29+00:00\",\"author\":{\"@id\":\"https:\/\/vof-news.eu\/de\/#\/schema\/person\/f6a2a4309f0561835797fd8c19b333ed\"},\"description\":\"Das Landgericht Braunschweig hat das Strafverfahren zur VW-Dieselaff\u00e4re gegen Ex-Konzernchef Martin Winterkorn wegen seiner andauernden Erkrankung vorl\u00e4ufig eingestellt. Die 16. Strafkammer sieht in der Erkrankung und der daraus folgenden Verhandlungsunf\u00e4higkeit ein \u201evor\u00fcbergehendes Hindernis\u201c. Damit ist offen, ob das Verfahren gegen den fr\u00fcheren Topmanager \u00fcberhaupt beendet werden kann. Die Wirtschaftskammer werde weiterhin fortlaufend mit einem Sachverst\u00e4ndigen pr\u00fcfen, ob Winterkorn wieder verhandlungsf\u00e4hig sei, teilte das Landgericht mit. Sollte dieser Fall eintreten, werde das Verfahren gegen den mittlerweile 78-J\u00e4hrigen fortgesetzt. Der VW-Skandal flog im September 2015 auf, als die US-Umweltbeh\u00f6rde EPA \u00fcber Manipulationen bei Abgastests von Dieselautos informierte. Kurz zuvor hatte VW falsche Testergebnisse einger\u00e4umt. Wenige Tage sp\u00e4ter trat Winterkorn zur\u00fcck, und der Autobauer schlitterte in eine der gr\u00f6\u00dften Krisen der Unternehmensgeschichte.Dem fr\u00fcheren Chef werden im Zusammenhang mit dem Abgasskandal gewerbs- und bandenm\u00e4\u00dfiger Betrug, uneidliche Falschaussage sowie Marktmanipulation vorgeworfen. Winterkorn war von 2007 bis 2015 VW-Chef.2024 startete der Prozess gegen ihn. Dabei widersprach der Angeklagte den Vorw\u00fcrfen gegen sich und sah seine erfolgreiche Karriere durch die Dieselaff\u00e4re besch\u00e4digt. Ein Unfall Winterkorns unterbrach den Prozess nach nur wenigen Tagen.\",\"breadcrumb\":{\"@id\":\"https:\/\/vof-news.eu\/de\/gericht-stellt-verfahren-im-dieselskandal-gegen-winterkorn-vorlaufig-ein\/#breadcrumb\"},\"inLanguage\":\"de\",\"potentialAction\":[{\"@type\":\"ReadAction\",\"target\":[\"https:\/\/vof-news.eu\/de\/gericht-stellt-verfahren-im-dieselskandal-gegen-winterkorn-vorlaufig-ein\/\"]}]},{\"@type\":\"ImageObject\",\"inLanguage\":\"de\",\"@id\":\"https:\/\/vof-news.eu\/de\/gericht-stellt-verfahren-im-dieselskandal-gegen-winterkorn-vorlaufig-ein\/#primaryimage\",\"url\":\"https:\/\/vof-news.eu\/wp-content\/uploads\/2025\/07\/ex-volkswagenchef-winterkorn.webp\",\"contentUrl\":\"https:\/\/vof-news.eu\/wp-content\/uploads\/2025\/07\/ex-volkswagenchef-winterkorn.webp\",\"width\":1200,\"height\":574},{\"@type\":\"BreadcrumbList\",\"@id\":\"https:\/\/vof-news.eu\/de\/gericht-stellt-verfahren-im-dieselskandal-gegen-winterkorn-vorlaufig-ein\/#breadcrumb\",\"itemListElement\":[{\"@type\":\"ListItem\",\"position\":1,\"name\":\"Home\",\"item\":\"https:\/\/vof-news.eu\/de\/\"},{\"@type\":\"ListItem\",\"position\":2,\"name\":\"Gericht stellt Verfahren im Dieselskandal gegen Winterkorn vorl\u00e4ufig ein\"}]},{\"@type\":\"WebSite\",\"@id\":\"https:\/\/vof-news.eu\/de\/#website\",\"url\":\"https:\/\/vof-news.eu\/de\/\",\"name\":\"vof-news.eu\",\"description\":\"\",\"potentialAction\":[{\"@type\":\"SearchAction\",\"target\":{\"@type\":\"EntryPoint\",\"urlTemplate\":\"https:\/\/vof-news.eu\/de\/?s={search_term_string}\"},\"query-input\":\"required name=search_term_string\"}],\"inLanguage\":\"de\"},{\"@type\":\"Person\",\"@id\":\"https:\/\/vof-news.eu\/de\/#\/schema\/person\/f6a2a4309f0561835797fd8c19b333ed\",\"name\":\"Author\",\"image\":{\"@type\":\"ImageObject\",\"inLanguage\":\"de\",\"@id\":\"https:\/\/vof-news.eu\/de\/#\/schema\/person\/image\/\",\"url\":\"https:\/\/secure.gravatar.com\/avatar\/b67e614b1b25b3e9c0c239efdd2fde5ab015b5affd6f1c3c85911ca4b384e790?s=96&d=mm&r=g\",\"contentUrl\":\"https:\/\/secure.gravatar.com\/avatar\/b67e614b1b25b3e9c0c239efdd2fde5ab015b5affd6f1c3c85911ca4b384e790?s=96&d=mm&r=g\",\"caption\":\"Author\"},\"sameAs\":[\"http:\/\/vof-news.eu\"],\"url\":\"https:\/\/vof-news.eu\/de\/author\/zwt6qxnjulxbnyg\/\"}]}<\/script>\n<!-- \/ Yoast SEO plugin. -->","yoast_head_json":{"title":"Gericht stellt Verfahren im Dieselskandal gegen Winterkorn vorl\u00e4ufig ein - vof-news.eu","description":"Das Landgericht Braunschweig hat das Strafverfahren zur VW-Dieselaff\u00e4re gegen Ex-Konzernchef Martin Winterkorn wegen seiner andauernden Erkrankung vorl\u00e4ufig eingestellt. Die 16. Strafkammer sieht in der Erkrankung und der daraus folgenden Verhandlungsunf\u00e4higkeit ein \u201evor\u00fcbergehendes Hindernis\u201c. Damit ist offen, ob das Verfahren gegen den fr\u00fcheren Topmanager \u00fcberhaupt beendet werden kann. Die Wirtschaftskammer werde weiterhin fortlaufend mit einem Sachverst\u00e4ndigen pr\u00fcfen, ob Winterkorn wieder verhandlungsf\u00e4hig sei, teilte das Landgericht mit. Sollte dieser Fall eintreten, werde das Verfahren gegen den mittlerweile 78-J\u00e4hrigen fortgesetzt. Der VW-Skandal flog im September 2015 auf, als die US-Umweltbeh\u00f6rde EPA \u00fcber Manipulationen bei Abgastests von Dieselautos informierte. Kurz zuvor hatte VW falsche Testergebnisse einger\u00e4umt. Wenige Tage sp\u00e4ter trat Winterkorn zur\u00fcck, und der Autobauer schlitterte in eine der gr\u00f6\u00dften Krisen der Unternehmensgeschichte.Dem fr\u00fcheren Chef werden im Zusammenhang mit dem Abgasskandal gewerbs- und bandenm\u00e4\u00dfiger Betrug, uneidliche Falschaussage sowie Marktmanipulation vorgeworfen. Winterkorn war von 2007 bis 2015 VW-Chef.2024 startete der Prozess gegen ihn. Dabei widersprach der Angeklagte den Vorw\u00fcrfen gegen sich und sah seine erfolgreiche Karriere durch die Dieselaff\u00e4re besch\u00e4digt. Ein Unfall Winterkorns unterbrach den Prozess nach nur wenigen Tagen.","robots":{"index":"noindex","follow":"follow","max-snippet":"max-snippet:-1","max-image-preview":"max-image-preview:large","max-video-preview":"max-video-preview:-1"},"og_locale":"de_DE","og_type":"article","og_title":"Gericht stellt Verfahren im Dieselskandal gegen Winterkorn vorl\u00e4ufig ein - vof-news.eu","og_description":"Das Landgericht Braunschweig hat das Strafverfahren zur VW-Dieselaff\u00e4re gegen Ex-Konzernchef Martin Winterkorn wegen seiner andauernden Erkrankung vorl\u00e4ufig eingestellt. Die 16. Strafkammer sieht in der Erkrankung und der daraus folgenden Verhandlungsunf\u00e4higkeit ein \u201evor\u00fcbergehendes Hindernis\u201c. Damit ist offen, ob das Verfahren gegen den fr\u00fcheren Topmanager \u00fcberhaupt beendet werden kann. Die Wirtschaftskammer werde weiterhin fortlaufend mit einem Sachverst\u00e4ndigen pr\u00fcfen, ob Winterkorn wieder verhandlungsf\u00e4hig sei, teilte das Landgericht mit. Sollte dieser Fall eintreten, werde das Verfahren gegen den mittlerweile 78-J\u00e4hrigen fortgesetzt. Der VW-Skandal flog im September 2015 auf, als die US-Umweltbeh\u00f6rde EPA \u00fcber Manipulationen bei Abgastests von Dieselautos informierte. Kurz zuvor hatte VW falsche Testergebnisse einger\u00e4umt. Wenige Tage sp\u00e4ter trat Winterkorn zur\u00fcck, und der Autobauer schlitterte in eine der gr\u00f6\u00dften Krisen der Unternehmensgeschichte.Dem fr\u00fcheren Chef werden im Zusammenhang mit dem Abgasskandal gewerbs- und bandenm\u00e4\u00dfiger Betrug, uneidliche Falschaussage sowie Marktmanipulation vorgeworfen. Winterkorn war von 2007 bis 2015 VW-Chef.2024 startete der Prozess gegen ihn. Dabei widersprach der Angeklagte den Vorw\u00fcrfen gegen sich und sah seine erfolgreiche Karriere durch die Dieselaff\u00e4re besch\u00e4digt. Ein Unfall Winterkorns unterbrach den Prozess nach nur wenigen Tagen.","og_url":"https:\/\/vof-news.eu\/de\/gericht-stellt-verfahren-im-dieselskandal-gegen-winterkorn-vorlaufig-ein\/","og_site_name":"vof-news.eu","article_published_time":"2025-07-01T14:26:06+00:00","article_modified_time":"2025-07-01T14:26:29+00:00","og_image":[{"width":1200,"height":574,"url":"https:\/\/vof-news.eu\/wp-content\/uploads\/2025\/07\/ex-volkswagenchef-winterkorn.webp","type":"image\/webp"}],"author":"Author","twitter_card":"summary_large_image","twitter_misc":{"Verfasst von":"Author","Gesch\u00e4tzte Lesezeit":"1\u00a0Minute"},"schema":{"@context":"https:\/\/schema.org","@graph":[{"@type":"WebPage","@id":"https:\/\/vof-news.eu\/de\/gericht-stellt-verfahren-im-dieselskandal-gegen-winterkorn-vorlaufig-ein\/","url":"https:\/\/vof-news.eu\/de\/gericht-stellt-verfahren-im-dieselskandal-gegen-winterkorn-vorlaufig-ein\/","name":"Gericht stellt Verfahren im Dieselskandal gegen Winterkorn vorl\u00e4ufig ein - vof-news.eu","isPartOf":{"@id":"https:\/\/vof-news.eu\/de\/#website"},"primaryImageOfPage":{"@id":"https:\/\/vof-news.eu\/de\/gericht-stellt-verfahren-im-dieselskandal-gegen-winterkorn-vorlaufig-ein\/#primaryimage"},"image":{"@id":"https:\/\/vof-news.eu\/de\/gericht-stellt-verfahren-im-dieselskandal-gegen-winterkorn-vorlaufig-ein\/#primaryimage"},"thumbnailUrl":"https:\/\/vof-news.eu\/wp-content\/uploads\/2025\/07\/ex-volkswagenchef-winterkorn.webp","datePublished":"2025-07-01T14:26:06+00:00","dateModified":"2025-07-01T14:26:29+00:00","author":{"@id":"https:\/\/vof-news.eu\/de\/#\/schema\/person\/f6a2a4309f0561835797fd8c19b333ed"},"description":"Das Landgericht Braunschweig hat das Strafverfahren zur VW-Dieselaff\u00e4re gegen Ex-Konzernchef Martin Winterkorn wegen seiner andauernden Erkrankung vorl\u00e4ufig eingestellt. Die 16. Strafkammer sieht in der Erkrankung und der daraus folgenden Verhandlungsunf\u00e4higkeit ein \u201evor\u00fcbergehendes Hindernis\u201c. Damit ist offen, ob das Verfahren gegen den fr\u00fcheren Topmanager \u00fcberhaupt beendet werden kann. Die Wirtschaftskammer werde weiterhin fortlaufend mit einem Sachverst\u00e4ndigen pr\u00fcfen, ob Winterkorn wieder verhandlungsf\u00e4hig sei, teilte das Landgericht mit. Sollte dieser Fall eintreten, werde das Verfahren gegen den mittlerweile 78-J\u00e4hrigen fortgesetzt. Der VW-Skandal flog im September 2015 auf, als die US-Umweltbeh\u00f6rde EPA \u00fcber Manipulationen bei Abgastests von Dieselautos informierte. Kurz zuvor hatte VW falsche Testergebnisse einger\u00e4umt. Wenige Tage sp\u00e4ter trat Winterkorn zur\u00fcck, und der Autobauer schlitterte in eine der gr\u00f6\u00dften Krisen der Unternehmensgeschichte.Dem fr\u00fcheren Chef werden im Zusammenhang mit dem Abgasskandal gewerbs- und bandenm\u00e4\u00dfiger Betrug, uneidliche Falschaussage sowie Marktmanipulation vorgeworfen. Winterkorn war von 2007 bis 2015 VW-Chef.2024 startete der Prozess gegen ihn. Dabei widersprach der Angeklagte den Vorw\u00fcrfen gegen sich und sah seine erfolgreiche Karriere durch die Dieselaff\u00e4re besch\u00e4digt. Ein Unfall Winterkorns unterbrach den Prozess nach nur wenigen Tagen.","breadcrumb":{"@id":"https:\/\/vof-news.eu\/de\/gericht-stellt-verfahren-im-dieselskandal-gegen-winterkorn-vorlaufig-ein\/#breadcrumb"},"inLanguage":"de","potentialAction":[{"@type":"ReadAction","target":["https:\/\/vof-news.eu\/de\/gericht-stellt-verfahren-im-dieselskandal-gegen-winterkorn-vorlaufig-ein\/"]}]},{"@type":"ImageObject","inLanguage":"de","@id":"https:\/\/vof-news.eu\/de\/gericht-stellt-verfahren-im-dieselskandal-gegen-winterkorn-vorlaufig-ein\/#primaryimage","url":"https:\/\/vof-news.eu\/wp-content\/uploads\/2025\/07\/ex-volkswagenchef-winterkorn.webp","contentUrl":"https:\/\/vof-news.eu\/wp-content\/uploads\/2025\/07\/ex-volkswagenchef-winterkorn.webp","width":1200,"height":574},{"@type":"BreadcrumbList","@id":"https:\/\/vof-news.eu\/de\/gericht-stellt-verfahren-im-dieselskandal-gegen-winterkorn-vorlaufig-ein\/#breadcrumb","itemListElement":[{"@type":"ListItem","position":1,"name":"Home","item":"https:\/\/vof-news.eu\/de\/"},{"@type":"ListItem","position":2,"name":"Gericht stellt Verfahren im Dieselskandal gegen Winterkorn vorl\u00e4ufig ein"}]},{"@type":"WebSite","@id":"https:\/\/vof-news.eu\/de\/#website","url":"https:\/\/vof-news.eu\/de\/","name":"vof-news.eu","description":"","potentialAction":[{"@type":"SearchAction","target":{"@type":"EntryPoint","urlTemplate":"https:\/\/vof-news.eu\/de\/?s={search_term_string}"},"query-input":"required name=search_term_string"}],"inLanguage":"de"},{"@type":"Person","@id":"https:\/\/vof-news.eu\/de\/#\/schema\/person\/f6a2a4309f0561835797fd8c19b333ed","name":"Author","image":{"@type":"ImageObject","inLanguage":"de","@id":"https:\/\/vof-news.eu\/de\/#\/schema\/person\/image\/","url":"https:\/\/secure.gravatar.com\/avatar\/b67e614b1b25b3e9c0c239efdd2fde5ab015b5affd6f1c3c85911ca4b384e790?s=96&d=mm&r=g","contentUrl":"https:\/\/secure.gravatar.com\/avatar\/b67e614b1b25b3e9c0c239efdd2fde5ab015b5affd6f1c3c85911ca4b384e790?s=96&d=mm&r=g","caption":"Author"},"sameAs":["http:\/\/vof-news.eu"],"url":"https:\/\/vof-news.eu\/de\/author\/zwt6qxnjulxbnyg\/"}]}},"yoast_meta":{"yoast_wpseo_title":"","yoast_wpseo_metadesc":"","yoast_wpseo_canonical":""},"_links":{"self":[{"href":"https:\/\/vof-news.eu\/de\/wp-json\/wp\/v2\/posts\/244772","targetHints":{"allow":["GET"]}}],"collection":[{"href":"https:\/\/vof-news.eu\/de\/wp-json\/wp\/v2\/posts"}],"about":[{"href":"https:\/\/vof-news.eu\/de\/wp-json\/wp\/v2\/types\/post"}],"author":[{"embeddable":true,"href":"https:\/\/vof-news.eu\/de\/wp-json\/wp\/v2\/users\/1"}],"replies":[{"embeddable":true,"href":"https:\/\/vof-news.eu\/de\/wp-json\/wp\/v2\/comments?post=244772"}],"version-history":[{"count":1,"href":"https:\/\/vof-news.eu\/de\/wp-json\/wp\/v2\/posts\/244772\/revisions"}],"predecessor-version":[{"id":244779,"href":"https:\/\/vof-news.eu\/de\/wp-json\/wp\/v2\/posts\/244772\/revisions\/244779"}],"wp:featuredmedia":[{"embeddable":true,"href":"https:\/\/vof-news.eu\/de\/wp-json\/wp\/v2\/media\/244773"}],"wp:attachment":[{"href":"https:\/\/vof-news.eu\/de\/wp-json\/wp\/v2\/media?parent=244772"}],"wp:term":[{"taxonomy":"category","embeddable":true,"href":"https:\/\/vof-news.eu\/de\/wp-json\/wp\/v2\/categories?post=244772"},{"taxonomy":"post_tag","embeddable":true,"href":"https:\/\/vof-news.eu\/de\/wp-json\/wp\/v2\/tags?post=244772"}],"curies":[{"name":"wp","href":"https:\/\/api.w.org\/{rel}","templated":true}]}}